{"id":15,"count":5,"description":"<span style=\"font-weight: 400\">Un espai temps en qu\u00e8 <strong>Laura Romero Valldecabres<\/strong>\u00a0es dedica a l\u2019auscultaci\u00f3 del m\u00f3n radiof\u00f2nic experimental.<\/span>","link":"https:\/\/lescincllunes.apuntmedia.es\/index.php\/category\/fora-dorbita\/lestetoscopi\/","name":"L'Estetoscopi","slug":"lestetoscopi","taxonomy":"category","parent":9,"meta":[],"yoast_head":"<!-- This site is optimized with the Yoast SEO plugin v15.9 - https:\/\/yoast.com\/wordpress\/plugins\/seo\/ -->\n<title>Arxius de L&#039;Estetoscopi - Les cinc llunes<\/title>\n<meta name=\"robots\" content=\"index, follow, max-snippet:-1, max-image-preview:large, max-video-preview:-1\" \/>\n<link rel=\"canonical\" href=\"https:\/\/lescincllunes.apuntmedia.es\/index.php\/category\/fora-dorbita\/lestetoscopi\/\" \/>\n<meta property=\"og:locale\" content=\"ca_ES\" \/>\n<meta property=\"og:type\" content=\"article\" \/>\n<meta property=\"og:title\" content=\"Arxius de L&#039;Estetoscopi - Les cinc llunes\" \/>\n<meta property=\"og:description\" content=\"Un espai temps en qu\u00e8 Laura Romero Valldecabres\u00a0es dedica a l\u2019auscultaci\u00f3 del m\u00f3n radiof\u00f2nic experimental.\" \/>\n<meta property=\"og:url\" content=\"https:\/\/lescincllunes.apuntmedia.es\/index.php\/category\/fora-dorbita\/lestetoscopi\/\" \/>\n<meta property=\"og:site_name\" content=\"Les cinc llunes\" \/>\n<meta name=\"twitter:card\" content=\"summary_large_image\" \/>\n<meta name=\"twitter:site\" content=\"@lescincllunes\" \/>\n<script type=\"application\/ld+json\" class=\"yoast-schema-graph\">{\"@context\":\"https:\/\/schema.org\",\"@graph\":[{\"@type\":\"WebSite\",\"@id\":\"https:\/\/lescincllunes.apuntmedia.es\/#website\",\"url\":\"https:\/\/lescincllunes.apuntmedia.es\/\",\"name\":\"Les cinc llunes\",\"description\":\"Un podcast de cultura radial\",\"potentialAction\":[{\"@type\":\"SearchAction\",\"target\":\"https:\/\/lescincllunes.apuntmedia.es\/?s={search_term_string}\",\"query-input\":\"required name=search_term_string\"}],\"inLanguage\":\"ca\"},{\"@type\":\"CollectionPage\",\"@id\":\"https:\/\/lescincllunes.apuntmedia.es\/index.php\/category\/fora-dorbita\/lestetoscopi\/#webpage\",\"url\":\"https:\/\/lescincllunes.apuntmedia.es\/index.php\/category\/fora-dorbita\/lestetoscopi\/\",\"name\":\"Arxius de L'Estetoscopi - Les cinc llunes\",\"isPartOf\":{\"@id\":\"https:\/\/lescincllunes.apuntmedia.es\/#website\"},\"breadcrumb\":{\"@id\":\"https:\/\/lescincllunes.apuntmedia.es\/index.php\/category\/fora-dorbita\/lestetoscopi\/#breadcrumb\"},\"inLanguage\":\"ca\",\"potentialAction\":[{\"@type\":\"ReadAction\",\"target\":[\"https:\/\/lescincllunes.apuntmedia.es\/index.php\/category\/fora-dorbita\/lestetoscopi\/\"]}]},{\"@type\":\"BreadcrumbList\",\"@id\":\"https:\/\/lescincllunes.apuntmedia.es\/index.php\/category\/fora-dorbita\/lestetoscopi\/#breadcrumb\",\"itemListElement\":[{\"@type\":\"ListItem\",\"position\":1,\"item\":{\"@type\":\"WebPage\",\"@id\":\"https:\/\/lescincllunes.apuntmedia.es\/\",\"url\":\"https:\/\/lescincllunes.apuntmedia.es\/\",\"name\":\"Inici\"}},{\"@type\":\"ListItem\",\"position\":2,\"item\":{\"@type\":\"WebPage\",\"@id\":\"https:\/\/lescincllunes.apuntmedia.es\/index.php\/category\/fora-dorbita\/\",\"url\":\"https:\/\/lescincllunes.apuntmedia.es\/index.php\/category\/fora-dorbita\/\",\"name\":\"Fora d'\\u00f2rbita\"}},{\"@type\":\"ListItem\",\"position\":3,\"item\":{\"@type\":\"WebPage\",\"@id\":\"https:\/\/lescincllunes.apuntmedia.es\/index.php\/category\/fora-dorbita\/lestetoscopi\/\",\"url\":\"https:\/\/lescincllunes.apuntmedia.es\/index.php\/category\/fora-dorbita\/lestetoscopi\/\",\"name\":\"L'Estetoscopi\"}}]}]}<\/script>\n<!-- \/ Yoast SEO plugin. -->","_links":{"self":[{"href":"https:\/\/lescincllunes.apuntmedia.es\/index.php\/wp-json\/wp\/v2\/categories\/15","targetHints":{"allow":["GET"]}}],"collection":[{"href":"https:\/\/lescincllunes.apuntmedia.es\/index.php\/wp-json\/wp\/v2\/categories"}],"about":[{"href":"https:\/\/lescincllunes.apuntmedia.es\/index.php\/wp-json\/wp\/v2\/taxonomies\/category"}],"up":[{"embeddable":true,"href":"https:\/\/lescincllunes.apuntmedia.es\/index.php\/wp-json\/wp\/v2\/categories\/9"}],"wp:post_type":[{"href":"https:\/\/lescincllunes.apuntmedia.es\/index.php\/wp-json\/wp\/v2\/posts?categories=15"}],"curies":[{"name":"wp","href":"https:\/\/api.w.org\/{rel}","templated":true}]}}