{"id":1351,"date":"2021-09-01T23:00:00","date_gmt":"2021-09-01T21:00:00","guid":{"rendered":"https:\/\/lescincllunes.apuntmedia.es\/?p=1351"},"modified":"2021-09-02T03:01:45","modified_gmt":"2021-09-02T01:01:45","slug":"arden-produccions","status":"publish","type":"post","link":"https:\/\/lescincllunes.apuntmedia.es\/index.php\/2021\/09\/01\/arden-produccions\/","title":{"rendered":"Arden Produccions"},"content":{"rendered":"\n<p>Lluna de teatre. Coincidint amb el 25\u00e9 aniversari de la companyia, <strong>Arden Producciones<\/strong> va recuperar el passat mes de febrer la seua obra<em> 7 Reinas<\/em>, una proposta d\u2019investigaci\u00f3 on set actors interpreten set dones que van regnar al m\u00f3n en els seus dies.&nbsp;Assistim a un assaig general a la <strong>Sala Russafa<\/strong>, un centre cultural que \u00e9s molt m\u00e9s que un teatre a l\u2019\u00fas i que est\u00e0 obert a tota classe&nbsp; d\u2019iniciatives.<\/p>\n\n\n\n<div style=\"max-width: 960px;\"><video-js data-account=\"6057955885001\" data-player=\"kxOJQ6zBrc\" data-embed=\"default\" controls=\"\" data-video-id=\"1697824182678514016\" data-playlist-id=\"\" data-application-id=\"\" class=\"vjs-fluid\"><\/video-js><\/div><script src=\"https:\/\/players.brightcove.net\/6057955885001\/kxOJQ6zBrc_default\/index.min.js\"><\/script>\n","protected":false},"excerpt":{"rendered":"<p>Lluna de teatre. Coincidint amb el 25\u00e9 aniversari de la companyia, Arden Producciones recupera la seua obra 7 Reinas, una proposta d\u2019investigaci\u00f3 on set actors interpreten set dones que van regnar al m\u00f3n en els seus dies. Assistim a un assaig general a la Sala Russafa, un centre cultural que \u00e9s molt m\u00e9s que un teatre a l\u2019\u00fas i que est\u00e0 obert a tota classe  d\u2019iniciatives.<\/p>\n","protected":false},"author":1,"featured_media":0,"comment_status":"closed","ping_status":"closed","sticky":false,"template":"","format":"standard","meta":{"footnotes":""},"categories":[23,6],"tags":[],"class_list":["post-1351","post","type-post","status-publish","format-standard","hentry","category-redaccio-teatre","category-teatre"],"yoast_head":"<!-- This site is optimized with the Yoast SEO plugin v15.9 - https:\/\/yoast.com\/wordpress\/plugins\/seo\/ -->\n<title>Arden Produccions - Les cinc llunes<\/title>\n<meta name=\"robots\" content=\"index, follow, max-snippet:-1, max-image-preview:large, max-video-preview:-1\" \/>\n<link rel=\"canonical\" href=\"https:\/\/lescincllunes.apuntmedia.es\/index.php\/2021\/09\/01\/arden-produccions\/\" \/>\n<meta property=\"og:locale\" content=\"ca_ES\" \/>\n<meta property=\"og:type\" content=\"article\" \/>\n<meta property=\"og:title\" content=\"Arden Produccions - Les cinc llunes\" \/>\n<meta property=\"og:description\" content=\"Lluna de teatre. Coincidint amb el 25\u00e9 aniversari de la companyia, Arden Producciones recupera la seua obra 7 Reinas, una proposta d\u2019investigaci\u00f3 on set actors interpreten set dones que van regnar al m\u00f3n en els seus dies. Assistim a un assaig general a la Sala Russafa, un centre cultural que \u00e9s molt m\u00e9s que un teatre a l\u2019\u00fas i que est\u00e0 obert a tota classe d\u2019iniciatives.\" \/>\n<meta property=\"og:url\" content=\"https:\/\/lescincllunes.apuntmedia.es\/index.php\/2021\/09\/01\/arden-produccions\/\" \/>\n<meta property=\"og:site_name\" content=\"Les cinc llunes\" \/>\n<meta property=\"article:publisher\" content=\"https:\/\/www.facebook.com\/lescincllunes\" \/>\n<meta property=\"article:published_time\" content=\"2021-09-01T21:00:00+00:00\" \/>\n<meta property=\"article:modified_time\" content=\"2021-09-02T01:01:45+00:00\" \/>\n<meta name=\"twitter:card\" content=\"summary_large_image\" \/>\n<meta name=\"twitter:creator\" content=\"@lescincllunes\" \/>\n<meta name=\"twitter:site\" content=\"@lescincllunes\" \/>\n<meta name=\"twitter:label1\" content=\"Temps estimat de lectura\">\n\t<meta name=\"twitter:data1\" content=\"1 minut\">\n<script type=\"application\/ld+json\" class=\"yoast-schema-graph\">{\"@context\":\"https:\/\/schema.org\",\"@graph\":[{\"@type\":\"WebSite\",\"@id\":\"https:\/\/lescincllunes.apuntmedia.es\/#website\",\"url\":\"https:\/\/lescincllunes.apuntmedia.es\/\",\"name\":\"Les cinc llunes\",\"description\":\"Un podcast de cultura radial\",\"potentialAction\":[{\"@type\":\"SearchAction\",\"target\":\"https:\/\/lescincllunes.apuntmedia.es\/?s={search_term_string}\",\"query-input\":\"required name=search_term_string\"}],\"inLanguage\":\"ca\"},{\"@type\":\"WebPage\",\"@id\":\"https:\/\/lescincllunes.apuntmedia.es\/index.php\/2021\/09\/01\/arden-produccions\/#webpage\",\"url\":\"https:\/\/lescincllunes.apuntmedia.es\/index.php\/2021\/09\/01\/arden-produccions\/\",\"name\":\"Arden Produccions - Les cinc llunes\",\"isPartOf\":{\"@id\":\"https:\/\/lescincllunes.apuntmedia.es\/#website\"},\"datePublished\":\"2021-09-01T21:00:00+00:00\",\"dateModified\":\"2021-09-02T01:01:45+00:00\",\"author\":{\"@id\":\"https:\/\/lescincllunes.apuntmedia.es\/#\/schema\/person\/f8e959baa4607fac92352114336d23bd\"},\"breadcrumb\":{\"@id\":\"https:\/\/lescincllunes.apuntmedia.es\/index.php\/2021\/09\/01\/arden-produccions\/#breadcrumb\"},\"inLanguage\":\"ca\",\"potentialAction\":[{\"@type\":\"ReadAction\",\"target\":[\"https:\/\/lescincllunes.apuntmedia.es\/index.php\/2021\/09\/01\/arden-produccions\/\"]}]},{\"@type\":\"BreadcrumbList\",\"@id\":\"https:\/\/lescincllunes.apuntmedia.es\/index.php\/2021\/09\/01\/arden-produccions\/#breadcrumb\",\"itemListElement\":[{\"@type\":\"ListItem\",\"position\":1,\"item\":{\"@type\":\"WebPage\",\"@id\":\"https:\/\/lescincllunes.apuntmedia.es\/\",\"url\":\"https:\/\/lescincllunes.apuntmedia.es\/\",\"name\":\"Inici\"}},{\"@type\":\"ListItem\",\"position\":2,\"item\":{\"@type\":\"WebPage\",\"@id\":\"https:\/\/lescincllunes.apuntmedia.es\/index.php\/2021\/09\/01\/arden-produccions\/\",\"url\":\"https:\/\/lescincllunes.apuntmedia.es\/index.php\/2021\/09\/01\/arden-produccions\/\",\"name\":\"Arden Produccions\"}}]},{\"@type\":\"Person\",\"@id\":\"https:\/\/lescincllunes.apuntmedia.es\/#\/schema\/person\/f8e959baa4607fac92352114336d23bd\",\"name\":\"admin\",\"image\":{\"@type\":\"ImageObject\",\"@id\":\"https:\/\/lescincllunes.apuntmedia.es\/#personlogo\",\"inLanguage\":\"ca\",\"url\":\"https:\/\/secure.gravatar.com\/avatar\/dcd85d3d685af586f211eb122e24b51bd5be615b2e57181f1910a74104899533?s=96&d=mm&r=g\",\"caption\":\"admin\"},\"sameAs\":[\"https:\/\/lescincllunes.apuntmedia.es\"]}]}<\/script>\n<!-- \/ Yoast SEO plugin. -->","_links":{"self":[{"href":"https:\/\/lescincllunes.apuntmedia.es\/index.php\/wp-json\/wp\/v2\/posts\/1351","targetHints":{"allow":["GET"]}}],"collection":[{"href":"https:\/\/lescincllunes.apuntmedia.es\/index.php\/wp-json\/wp\/v2\/posts"}],"about":[{"href":"https:\/\/lescincllunes.apuntmedia.es\/index.php\/wp-json\/wp\/v2\/types\/post"}],"author":[{"embeddable":true,"href":"https:\/\/lescincllunes.apuntmedia.es\/index.php\/wp-json\/wp\/v2\/users\/1"}],"replies":[{"embeddable":true,"href":"https:\/\/lescincllunes.apuntmedia.es\/index.php\/wp-json\/wp\/v2\/comments?post=1351"}],"version-history":[{"count":5,"href":"https:\/\/lescincllunes.apuntmedia.es\/index.php\/wp-json\/wp\/v2\/posts\/1351\/revisions"}],"predecessor-version":[{"id":2940,"href":"https:\/\/lescincllunes.apuntmedia.es\/index.php\/wp-json\/wp\/v2\/posts\/1351\/revisions\/2940"}],"wp:attachment":[{"href":"https:\/\/lescincllunes.apuntmedia.es\/index.php\/wp-json\/wp\/v2\/media?parent=1351"}],"wp:term":[{"taxonomy":"category","embeddable":true,"href":"https:\/\/lescincllunes.apuntmedia.es\/index.php\/wp-json\/wp\/v2\/categories?post=1351"},{"taxonomy":"post_tag","embeddable":true,"href":"https:\/\/lescincllunes.apuntmedia.es\/index.php\/wp-json\/wp\/v2\/tags?post=1351"}],"curies":[{"name":"wp","href":"https:\/\/api.w.org\/{rel}","templated":true}]}}