{"id":191,"date":"2021-08-05T21:00:38","date_gmt":"2021-08-05T19:00:38","guid":{"rendered":"https:\/\/lescincllunes.apuntmedia.es\/?p=191"},"modified":"2021-08-05T21:53:03","modified_gmt":"2021-08-05T19:53:03","slug":"capitol-4-ananda","status":"publish","type":"post","link":"https:\/\/lescincllunes.apuntmedia.es\/index.php\/2021\/08\/05\/capitol-4-ananda\/","title":{"rendered":"Cap\u00edtol 4 &#8211; Ananda Dansa"},"content":{"rendered":"\n<div style=\"max-width: 960px;\"><video-js data-account=\"6057955885001\" data-player=\"kxOJQ6zBrc\" data-embed=\"default\" controls=\"\" data-video-id=\"1693297704386370906\" data-playlist-id=\"\" data-application-id=\"\" class=\"vjs-fluid\"><\/video-js><\/div>\n\n\n\n<p><\/p>\n\n\n\n<div id=\"block-5b051758-0f49-46a2-8eb4-45d0b852152c\" class=\"wp-block-image\"><figure class=\"aligncenter size-full\"><img fetchpriority=\"high\" decoding=\"async\" width=\"1000\" height=\"151\" src=\"https:\/\/lescincllunes.apuntmedia.es\/wp-content\/uploads\/2021\/03\/BannerDANSA.jpg\" alt=\"\" class=\"wp-image-44\" srcset=\"https:\/\/lescincllunes.apuntmedia.es\/wp-content\/uploads\/2021\/03\/BannerDANSA.jpg 1000w, https:\/\/lescincllunes.apuntmedia.es\/wp-content\/uploads\/2021\/03\/BannerDANSA-300x45.jpg 300w, https:\/\/lescincllunes.apuntmedia.es\/wp-content\/uploads\/2021\/03\/BannerDANSA-768x116.jpg 768w\" sizes=\"(max-width: 1000px) 100vw, 1000px\" \/><\/figure><\/div>\n\n\n\n<p id=\"block-dd1a99b8-70c2-41aa-b85c-c3c09c2e39ec\">Un dinar de Nadal al voltant d\u2019una taula ben gran. A les prestatgeries un grapat de premis importants. La <strong>iaia Ros\u00e0ngels <\/strong>seu com a cap de taula. Ella va ser ballarina, core\u00f2grafa i directora, ara est\u00e0 a punt de gaudir d\u2019una merescuda jubilaci\u00f3. Al seu costat est\u00e0 el <strong>tiet Edison<\/strong>, el seu germ\u00e0, amb qui va crear la companyia all\u00e0 per l\u2019any 1981. A l\u2019altre costat trobem el <strong>iaio Rodolf<\/strong>. Qu\u00e8 podem dir del iaio? Els cosins sempre conten que Rodolf apareix al seu llibre de Literatura de l\u2019institut. A la vora de Rodolf sempre seia el <strong>tiet Josep Llu\u00eds<\/strong>, el seu germ\u00e0, que malauradament ens va deixar fa algun Nadal. I un poc m\u00e9s enll\u00e0 pren caf\u00e9 <strong>Pep Llopis<\/strong>, un amic de la fam\u00edlia, d\u2019aquells de tota la vida.<\/p>\n\n\n\n<p id=\"block-21e161f9-08ff-4720-84af-3ec23044a682\">La mare, <strong>Rebeca<\/strong>, \u00e9s una coneguda actriu, cantant i ballarina. El pare, <strong>Nacho<\/strong>, tamb\u00e9 \u00e9s actor, per\u00f2 sobretot \u00e9s mag. I enmig dels dos trobem la xicoteta <strong>Alma<\/strong>. Filla de Rebeca i de Nacho. Neta de Ros\u00e0ngels i de Rodolf. Neboda d\u2019Edison i de Josep Llu\u00eds. Hereva, sense saber-ho encara, d\u2019una tradici\u00f3 familiar art\u00edstica i cultural incalculable.<\/p>\n\n\n\n<div id=\"block-4f44e864-043a-4a7e-8d05-6b48dc8a0cb5\" class=\"wp-block-image\"><figure class=\"aligncenter size-full\"><img decoding=\"async\" width=\"948\" height=\"619\" src=\"https:\/\/lescincllunes.apuntmedia.es\/wp-content\/uploads\/2021\/03\/aRBRE.png\" alt=\"\" class=\"wp-image-37\" srcset=\"https:\/\/lescincllunes.apuntmedia.es\/wp-content\/uploads\/2021\/03\/aRBRE.png 948w, https:\/\/lescincllunes.apuntmedia.es\/wp-content\/uploads\/2021\/03\/aRBRE-300x196.png 300w, https:\/\/lescincllunes.apuntmedia.es\/wp-content\/uploads\/2021\/03\/aRBRE-768x501.png 768w\" sizes=\"(max-width: 948px) 100vw, 948px\" \/><\/figure><\/div>\n\n\n\n<p id=\"block-c190e12d-abd4-4824-bf95-c1d498f5731b\">En la lluna plena de dansa fem una emotiva entrevista coral amb bona part de la <strong>fam\u00edlia Valls Sirera<\/strong>, una fam\u00edlia farcida de talent art\u00edstic, els integrants de la qual han transitat i transiten per la superf\u00edcie de bona part de les nostres llunes: la lluna de dansa, la de teatre, la de m\u00fasica, l\u2019audiovisual i una altra molt especial, la lluna de m\u00e0gia.<\/p>\n\n\n\n<figure class=\"wp-block-embed aligncenter is-type-video is-provider-youtube wp-block-embed-youtube wp-embed-aspect-16-9 wp-has-aspect-ratio\"><div class=\"wp-block-embed__wrapper\">\n<iframe title=\"&#039;\u00c2tman, El Comiat&#039; de Ananda Dansa en los Teatros del Canal\" width=\"750\" height=\"422\" src=\"https:\/\/www.youtube.com\/embed\/Ivt9mUjyjeo?feature=oembed\" frameborder=\"0\" allow=\"accelerometer; autoplay; clipboard-write; encrypted-media; gyroscope; picture-in-picture\" allowfullscreen><\/iframe>\n<\/div><\/figure>\n\n\n\n<p><\/p>\n\n\n\n<p>Comencem pel final, perqu\u00e8 <strong><em>\u00c2tman<\/em><\/strong><em> <\/em>(que significa \u00e0nima, o <em>alma<\/em>, en s\u00e0nscrit) \u00e9s l\u2019espectacle de comiat d\u2019<strong>Ananda Dansa<\/strong>, la companyia clau per a entendre la hist\u00f2ria recent de la dansa valenciana que van crear <strong>Ros\u00e0ngels Valls<\/strong> i <strong>Edison Valls<\/strong> fa quaranta anys. Com no podia ser d\u2019una altra manera, <strong>Pep Llopis<\/strong> hi torna a posar la m\u00fasica i <strong>Rebeca Valls<\/strong> protagonitza l\u2019obra. De nou, tot queda a casa.<\/p>\n\n\n\n<p>L\u2019obra significa un punt i final a una carrera de quatre d\u00e8cades i m\u00e9s d\u2019una vintena d\u2019espectacles amb diverses reposicions de les obres m\u00e9s aclamades, adaptacions i guions originals.<\/p>\n\n\n\n<div class=\"wp-block-image\"><figure class=\"aligncenter size-full\"><img decoding=\"async\" width=\"1024\" height=\"752\" src=\"https:\/\/lescincllunes.apuntmedia.es\/wp-content\/uploads\/2021\/03\/AnandaTrajectoria-1024x752-1.jpg\" alt=\"\" class=\"wp-image-35\" srcset=\"https:\/\/lescincllunes.apuntmedia.es\/wp-content\/uploads\/2021\/03\/AnandaTrajectoria-1024x752-1.jpg 1024w, https:\/\/lescincllunes.apuntmedia.es\/wp-content\/uploads\/2021\/03\/AnandaTrajectoria-1024x752-1-300x220.jpg 300w, https:\/\/lescincllunes.apuntmedia.es\/wp-content\/uploads\/2021\/03\/AnandaTrajectoria-1024x752-1-768x564.jpg 768w\" sizes=\"(max-width: 1024px) 100vw, 1024px\" \/><\/figure><\/div>\n\n\n\n<p>Un dels primers espectacles reeixits de la companyia fou <strong><em>Cr\u00f3nica Civil (V-36\/9)<\/em><\/strong>, una reflexi\u00f3 sobre la viol\u00e8ncia protagonitzada per uns xiquets que juguen mentre viuen l\u2019absurd de la Guerra Civil a Val\u00e8ncia. Coprodu\u00efda pel <strong>Centre Dram\u00e0tic de la Generalitat Valenciana<\/strong> l\u2019any 1986, no va rec\u00f3rrer nom\u00e9s els festivals i circuits espanyols, tamb\u00e9 fou representada en diversos pa\u00efsos europeus i americans com Fran\u00e7a, Alemanya, Col\u00f2mbia, It\u00e0lia, Noruega, o Vene\u00e7uela, entre d\u2019altres. Veiem els moments inicials acompanyats d\u2019uns cr\u00e8dits rudimentaris, propis dels anys 80, on apareixen l\u2019equip t\u00e8cnic i art\u00edstic d\u2019aquella obra.<\/p>\n\n\n\n<iframe width=\"1000\" height=\"400\" src=\"https:\/\/www.youtube.com\/embed\/jSJkoPP84N4?start=1&amp;end=165\" frameborder=\"0\" allow=\"accelerometer; autoplay; clipboard-write; encrypted-media; gyroscope; picture-in-picture\" allowfullscreen=\"\"><\/iframe>\n\n\n\n<p><\/p>\n\n\n\n<p>Una altra obra mereixedora del Premi Max i de les Arts Esc\u00e8niques de la Generalitat Valenciana va ser <strong><em>A ojos cerrados<\/em><\/strong>, de l\u2019any 2003, que va comptar amb textos de <strong>Rodolf Sirera<\/strong> i <strong>Antonia San Juan<\/strong> a partir d\u2019un conte de <strong>Dorothy Parker<\/strong>. Un espectacle ir\u00f2nic i divertit que tracta el tema del sexe, la sensualitat i l\u2019erotisme, element central de l\u2019hipn\u00f2tic p\u00e8ndol gegant sobre el qual els artistes realitzaven els seus moviments.<\/p>\n\n\n\n<iframe width=\"1000\" height=\"400\" src=\"https:\/\/www.youtube.com\/embed\/mHUd4zMLSf4?start=1&amp;end=71\" frameborder=\"0\" allow=\"accelerometer; autoplay; clipboard-write; encrypted-media; gyroscope; picture-in-picture\" allowfullscreen=\"\"><\/iframe>\n\n\n\n<p><\/p>\n\n\n\n<p>Referents de la dansa valenciana i espanyola, els germans <strong>Valls<\/strong> han rebut importants premis a la seua traject\u00f2ria art\u00edstica com el <strong>Premio Nacional de Danza<\/strong> del Ministeri de Cultura l\u2019any 2006 o recentment la <strong>Medalla d\u2019Honor del Consell Valenci\u00e0 de Cultura<\/strong>.<\/p>\n\n\n\n<div class=\"wp-block-image\"><figure class=\"aligncenter size-full\"><img loading=\"lazy\" decoding=\"async\" width=\"1024\" height=\"683\" src=\"https:\/\/lescincllunes.apuntmedia.es\/wp-content\/uploads\/2021\/03\/MedallaCVCaAnandaDansaEvaRipoll01_forCrop-1024x683-1.jpg\" alt=\"\" class=\"wp-image-119\" srcset=\"https:\/\/lescincllunes.apuntmedia.es\/wp-content\/uploads\/2021\/03\/MedallaCVCaAnandaDansaEvaRipoll01_forCrop-1024x683-1.jpg 1024w, https:\/\/lescincllunes.apuntmedia.es\/wp-content\/uploads\/2021\/03\/MedallaCVCaAnandaDansaEvaRipoll01_forCrop-1024x683-1-300x200.jpg 300w, https:\/\/lescincllunes.apuntmedia.es\/wp-content\/uploads\/2021\/03\/MedallaCVCaAnandaDansaEvaRipoll01_forCrop-1024x683-1-768x512.jpg 768w\" sizes=\"(max-width: 1024px) 100vw, 1024px\" \/><\/figure><\/div>\n\n\n\n<p>A l\u2019eixida de l\u2019estudi de <em>Les cinc llunes<\/em>, <strong>Ros\u00e0ngels<\/strong> ens fa una valoraci\u00f3 breu de la seua carrera de creaci\u00f3 i el que ha significat per a ella.<\/p>\n\n\n\n<div style=\"max-width: 960px;\"><video-js data-account=\"6057955885001\" data-player=\"kxOJQ6zBrc\" data-embed=\"default\" controls=\"\" data-video-id=\"1693758985504368622\" data-playlist-id=\"\" data-application-id=\"\" class=\"vjs-fluid\"><\/video-js><\/div>\n\n\n\n<p><\/p>\n\n\n\n<p><strong><strong>Rodolf Sirera<\/strong><\/strong>, dramaturg, escriptor i guionista, \u00e9s possiblement una de les figures intel\u00b7lectuals i culturals valencianes m\u00e9s importants dels nostres temps. Autor d\u2019obres de teatre com <em>Raccord<\/em> o <em>El ver\u00ed del teatre<\/em> entre altres, <strong>Rodolf<\/strong> ens explica com ha sigut conviure amb tant d\u2019art en la mateixa casa.<\/p>\n\n\n\n<div style=\"max-width: 960px;\"><video-js data-account=\"6057955885001\" data-player=\"kxOJQ6zBrc\" data-embed=\"default\" controls=\"\" data-video-id=\"1693759127370439065\" data-playlist-id=\"\" data-application-id=\"\" class=\"vjs-fluid\"><\/video-js><\/div>\n\n\n\n<p><\/p>\n\n\n\n<p><strong><strong>Pep Llopis<\/strong><\/strong> fou pioner de la m\u00fasica d\u2019avantguarda i autor de gaireb\u00e9 totes les m\u00fasiques d\u2019Ananda Dansa. Una de les m\u00e9s aclamades fou <em>PINOXXIO<\/em>, la versi\u00f3 contempor\u00e0nia del conte de Carlo Collodi en format dansa-teatre. Ac\u00ed teniu un fragment de la seua m\u00fasica, interpretada per l\u2019<strong><strong>orquestra Venum<\/strong><\/strong> en els <strong><strong>Teatros del Canal<\/strong>.<\/strong><\/p>\n\n\n\n<figure class=\"wp-block-embed aligncenter is-type-video is-provider-youtube wp-block-embed-youtube wp-embed-aspect-16-9 wp-has-aspect-ratio\"><div class=\"wp-block-embed__wrapper\">\n<iframe title=\"Pinoxxio M\u00fasica de Pep Llopis para Ananda Dansa (1)\" width=\"750\" height=\"422\" src=\"https:\/\/www.youtube.com\/embed\/QEJHJiPURM4?feature=oembed\" frameborder=\"0\" allow=\"accelerometer; autoplay; clipboard-write; encrypted-media; gyroscope; picture-in-picture\" allowfullscreen><\/iframe>\n<\/div><\/figure>\n\n\n\n<p><\/p>\n\n\n\n<p><strong>Llopis<\/strong> ens explica com ha sigut treballar, colze a colze, amb <strong>Ros\u00e0ngels<\/strong> i <strong>Edison<\/strong>, i el proc\u00e9s de creaci\u00f3 musical a partir d\u2019una obra esc\u00e8nica ja creada.<\/p>\n\n\n\n<div style=\"max-width: 960px;\"><video-js data-account=\"6057955885001\" data-player=\"kxOJQ6zBrc\" data-embed=\"default\" controls=\"\" data-video-id=\"1693759126136343041\" data-playlist-id=\"\" data-application-id=\"\" class=\"vjs-fluid\"><\/video-js><\/div><script src=\"https:\/\/players.brightcove.net\/6057955885001\/kxOJQ6zBrc_default\/index.min.js\"><\/script>\n\n\n\n<p><\/p>\n\n\n\n<p>La dansa \u00e9s una disciplina en la qual es poden combinar propostes de tota mena. Des de les m\u00e9s avantguardistes fins a les m\u00e9s tradicionals en una barreja de formes que pot donar lloc a resultats sorprenents. En <em>\u00c2tman, el comiat<\/em> m\u00fasica i coreografia van de la m\u00e0 al llarg de l\u2019obra, que compta fins i tot amb la interpretaci\u00f3 en directe d\u2019un dels cants valencians m\u00e9s tradicionals, l\u2019<em>U de Batre<\/em>.<\/p>\n\n\n\n<div class=\"wp-block-image\"><figure class=\"aligncenter size-full\"><img loading=\"lazy\" decoding=\"async\" width=\"768\" height=\"489\" src=\"https:\/\/lescincllunes.apuntmedia.es\/wp-content\/uploads\/2021\/03\/JonatanPenalba-AutorXimoBueno_NoticiaAmpliada.jpg\" alt=\"\" class=\"wp-image-1026\" srcset=\"https:\/\/lescincllunes.apuntmedia.es\/wp-content\/uploads\/2021\/03\/JonatanPenalba-AutorXimoBueno_NoticiaAmpliada.jpg 768w, https:\/\/lescincllunes.apuntmedia.es\/wp-content\/uploads\/2021\/03\/JonatanPenalba-AutorXimoBueno_NoticiaAmpliada-300x191.jpg 300w\" sizes=\"(max-width: 768px) 100vw, 768px\" \/><\/figure><\/div>\n\n\n\n<p>El <em>cantaor <\/em>de l\u2019Alc\u00fadia, <strong>Jonatan Penalba<\/strong> posa veu a una composici\u00f3 creada per <strong>Pep Llopis<\/strong> i que interpreta l\u2019<strong>Orquestra de la Comunitat Valenciana<\/strong>. El resultat \u00e9s una combinaci\u00f3 m\u00e0gica de tradici\u00f3 i avantguarda que serveix de banda sonora a l\u2019\u00faltima proposta esc\u00e8nica de la companyia.<\/p>\n\n\n\n<figure class=\"wp-block-audio aligncenter\"><audio controls src=\"https:\/\/lescincllunes.apuntmedia.es\/wp-content\/uploads\/2021\/03\/AA_Penalba.mp3\"><\/audio><\/figure>\n\n\n\n<p><\/p>\n\n\n\n<div class=\"wp-block-image\"><figure class=\"aligncenter size-full\"><img loading=\"lazy\" decoding=\"async\" width=\"1000\" height=\"151\" src=\"https:\/\/lescincllunes.apuntmedia.es\/wp-content\/uploads\/2021\/03\/BannerCIRC.jpg\" alt=\"\" class=\"wp-image-43\" srcset=\"https:\/\/lescincllunes.apuntmedia.es\/wp-content\/uploads\/2021\/03\/BannerCIRC.jpg 1000w, https:\/\/lescincllunes.apuntmedia.es\/wp-content\/uploads\/2021\/03\/BannerCIRC-300x45.jpg 300w, https:\/\/lescincllunes.apuntmedia.es\/wp-content\/uploads\/2021\/03\/BannerCIRC-768x116.jpg 768w\" sizes=\"(max-width: 1000px) 100vw, 1000px\" \/><\/figure><\/div>\n\n\n\n<p><strong><strong>Gonzalo Santamaria<\/strong><\/strong> \u00e9s un dels pioners del circ a la Comunitat Valenciana. Junt amb un grup d\u2019amants de la disciplina circense van crear a Val\u00e8ncia l\u2019<strong>Associaci\u00f3 Valenciana del Circ<\/strong>, una entitat que deu anys despr\u00e9s agrupa centenars de persones, professionals i aficionats entorn d\u2019aquest art.<\/p>\n\n\n\n<div class=\"wp-block-image\"><figure class=\"aligncenter size-full\"><img loading=\"lazy\" decoding=\"async\" width=\"1000\" height=\"444\" src=\"https:\/\/lescincllunes.apuntmedia.es\/wp-content\/uploads\/2021\/03\/OK.jpg\" alt=\"\" class=\"wp-image-125\" srcset=\"https:\/\/lescincllunes.apuntmedia.es\/wp-content\/uploads\/2021\/03\/OK.jpg 1000w, https:\/\/lescincllunes.apuntmedia.es\/wp-content\/uploads\/2021\/03\/OK-300x133.jpg 300w, https:\/\/lescincllunes.apuntmedia.es\/wp-content\/uploads\/2021\/03\/OK-768x341.jpg 768w\" sizes=\"(max-width: 1000px) 100vw, 1000px\" \/><\/figure><\/div>\n\n\n\n<p><strong>Santamaria<\/strong> es defineix com un <em>showman <\/em>que intenta connectar amb el p\u00fablic a partir de la provocaci\u00f3, la destresa, i l\u2019humor.<\/p>\n\n\n\n<figure class=\"wp-block-embed aligncenter is-type-video is-provider-youtube wp-block-embed-youtube wp-embed-aspect-16-9 wp-has-aspect-ratio\"><div class=\"wp-block-embed__wrapper\">\n<iframe title=\"Eddy Eighty World Tour Promo\" width=\"750\" height=\"422\" src=\"https:\/\/www.youtube.com\/embed\/o45ARnTxo_8?feature=oembed\" frameborder=\"0\" allow=\"accelerometer; autoplay; clipboard-write; encrypted-media; gyroscope; picture-in-picture\" allowfullscreen><\/iframe>\n<\/div><\/figure>\n\n\n\n<p><\/p>\n\n\n\n<p class=\"has-text-align-right\"><strong>Redacci\u00f3<\/strong>  Cristina Qu\u00edlez, Saray Puchades i Guillem Nicol\u00e0s<br><strong>Producci\u00f3<\/strong>  Estela Mart\u00ednez<br><strong>Assessorament ling\u00fc\u00edstic<\/strong>  Gl\u00f2ria Banyuls<br><strong>Edici\u00f3<\/strong>  Francesc Bosch<br><strong>Realitzaci\u00f3<em>  <\/em><\/strong>Arnau M\u00faria<br><strong>Disseny sonor<\/strong>  Tere N\u00fa\u00f1ez<br><strong>Direcci\u00f3<\/strong>  Am\u00e0lia Garrig\u00f3s<\/p>\n\n\n\n<p class=\"has-text-align-right\"><strong>Continguts multim\u00e8dia<\/strong>  Borja Pons<\/p>\n\n\n\n<p><\/p>\n\n\n\n<div class=\"wp-block-image\"><figure class=\"aligncenter size-full\"><img loading=\"lazy\" decoding=\"async\" width=\"1001\" height=\"179\" src=\"https:\/\/lescincllunes.apuntmedia.es\/wp-content\/uploads\/2021\/03\/LOGOS_Mesa-de-trabajo-1-3.png\" alt=\"\" class=\"wp-image-643\" srcset=\"https:\/\/lescincllunes.apuntmedia.es\/wp-content\/uploads\/2021\/03\/LOGOS_Mesa-de-trabajo-1-3.png 1001w, https:\/\/lescincllunes.apuntmedia.es\/wp-content\/uploads\/2021\/03\/LOGOS_Mesa-de-trabajo-1-3-300x54.png 300w, https:\/\/lescincllunes.apuntmedia.es\/wp-content\/uploads\/2021\/03\/LOGOS_Mesa-de-trabajo-1-3-768x137.png 768w\" sizes=\"(max-width: 1001px) 100vw, 1001px\" \/><\/figure><\/div>\n","protected":false},"excerpt":{"rendered":"<div style=\"max-width: 960px;\"><video-js data-account=\"6057955885001\" data-player=\"kxOJQ6zBrc\" data-embed=\"default\" controls=\"\" data-video-id=\"1693297704386370906\" data-playlist-id=\"\" data-application-id=\"\" class=\"vjs-fluid\"><\/video-js><\/div>\n<p><script src=\"https:\/\/players.brightcove.net\/6057955885001\/kxOJQ6zBrc_default\/index.min.js\"><\/script><\/p>\n","protected":false},"author":1,"featured_media":0,"comment_status":"closed","ping_status":"closed","sticky":false,"template":"","format":"standard","meta":{"footnotes":""},"categories":[4],"tags":[],"class_list":["post-191","post","type-post","status-publish","format-standard","hentry","category-programes-complets"],"yoast_head":"<!-- This site is optimized with the Yoast SEO plugin v15.9 - https:\/\/yoast.com\/wordpress\/plugins\/seo\/ -->\n<title>Cap\u00edtol 4 - Ananda Dansa - Les cinc llunes<\/title>\n<meta name=\"robots\" content=\"index, follow, max-snippet:-1, max-image-preview:large, max-video-preview:-1\" \/>\n<link rel=\"canonical\" href=\"https:\/\/lescincllunes.apuntmedia.es\/index.php\/2021\/08\/05\/capitol-4-ananda\/\" \/>\n<meta property=\"og:locale\" content=\"ca_ES\" \/>\n<meta property=\"og:type\" content=\"article\" \/>\n<meta property=\"og:title\" content=\"Cap\u00edtol 4 - Ananda Dansa - Les cinc llunes\" \/>\n<meta property=\"og:url\" content=\"https:\/\/lescincllunes.apuntmedia.es\/index.php\/2021\/08\/05\/capitol-4-ananda\/\" \/>\n<meta property=\"og:site_name\" content=\"Les cinc llunes\" \/>\n<meta property=\"article:publisher\" content=\"https:\/\/www.facebook.com\/lescincllunes\" \/>\n<meta property=\"article:published_time\" content=\"2021-08-05T19:00:38+00:00\" \/>\n<meta property=\"article:modified_time\" content=\"2021-08-05T19:53:03+00:00\" \/>\n<meta property=\"og:image\" content=\"https:\/\/lescincllunes.apuntmedia.es\/wp-content\/uploads\/2021\/03\/BannerDANSA.jpg\" \/>\n<meta name=\"twitter:card\" content=\"summary_large_image\" \/>\n<meta name=\"twitter:creator\" content=\"@lescincllunes\" \/>\n<meta name=\"twitter:site\" content=\"@lescincllunes\" \/>\n<meta name=\"twitter:label1\" content=\"Temps estimat de lectura\">\n\t<meta name=\"twitter:data1\" content=\"6 minuts\">\n<script type=\"application\/ld+json\" class=\"yoast-schema-graph\">{\"@context\":\"https:\/\/schema.org\",\"@graph\":[{\"@type\":\"WebSite\",\"@id\":\"https:\/\/lescincllunes.apuntmedia.es\/#website\",\"url\":\"https:\/\/lescincllunes.apuntmedia.es\/\",\"name\":\"Les cinc llunes\",\"description\":\"Un podcast de cultura radial\",\"potentialAction\":[{\"@type\":\"SearchAction\",\"target\":\"https:\/\/lescincllunes.apuntmedia.es\/?s={search_term_string}\",\"query-input\":\"required name=search_term_string\"}],\"inLanguage\":\"ca\"},{\"@type\":\"ImageObject\",\"@id\":\"https:\/\/lescincllunes.apuntmedia.es\/index.php\/2021\/08\/05\/capitol-4-ananda\/#primaryimage\",\"inLanguage\":\"ca\",\"url\":\"https:\/\/lescincllunes.apuntmedia.es\/wp-content\/uploads\/2021\/03\/BannerDANSA.jpg\",\"width\":1000,\"height\":151},{\"@type\":\"WebPage\",\"@id\":\"https:\/\/lescincllunes.apuntmedia.es\/index.php\/2021\/08\/05\/capitol-4-ananda\/#webpage\",\"url\":\"https:\/\/lescincllunes.apuntmedia.es\/index.php\/2021\/08\/05\/capitol-4-ananda\/\",\"name\":\"Cap\\u00edtol 4 - Ananda Dansa - Les cinc llunes\",\"isPartOf\":{\"@id\":\"https:\/\/lescincllunes.apuntmedia.es\/#website\"},\"primaryImageOfPage\":{\"@id\":\"https:\/\/lescincllunes.apuntmedia.es\/index.php\/2021\/08\/05\/capitol-4-ananda\/#primaryimage\"},\"datePublished\":\"2021-08-05T19:00:38+00:00\",\"dateModified\":\"2021-08-05T19:53:03+00:00\",\"author\":{\"@id\":\"https:\/\/lescincllunes.apuntmedia.es\/#\/schema\/person\/f8e959baa4607fac92352114336d23bd\"},\"breadcrumb\":{\"@id\":\"https:\/\/lescincllunes.apuntmedia.es\/index.php\/2021\/08\/05\/capitol-4-ananda\/#breadcrumb\"},\"inLanguage\":\"ca\",\"potentialAction\":[{\"@type\":\"ReadAction\",\"target\":[\"https:\/\/lescincllunes.apuntmedia.es\/index.php\/2021\/08\/05\/capitol-4-ananda\/\"]}]},{\"@type\":\"BreadcrumbList\",\"@id\":\"https:\/\/lescincllunes.apuntmedia.es\/index.php\/2021\/08\/05\/capitol-4-ananda\/#breadcrumb\",\"itemListElement\":[{\"@type\":\"ListItem\",\"position\":1,\"item\":{\"@type\":\"WebPage\",\"@id\":\"https:\/\/lescincllunes.apuntmedia.es\/\",\"url\":\"https:\/\/lescincllunes.apuntmedia.es\/\",\"name\":\"Inici\"}},{\"@type\":\"ListItem\",\"position\":2,\"item\":{\"@type\":\"WebPage\",\"@id\":\"https:\/\/lescincllunes.apuntmedia.es\/index.php\/2021\/08\/05\/capitol-4-ananda\/\",\"url\":\"https:\/\/lescincllunes.apuntmedia.es\/index.php\/2021\/08\/05\/capitol-4-ananda\/\",\"name\":\"Cap\\u00edtol 4 &#8211; Ananda Dansa\"}}]},{\"@type\":\"Person\",\"@id\":\"https:\/\/lescincllunes.apuntmedia.es\/#\/schema\/person\/f8e959baa4607fac92352114336d23bd\",\"name\":\"admin\",\"image\":{\"@type\":\"ImageObject\",\"@id\":\"https:\/\/lescincllunes.apuntmedia.es\/#personlogo\",\"inLanguage\":\"ca\",\"url\":\"https:\/\/secure.gravatar.com\/avatar\/dcd85d3d685af586f211eb122e24b51bd5be615b2e57181f1910a74104899533?s=96&d=mm&r=g\",\"caption\":\"admin\"},\"sameAs\":[\"https:\/\/lescincllunes.apuntmedia.es\"]}]}<\/script>\n<!-- \/ Yoast SEO plugin. -->","_links":{"self":[{"href":"https:\/\/lescincllunes.apuntmedia.es\/index.php\/wp-json\/wp\/v2\/posts\/191","targetHints":{"allow":["GET"]}}],"collection":[{"href":"https:\/\/lescincllunes.apuntmedia.es\/index.php\/wp-json\/wp\/v2\/posts"}],"about":[{"href":"https:\/\/lescincllunes.apuntmedia.es\/index.php\/wp-json\/wp\/v2\/types\/post"}],"author":[{"embeddable":true,"href":"https:\/\/lescincllunes.apuntmedia.es\/index.php\/wp-json\/wp\/v2\/users\/1"}],"replies":[{"embeddable":true,"href":"https:\/\/lescincllunes.apuntmedia.es\/index.php\/wp-json\/wp\/v2\/comments?post=191"}],"version-history":[{"count":28,"href":"https:\/\/lescincllunes.apuntmedia.es\/index.php\/wp-json\/wp\/v2\/posts\/191\/revisions"}],"predecessor-version":[{"id":2568,"href":"https:\/\/lescincllunes.apuntmedia.es\/index.php\/wp-json\/wp\/v2\/posts\/191\/revisions\/2568"}],"wp:attachment":[{"href":"https:\/\/lescincllunes.apuntmedia.es\/index.php\/wp-json\/wp\/v2\/media?parent=191"}],"wp:term":[{"taxonomy":"category","embeddable":true,"href":"https:\/\/lescincllunes.apuntmedia.es\/index.php\/wp-json\/wp\/v2\/categories?post=191"},{"taxonomy":"post_tag","embeddable":true,"href":"https:\/\/lescincllunes.apuntmedia.es\/index.php\/wp-json\/wp\/v2\/tags?post=191"}],"curies":[{"name":"wp","href":"https:\/\/api.w.org\/{rel}","templated":true}]}}