{"id":209,"date":"2021-08-04T21:00:46","date_gmt":"2021-08-04T19:00:46","guid":{"rendered":"https:\/\/lescincllunes.apuntmedia.es\/?p=209"},"modified":"2021-08-04T21:01:24","modified_gmt":"2021-08-04T19:01:24","slug":"capitol-3-les-connexions","status":"publish","type":"post","link":"https:\/\/lescincllunes.apuntmedia.es\/index.php\/2021\/08\/04\/capitol-3-les-connexions\/","title":{"rendered":"Cap\u00edtol 3 &#8211; Les connexions"},"content":{"rendered":"\n<div style=\"max-width: 960px;\"><video-js data-account=\"6057955885001\" data-player=\"kxOJQ6zBrc\" data-embed=\"default\" controls=\"\" data-video-id=\"1693297705689671938\" data-playlist-id=\"\" data-application-id=\"\" class=\"vjs-fluid\"><\/video-js><\/div>\n\n\n\n<p><\/p>\n\n\n\n<div class=\"wp-block-image\"><figure class=\"aligncenter size-full\"><img fetchpriority=\"high\" decoding=\"async\" width=\"1000\" height=\"151\" src=\"https:\/\/lescincllunes.apuntmedia.es\/wp-content\/uploads\/2021\/03\/BannerCIRC.jpg\" alt=\"\" class=\"wp-image-43\" srcset=\"https:\/\/lescincllunes.apuntmedia.es\/wp-content\/uploads\/2021\/03\/BannerCIRC.jpg 1000w, https:\/\/lescincllunes.apuntmedia.es\/wp-content\/uploads\/2021\/03\/BannerCIRC-300x45.jpg 300w, https:\/\/lescincllunes.apuntmedia.es\/wp-content\/uploads\/2021\/03\/BannerCIRC-768x116.jpg 768w\" sizes=\"(max-width: 1000px) 100vw, 1000px\" \/><\/figure><\/div>\n\n\n\n<p>En \u201cL\u2019observatori\u201d de <em>Les cinc llunes<\/em> escoltem la reflexi\u00f3 del clown i acr\u00f2bata de circ <strong>Tinga Tinga<\/strong>, qui va ser distingit l\u2019any 2020 amb la Medalla de les Belles Arts del Ministeri de Cultura. Als seus setanta-cinc anys va pel cam\u00ed d\u2019emular el seu antecessor <strong>Charlie Rivel<\/strong>, pallasso catal\u00e0 que va actuar fins als huitanta anys. En el v\u00eddeo podem veure l\u2019artista desprenent alegria amb el seu caracter\u00edstic riure i bon humor, mentre comparteix entrenament amb el tamb\u00e9 artista de carrer argent\u00ed <strong>Brunitus<\/strong>.<\/p>\n\n\n\n<iframe src=\"https:\/\/www.facebook.com\/plugins\/video.php?height=314&amp;href=https%3A%2F%2Fwww.facebook.com%2FPoesiaCirquera.Brunitus%2Fvideos%2F475253013241000%2F&amp;show_text=false&amp;width=560\" width=\"1000\" height=\"400\" style=\"border:none;overflow:hidden\" scrolling=\"no\" frameborder=\"0\" allowfullscreen=\"true\" allow=\"autoplay; clipboard-write; encrypted-media; picture-in-picture; web-share\"><\/iframe>\n\n\n\n<p><\/p>\n\n\n\n<p>A continuaci\u00f3 teniu una imatge del seu espectacle <em>PALS<\/em> amb la <strong>Companyia C\u00edclicus<\/strong> i algunes fotos promocionals de l\u2019artista.<\/p>\n\n\n\n<div class=\"wp-block-image\"><figure class=\"aligncenter size-full\"><img decoding=\"async\" width=\"1000\" height=\"690\" src=\"https:\/\/lescincllunes.apuntmedia.es\/wp-content\/uploads\/2021\/03\/1_Foto_TingaPALS.jpg\" alt=\"\" class=\"wp-image-20\" srcset=\"https:\/\/lescincllunes.apuntmedia.es\/wp-content\/uploads\/2021\/03\/1_Foto_TingaPALS.jpg 1000w, https:\/\/lescincllunes.apuntmedia.es\/wp-content\/uploads\/2021\/03\/1_Foto_TingaPALS-300x207.jpg 300w, https:\/\/lescincllunes.apuntmedia.es\/wp-content\/uploads\/2021\/03\/1_Foto_TingaPALS-768x530.jpg 768w\" sizes=\"(max-width: 1000px) 100vw, 1000px\" \/><\/figure><\/div>\n\n\n\n<p><\/p>\n\n\n\n<div class=\"wp-block-image\"><figure class=\"aligncenter size-full\"><img decoding=\"async\" width=\"1000\" height=\"151\" src=\"https:\/\/lescincllunes.apuntmedia.es\/wp-content\/uploads\/2021\/03\/BannerMUSICA.jpg\" alt=\"\" class=\"wp-image-45\" srcset=\"https:\/\/lescincllunes.apuntmedia.es\/wp-content\/uploads\/2021\/03\/BannerMUSICA.jpg 1000w, https:\/\/lescincllunes.apuntmedia.es\/wp-content\/uploads\/2021\/03\/BannerMUSICA-300x45.jpg 300w, https:\/\/lescincllunes.apuntmedia.es\/wp-content\/uploads\/2021\/03\/BannerMUSICA-768x116.jpg 768w\" sizes=\"(max-width: 1000px) 100vw, 1000px\" \/><\/figure><\/div>\n\n\n\n<p><strong><strong>Alma Mahler<\/strong><\/strong>, <strong><strong>C\u00e9cile Chaminade<\/strong><\/strong>, <strong><strong>Emilia Mart\u00ed Vilaplana<\/strong><\/strong>, o <strong><strong>Maria Carbonell Garc\u00eda<\/strong><\/strong> s\u00f3n nom\u00e9s algunes de les compositores que al llarg de la hist\u00f2ria han sigut silenciades pel simple fet de ser dones. La music\u00f2loga valenciana <strong>Sakira Ventura<\/strong> ens presenta el seu projecte <a href=\"https:\/\/svmusicology.com\/mapa\">Mapa de Creadoras de la Hist\u00f2ria de la M\u00fasica<\/a>, una ferramenta interactiva on recull un total de cinc-centes autores de m\u00fasica cl\u00e0ssica, des del segle IX fins a l\u2019actualitat.<\/p>\n\n\n\n<div class=\"wp-block-image\"><figure class=\"aligncenter size-full\"><img loading=\"lazy\" decoding=\"async\" width=\"1000\" height=\"528\" src=\"https:\/\/lescincllunes.apuntmedia.es\/wp-content\/uploads\/2021\/03\/MAPA_Sakira-1.jpg\" alt=\"\" class=\"wp-image-983\" srcset=\"https:\/\/lescincllunes.apuntmedia.es\/wp-content\/uploads\/2021\/03\/MAPA_Sakira-1.jpg 1000w, https:\/\/lescincllunes.apuntmedia.es\/wp-content\/uploads\/2021\/03\/MAPA_Sakira-1-300x158.jpg 300w, https:\/\/lescincllunes.apuntmedia.es\/wp-content\/uploads\/2021\/03\/MAPA_Sakira-1-768x406.jpg 768w\" sizes=\"(max-width: 1000px) 100vw, 1000px\" \/><\/figure><\/div>\n\n\n\n<p>Com a complement del mapa, <strong>Ventura<\/strong> ha creat tamb\u00e9 una <a href=\"https:\/\/open.spotify.com\/playlist\/2Uc6ZImjkFnpmqYRe6oFiu?si=FJrR_jUWQNiS_6sBnTijYA\">llista de reproducci\u00f3 de Spotify<\/a> amb obres de moltes de les creadores en ordre cronol\u00f2gic.<\/p>\n\n\n\n<iframe src=\"https:\/\/open.spotify.com\/embed\/playlist\/2Uc6ZImjkFnpmqYRe6oFiu\" width=\"700\" height=\"380\" frameborder=\"0\" allowtransparency=\"true\" allow=\"encrypted-media\"><\/iframe>\n\n\n\n<p>A m\u00e9s, recollim reflexions de directores i compositores valencianes sobre la situaci\u00f3<br>actual de les dones m\u00fasiques i recordem a la compositora Claudia Montero.<\/p>\n\n\n\n<p>En el cap\u00edtol 3, la soprano <strong>\u00c8lia Casanova<\/strong> ens presenta el seu disc <em>Nana<\/em>, una recopilaci\u00f3 de can\u00e7ons de bressol tradicionals cantades a cappella. Seguidament escoltem <em>Mareta, Mareta<\/em>, una de les m\u00e9s emblem\u00e0tiques nanes valencianes populars. Tamb\u00e9 podeu escoltar el disc sencer a l\u2019<a savefrom_lm_index=\"0\" savefrom_lm=\"1\" href=\"https:\/\/www.youtube.com\/watch?v=tW3UhVLQlqg&amp;list=OLAK5uy_lCTGWmdFrPd-R4qlyGawTzjaZD9F5ZEWo\">enlla\u00e7<\/a><span style=\"padding: 0; margin: 0; margin-left: 5px;\"><a title=\"Obtener un enlace directo\" savefrom_lm=\"1\" savefrom_lm_is_link=\"1\" style=\"background-image: url(&quot;data:image\/gif;base64,R0lGODlhEAAQAOZ3APf39+Xl5fT09OPj4\/Hx8evr6\/3+\/u7u7uDh4OPi497e3t7e3\/z8\/P79\/X3GbuXl5ubl5eHg4WzFUfb39+Pj4lzGOV7LOPz7+\/n6+vn5+ZTLj9\/e387Ozt7f3\/7+\/vv7\/ISbePn5+m\/JV1nRKXmVbkCnKVrSLDqsCuDh4d\/e3uDn3\/z7\/H6TdVeaV1uSW+bn5v39\/eXm5eXm5kyHP\/f39pzGmVy7J3yRd9\/f3mLEKkXCHJbka2TVM5vaZn6Wdfn6+YG\/c\/r5+ZO\/jeLi41aHTIeageLn4f39\/vr6+kzNG2PVM5i+lomdf2CXYKHVmtzo2YXNeDqsBebl5uHh4HDKWN3g3kKqEH6WeZHTXIPKdnSPbv79\/pfmbE7PHpe1l4O8dTO5DODg4VDLIlKUUtzo2J7SmEWsLlG4NJbFjkrJHP7+\/VK5Nfz8+zmnC3KKa+Hg4OHh4Y63j\/3+\/eDg4Ojo6P\/\/\/8DAwP\/\/\/wAAAAAAAAAAAAAAAAAAAAAAAAAAAAAAACH5BAEAAHcALAAAAAAQABAAAAfWgHd2g4SFhYJzdYqLjIpzgx5bBgYwHg1Hk2oNDXKDFwwfDF5NLmMtcStsn4MhGT8YS04aGmU1QRhIGYMTADQAQlAODlloAMYTgwICRmRfVBISIkBPKsqDBAREZmcVFhYVayUz2IMHB1dWOmImI2lgUVrmgwUFLzdtXTxKSSduMfSD6Aik48MGlx05SAykM0gKhAAPAhTB0oNFABkPHg5KMIBCxzlMQFQZMGBIggSDpsCJgGDOmzkIUCAIM2dOhEEcNijQuQDHgg4KOqRYwMGOIENIB90JBAA7&quot;); background-repeat: no-repeat; width: 16px; height: 16px; display: inline-block; border: none; text-decoration: none; padding: 0px; position: relative;\" href=\"http:\/\/savefrom.net\/?url=https%3A%2F%2Fwww.youtube.com%2Fwatch%3Fv%3DtW3UhVLQlqg%26list%3DOLAK5uy_lCTGWmdFrPd-R4qlyGawTzjaZD9F5ZEWo&amp;utm_source=chameleon&amp;utm_medium=extensions&amp;utm_campaign=link_modifier\" target=\"_blank\" rel=\"noopener\"><\/a><\/span> seg\u00fcent.<\/p>\n\n\n\n<iframe width=\"700\" height=\"700\" src=\"https:\/\/www.youtube.com\/embed\/UbkyQoEsUNo\" frameborder=\"0\" allow=\"accelerometer; autoplay; clipboard-write; encrypted-media; gyroscope; picture-in-picture\" allowfullscreen=\"\"><\/iframe>\n\n\n\n<p><\/p>\n\n\n\n<div class=\"wp-block-image\"><figure class=\"aligncenter size-full\"><img loading=\"lazy\" decoding=\"async\" width=\"1001\" height=\"101\" src=\"https:\/\/lescincllunes.apuntmedia.es\/wp-content\/uploads\/2021\/03\/arrels-02.jpg\" alt=\"\" class=\"wp-image-39\" srcset=\"https:\/\/lescincllunes.apuntmedia.es\/wp-content\/uploads\/2021\/03\/arrels-02.jpg 1001w, https:\/\/lescincllunes.apuntmedia.es\/wp-content\/uploads\/2021\/03\/arrels-02-300x30.jpg 300w, https:\/\/lescincllunes.apuntmedia.es\/wp-content\/uploads\/2021\/03\/arrels-02-768x77.jpg 768w\" sizes=\"(max-width: 1001px) 100vw, 1001px\" \/><\/figure><\/div>\n\n\n\n<p>El music\u00f2leg <strong>Jerahy Garcia<\/strong> ens parla de la m\u00fasica com a eina de resili\u00e8ncia, de la capacitat que tenen les can\u00e7ons per a crear vincles de comunitat i convertir-se en s\u00edmbol de determinades lluites.<\/p>\n\n\n\n<p>N\u2019\u00e9s un bon exemple <em>Resistir\u00e9<\/em>, la can\u00e7\u00f3 emblem\u00e0tica dels anys 80, popularitzada per <strong>Alaska <\/strong>i versionada en nombroses ocasions, que es va convertir en bandera de la lluita contra la COVID durant el confinament de 2020. El que no sap tot el m\u00f3n \u00e9s que el tema original \u00e9s del <strong>D\u00fao Din\u00e1mico<\/strong>, a qui podem veure cantar-la en un programa de televisi\u00f3 l\u2019any 1988.<\/p>\n\n\n\n<figure class=\"wp-block-embed aligncenter is-type-video is-provider-youtube wp-block-embed-youtube wp-embed-aspect-16-9 wp-has-aspect-ratio\"><div class=\"wp-block-embed__wrapper\">\n<iframe title=\"D\u00fao Din\u00e1mico &quot;Resistir\u00e9&quot;\" width=\"750\" height=\"422\" src=\"https:\/\/www.youtube.com\/embed\/K1rKj6XMt4Q?feature=oembed\" frameborder=\"0\" allow=\"accelerometer; autoplay; clipboard-write; encrypted-media; gyroscope; picture-in-picture\" allowfullscreen><\/iframe>\n<\/div><\/figure>\n\n\n\n<p><\/p>\n\n\n\n<p>Una de les moltes versions a casa nostra va ser la impulsada per <strong>Carme Juan<\/strong> i <strong>Nacho Ma\u00f1\u00f3<\/strong> per a \u00c0 Punt, que reunia en aquesta iniciativa solid\u00e0ria artistes valencians de tots els estils: des de <strong>Pep Gimeno Botifarra, Dani Miquel <\/strong>o<strong> Pepa Cases<\/strong>, fins a <strong>Ximo Bayo, Rosita Amores<\/strong> o el <strong>Tio Fredo<\/strong>.<\/p>\n\n\n\n<figure class=\"wp-block-embed aligncenter is-type-video is-provider-youtube wp-block-embed-youtube wp-embed-aspect-16-9 wp-has-aspect-ratio\"><div class=\"wp-block-embed__wrapper\">\n<iframe title=\"RESISTIR\u00c9. Iniciativa solid\u00e0ria en la lluita contra la Covid-19\" width=\"750\" height=\"422\" src=\"https:\/\/www.youtube.com\/embed\/X0jjPycLjz4?feature=oembed\" frameborder=\"0\" allow=\"accelerometer; autoplay; clipboard-write; encrypted-media; gyroscope; picture-in-picture\" allowfullscreen><\/iframe>\n<\/div><\/figure>\n\n\n\n<p><\/p>\n\n\n\n<p><strong><strong>Mercedes Jorge<\/strong><\/strong>, doctora en Medicina i catedr\u00e0tica d\u2019Hist\u00f2ria de la M\u00fasica, ens parla de la funci\u00f3 social i cohesionadora de la m\u00fasica i de com aquesta activa determinades \u00e0rees del cervell en funci\u00f3 del ritme, l\u2019harmonia o la melodia, a trav\u00e9s de la dopamina i la serotonina.<\/p>\n\n\n\n<p><strong><strong>Jerahy<\/strong><\/strong> ens parla de l\u2019efecte bals\u00e0mic de l\u2019\u00e0ria <em>Orfeo ed Euridice<\/em>, del compositor alemany <strong>Christof Gluck<\/strong>, en la qual l\u2019heroi plora lamentant la p\u00e8rdua de la seua estimada i calma el seu dolor gr\u00e0cies a la m\u00fasica. Seguidament podeu escoltar el fragment complet d\u2019aquesta \u00e0ria amb la seua partitura vocal sincronitzada.<\/p>\n\n\n\n<iframe width=\"1000\" height=\"400\" src=\"https:\/\/www.youtube.com\/embed\/0bUAM0ER-Dw?start=6&amp;end=259\" frameborder=\"0\" allow=\"accelerometer; autoplay; clipboard-write; encrypted-media; gyroscope; picture-in-picture\" allowfullscreen=\"\"><\/iframe>\n\n\n\n<p><\/p>\n\n\n\n<p>Un altre exemple \u00e9s la com\u00e8dia musical <em>La canci\u00f3n del olvido<\/em>, obra clau del mestre valenci\u00e0 <strong>Jos\u00e9 Serrano<\/strong>. Aquesta pe\u00e7a, que va coincidir en el temps amb la grip espanyola, es va convertir prompte en un fenomen de masses. Fins i tot la seua \u201cpopularitat epid\u00e8mica\u201d, en paraules de la premsa de l\u2019\u00e8poca, va fer que la hist\u00f2rica pand\u00e8mia s\u2019acabara coneixent amb el sobrenom d\u2019<em>El soldat de N\u00e0pols<\/em>, amb clara refer\u00e8ncia al fragment m\u00e9s conegut de l\u2019obra. Veiem l\u2019article que publicava el peri\u00f2dic sat\u00edric <em>L\u2019esquella de la Torratxa<\/em> el juliol de 1918 al respecte.<\/p>\n\n\n\n<div class=\"wp-block-image\"><figure class=\"aligncenter size-full\"><img loading=\"lazy\" decoding=\"async\" width=\"740\" height=\"1024\" src=\"https:\/\/lescincllunes.apuntmedia.es\/wp-content\/uploads\/2021\/03\/ARTICLE-SATIRIC.-La-cancion-del-olvido.-La-Esquella-de-la-torratxa-periodich-satirich-5.7.1918-740x1024-1.jpg\" alt=\"\" class=\"wp-image-40\" srcset=\"https:\/\/lescincllunes.apuntmedia.es\/wp-content\/uploads\/2021\/03\/ARTICLE-SATIRIC.-La-cancion-del-olvido.-La-Esquella-de-la-torratxa-periodich-satirich-5.7.1918-740x1024-1.jpg 740w, https:\/\/lescincllunes.apuntmedia.es\/wp-content\/uploads\/2021\/03\/ARTICLE-SATIRIC.-La-cancion-del-olvido.-La-Esquella-de-la-torratxa-periodich-satirich-5.7.1918-740x1024-1-217x300.jpg 217w\" sizes=\"(max-width: 740px) 100vw, 740px\" \/><\/figure><\/div>\n\n\n\n<p>Per\u00f2 potser el paradigma aut\u00f2cton de la relaci\u00f3 entre m\u00fasica i estat d&#8217;\u00e0nim \u00e9s la can\u00e7\u00f3 de batre, un g\u00e8nere tradicional que cantaven els treballadors del camp per tal d\u2019animar les b\u00e8sties de tir i fer m\u00e9s suportable la faena. Seguidament escoltem el fragment complet que ens presenta Jerahy, enregistrat per l&#8217;etnomusic\u00f2leg nord-americ\u00e0 <strong>Alan Lomax<\/strong> d\u2019un treballador de Tavernes de la Valldigna l\u2019any 1952.<\/p>\n\n\n\n<figure class=\"wp-block-audio\"><audio controls src=\"https:\/\/lescincllunes.apuntmedia.es\/wp-content\/uploads\/2021\/03\/3A1_Lomax.mp3\"><\/audio><\/figure>\n\n\n\n<p><\/p>\n\n\n\n<hr class=\"wp-block-separator\"\/>\n\n\n\n<p><\/p>\n\n\n\n<div class=\"wp-block-image\"><figure class=\"aligncenter size-large\"><img loading=\"lazy\" decoding=\"async\" width=\"1000\" height=\"151\" src=\"https:\/\/lescincllunes.apuntmedia.es\/wp-content\/uploads\/2021\/03\/COLORS_Separadors-21.jpg\" alt=\"\" class=\"wp-image-951\" srcset=\"https:\/\/lescincllunes.apuntmedia.es\/wp-content\/uploads\/2021\/03\/COLORS_Separadors-21.jpg 1000w, https:\/\/lescincllunes.apuntmedia.es\/wp-content\/uploads\/2021\/03\/COLORS_Separadors-21-300x45.jpg 300w, https:\/\/lescincllunes.apuntmedia.es\/wp-content\/uploads\/2021\/03\/COLORS_Separadors-21-768x116.jpg 768w\" sizes=\"(max-width: 1000px) 100vw, 1000px\" \/><\/figure><\/div>\n\n\n\n<div class=\"wp-block-image\"><figure class=\"aligncenter size-large\"><img loading=\"lazy\" decoding=\"async\" width=\"1001\" height=\"101\" src=\"https:\/\/lescincllunes.apuntmedia.es\/wp-content\/uploads\/2021\/03\/COLORS_Separadors-09.jpg\" alt=\"\" class=\"wp-image-984\" srcset=\"https:\/\/lescincllunes.apuntmedia.es\/wp-content\/uploads\/2021\/03\/COLORS_Separadors-09.jpg 1001w, https:\/\/lescincllunes.apuntmedia.es\/wp-content\/uploads\/2021\/03\/COLORS_Separadors-09-300x30.jpg 300w, https:\/\/lescincllunes.apuntmedia.es\/wp-content\/uploads\/2021\/03\/COLORS_Separadors-09-768x77.jpg 768w\" sizes=\"(max-width: 1001px) 100vw, 1001px\" \/><\/figure><\/div>\n\n\n\n<h2 class=\"wp-block-heading\">Cap\u00edtol 1: <em>La selva<\/em><\/h2>\n\n\n\n<p>En la secci\u00f3 \u201cNotes de so\u201d ens capbussem en diferents paisatges sonors de la m\u00e0 del fonografista <strong>Edu Comelles<\/strong>. Explorem indrets, contextos socials, tradicions, cultura, natura i climatologia a trav\u00e9s de l\u2019o\u00efda.<\/p>\n\n\n\n<div class=\"wp-block-image\"><figure class=\"aligncenter size-full\"><img loading=\"lazy\" decoding=\"async\" width=\"1000\" height=\"568\" src=\"https:\/\/lescincllunes.apuntmedia.es\/wp-content\/uploads\/2021\/03\/EduComelles.jpg\" alt=\"\" class=\"wp-image-60\" srcset=\"https:\/\/lescincllunes.apuntmedia.es\/wp-content\/uploads\/2021\/03\/EduComelles.jpg 1000w, https:\/\/lescincllunes.apuntmedia.es\/wp-content\/uploads\/2021\/03\/EduComelles-300x170.jpg 300w, https:\/\/lescincllunes.apuntmedia.es\/wp-content\/uploads\/2021\/03\/EduComelles-768x436.jpg 768w\" sizes=\"(max-width: 1000px) 100vw, 1000px\" \/><\/figure><\/div>\n\n\n\n<p>En aquesta ocasi\u00f3 ens transporta a <strong>Torremolinos<\/strong>, on ens endinsem en una selva peculiar rodejada d\u2019edificis d\u2019apartaments i hotels de vacances. Un paisatge abandonat per l\u2019\u00e9sser hum\u00e0 i recuperat per la natura on escoltem una multitud de sons m\u00e9s propis d\u2019un pa\u00eds tropical o subsahari\u00e0.<\/p>\n\n\n\n<iframe style=\"border: 0; width: 100%; height: 120px;\" src=\"https:\/\/bandcamp.com\/EmbeddedPlayer\/album=415365159\/size=large\/bgcol=ffffff\/linkcol=0687f5\/tracklist=false\/artwork=small\/track=2431858933\/transparent=true\/\" seamless=\"\"><a href=\"https:\/\/educomelles.bandcamp.com\/album\/selected-compositions\">Selected Compositions by edu comelles<\/a><\/iframe>\n\n\n\n<p>D\u2019all\u00ed viatgem a l\u2019illa de la Palma, on trobem l\u2019\u00fanica selva del territori espanyol. Es tracta dels boscos de laurisilva del <strong>Cubo de la Galga<\/strong>, a l\u2019extrem m\u00e9s oriental de l\u2019illa.<\/p>\n\n\n\n<div class=\"wp-block-image\"><figure class=\"aligncenter size-large\"><img loading=\"lazy\" decoding=\"async\" width=\"1000\" height=\"563\" src=\"https:\/\/lescincllunes.apuntmedia.es\/wp-content\/uploads\/2021\/03\/LA-SELVA-01.-LaPalma_109.jpg\" alt=\"\" class=\"wp-image-103\" srcset=\"https:\/\/lescincllunes.apuntmedia.es\/wp-content\/uploads\/2021\/03\/LA-SELVA-01.-LaPalma_109.jpg 1000w, https:\/\/lescincllunes.apuntmedia.es\/wp-content\/uploads\/2021\/03\/LA-SELVA-01.-LaPalma_109-300x169.jpg 300w, https:\/\/lescincllunes.apuntmedia.es\/wp-content\/uploads\/2021\/03\/LA-SELVA-01.-LaPalma_109-768x432.jpg 768w\" sizes=\"(max-width: 1000px) 100vw, 1000px\" \/><\/figure><\/div>\n\n\n\n<iframe style=\"border: 0; width: 100%; height: 120px;\" src=\"https:\/\/bandcamp.com\/EmbeddedPlayer\/album=415365159\/size=large\/bgcol=ffffff\/linkcol=0687f5\/tracklist=false\/artwork=small\/track=2763280817\/transparent=true\/\" seamless=\"\"><a href=\"https:\/\/educomelles.bandcamp.com\/album\/selected-compositions\">Selected Compositions by edu comelles<\/a><\/iframe>\n\n\n\n<p>I acabem el viatge a la m\u00e9s gran de totes les selves, l\u2019<strong>Amazones<\/strong>, de la m\u00e0 de l\u2019artista sonor colombi\u00e0 <strong>David V\u00e9lez<\/strong>, qui ens presenta la seua obra <a href=\"https:\/\/impulsivehabitat.com\/releases\/ihab108.htm\"><em>Letargo<\/em><\/a>, on podem sentir la profunditat d\u2019aquest paisatge \u00fanic i la quantitat d\u2019\u00e9ssers vius que l\u2019habiten, ocults darrere de la vegetaci\u00f3.<\/p>\n\n\n\n<div class=\"wp-block-image\"><figure class=\"aligncenter size-large\"><img loading=\"lazy\" decoding=\"async\" width=\"1000\" height=\"563\" src=\"https:\/\/lescincllunes.apuntmedia.es\/wp-content\/uploads\/2021\/03\/LA-SELVA-02.-LaSelva.jpg\" alt=\"\" class=\"wp-image-104\" srcset=\"https:\/\/lescincllunes.apuntmedia.es\/wp-content\/uploads\/2021\/03\/LA-SELVA-02.-LaSelva.jpg 1000w, https:\/\/lescincllunes.apuntmedia.es\/wp-content\/uploads\/2021\/03\/LA-SELVA-02.-LaSelva-300x169.jpg 300w, https:\/\/lescincllunes.apuntmedia.es\/wp-content\/uploads\/2021\/03\/LA-SELVA-02.-LaSelva-768x432.jpg 768w\" sizes=\"(max-width: 1000px) 100vw, 1000px\" \/><\/figure><\/div>\n\n\n\n<p id=\"block-aad78b2d-4360-4dc8-8536-e9606d067ad0\">Si voleu descobrir-ne m\u00e9s, podeu escoltar totes les gravacions d\u2019<strong>Edu Comelles<\/strong> en el seu perfil de <a href=\"https:\/\/educomelles.bandcamp.com\/music\">bandcamp<\/a> o visitar el seu <a href=\"http:\/\/www.educomelles.com\/\">web<\/a>. Tamb\u00e9 podeu descarregar el treball de David V\u00e9lez complet i de desc\u00e0rrega lliure en el web del segell discogr\u00e0fic <a href=\"https:\/\/impulsivehabitat.com\/releases\/ihab108.htm\">Impulsive Habitat<\/a>.<\/p>\n\n\n\n<p><\/p>\n\n\n\n<div id=\"block-e9a9a1fd-f39c-4e19-80b1-501b5eb6405a\" class=\"wp-block-image\"><figure class=\"aligncenter size-full\"><img loading=\"lazy\" decoding=\"async\" width=\"1001\" height=\"101\" src=\"https:\/\/lescincllunes.apuntmedia.es\/wp-content\/uploads\/2021\/03\/COLORS_Separadors-10.jpg\" alt=\"\" class=\"wp-image-985\" srcset=\"https:\/\/lescincllunes.apuntmedia.es\/wp-content\/uploads\/2021\/03\/COLORS_Separadors-10.jpg 1001w, https:\/\/lescincllunes.apuntmedia.es\/wp-content\/uploads\/2021\/03\/COLORS_Separadors-10-300x30.jpg 300w, https:\/\/lescincllunes.apuntmedia.es\/wp-content\/uploads\/2021\/03\/COLORS_Separadors-10-768x77.jpg 768w\" sizes=\"(max-width: 1001px) 100vw, 1001px\" \/><\/figure><\/div>\n\n\n\n<h2 class=\"wp-block-heading\">Cap\u00edtol 1: <em>Jes\u00fas Jara<\/em><\/h2>\n\n\n\n<p id=\"block-a61bf11d-6bc1-42e5-9aa8-9ab8cb14bccf\">Imagina una banda de m\u00fasica alemanya, un cor de g\u00f2spel, alguns flautistes, un int\u00e8rpret de folk suec i una orquestra. Ara imagina com sonarien tots ells tocant i assajant les seues peces al mateix lloc i al mateix temps, simult\u00e0niament. \u00c9s el que proposa <strong>John Cage<\/strong> en <em>A house full of music<\/em>, una pe\u00e7a pensada per a escoles de m\u00fasica on es demana a l\u2019alumnat que interprete, alhora, el repertori que estiga estudiant en eixe moment, sense importar el curs, el nivell o l\u2019instrument.<\/p>\n\n\n\n<iframe width=\"1000\" height=\"500\" src=\"https:\/\/www.youtube.com\/embed\/Zhktw8nvuHo\" frameborder=\"0\" allow=\"accelerometer; autoplay; clipboard-write; encrypted-media; gyroscope; picture-in-picture\" allowfullscreen=\"\"><\/iframe>\n\n\n\n<p><\/p>\n\n\n\n<div id=\"block-a9726f24-8d4d-4e65-b609-5c35df6b2470\" class=\"wp-block-image\"><figure class=\"alignleft size-medium\"><img loading=\"lazy\" decoding=\"async\" width=\"300\" height=\"300\" src=\"https:\/\/lescincllunes.apuntmedia.es\/wp-content\/uploads\/2021\/03\/JesusJara-300x300.jpg\" alt=\"\" class=\"wp-image-99\" srcset=\"https:\/\/lescincllunes.apuntmedia.es\/wp-content\/uploads\/2021\/03\/JesusJara-300x300.jpg 300w, https:\/\/lescincllunes.apuntmedia.es\/wp-content\/uploads\/2021\/03\/JesusJara-150x150.jpg 150w, https:\/\/lescincllunes.apuntmedia.es\/wp-content\/uploads\/2021\/03\/JesusJara.jpg 512w\" sizes=\"(max-width: 300px) 100vw, 300px\" \/><\/figure><\/div>\n\n\n\n<p id=\"block-8249650d-d087-4256-9474-e7f87b598f07\">La nostra pedagoga musical de cap\u00e7alera <strong>Cristina Cubells<\/strong> ens presenta dins de la seua secci\u00f3 \u201cIntermit\u00e8ncies\u201d a <strong>Jes\u00fas Jara<\/strong>, cofundador de l\u2019Escuela de Oficios Electrosonoros de Madrid, qui aposta per una educaci\u00f3 musical basada en l\u2019estudi i la pr\u00e0ctica de m\u00fasiques i int\u00e8rprets dels segles XX i XXI, com \u00e9s el cas de John Cage.<\/p>\n\n\n\n<p id=\"block-8b456d05-f00e-469a-836c-53e77315da1c\">Un dels projectes que s\u2019impulsen des de l\u2019escola de Jara \u00e9s el taller d\u2019improvisaci\u00f3 lliure de la m\u00e0 de la professora i compositora <strong>Chefa Alonso<\/strong>, on la m\u00fasica es creua amb altres disciplines com la poesia, els malabars o la <em>performance<\/em>. L\u2019objectiu en aquest cas \u00e9s desenvolupar una escolta m\u00e9s atenta i oberta a diferents propostes sonores. Ac\u00ed teniu una mostra.<\/p>\n\n\n\n<iframe width=\"1000\" height=\"400\" src=\"https:\/\/www.youtube.com\/embed\/tOXK2W4VTTY?start=1&amp;end=71\" frameborder=\"0\" allow=\"accelerometer; autoplay; clipboard-write; encrypted-media; gyroscope; picture-in-picture\" allowfullscreen=\"\"><\/iframe>\n\n\n\n<p><\/p>\n\n\n\n<p>Cristina Cubells tamb\u00e9 ens descobreix el compositor angl\u00e9s <strong>Brian Dennis<\/strong> i el seu treball <strong><em>Music in school: a new sound<\/em><\/strong>, un projecte sobre pedagogia i m\u00fasica experimental que l\u2019autor va enregistrar amb la participaci\u00f3 de xiquetes i xiquets de diverses escoles de Londres l\u2019any 1969. En el fragment seg\u00fcent veiem com el professor dirigeix un grup d\u2019alumnes amb instruments senzills, a trav\u00e9s d\u2019un sistema de gestos dirigits que indiquen qui i com ha de tocar en cada moment.<\/p>\n\n\n\n<iframe width=\"1000\" height=\"400\" src=\"https:\/\/www.youtube.com\/embed\/hsigOnPJTtA?start=305&amp;end=402\" frameborder=\"0\" allow=\"accelerometer; autoplay; clipboard-write; encrypted-media; gyroscope; picture-in-picture\" allowfullscreen=\"\"><\/iframe>\n\n\n\n<p><\/p>\n\n\n\n<p>En un altre punt del treball podeu veure alguns alumnes enregistrant sons produ\u00efts per instruments de tota classe que a continuaci\u00f3 reprodueixen i alteren electr\u00f2nicament, modificant-ne elements com el to o la velocitat amb el mateix aparell de gravaci\u00f3.<\/p>\n\n\n\n<iframe width=\"1000\" height=\"400\" src=\"https:\/\/www.youtube.com\/embed\/hsigOnPJTtA?start=438&amp;end=505\" frameborder=\"0\" allow=\"accelerometer; autoplay; clipboard-write; encrypted-media; gyroscope; picture-in-picture\" allowfullscreen=\"\"><\/iframe>\n\n\n\n<p><\/p>\n\n\n\n<p>Si esteu interessats a saber-ne m\u00e9s, podeu visitar el <a href=\"http:\/\/oficioselectrosonoros.org\/\">web de l\u2019Escuela de Oficios Electrosonoros<\/a>.<\/p>\n\n\n\n<p><\/p>\n\n\n\n<div class=\"wp-block-image\"><figure class=\"aligncenter size-full\"><img loading=\"lazy\" decoding=\"async\" width=\"1000\" height=\"151\" src=\"https:\/\/lescincllunes.apuntmedia.es\/wp-content\/uploads\/2021\/03\/BannerTEATRE.jpg\" alt=\"\" class=\"wp-image-46\" srcset=\"https:\/\/lescincllunes.apuntmedia.es\/wp-content\/uploads\/2021\/03\/BannerTEATRE.jpg 1000w, https:\/\/lescincllunes.apuntmedia.es\/wp-content\/uploads\/2021\/03\/BannerTEATRE-300x45.jpg 300w, https:\/\/lescincllunes.apuntmedia.es\/wp-content\/uploads\/2021\/03\/BannerTEATRE-768x116.jpg 768w\" sizes=\"(max-width: 1000px) 100vw, 1000px\" \/><\/figure><\/div>\n\n\n\n<p>Escoltem la interpretaci\u00f3 de <strong>Pilar Almeria<\/strong> d&#8217;un fragment d&#8217;<em>El jard\u00ed dels cirerers<\/em> d&#8217;<strong>Anton Tx\u00e9khov<\/strong>, del personatge Andr\u00e9ievna.<\/p>\n\n\n\n<div style=\"max-width: 960px;\"><video-js data-account=\"6057955885001\" data-player=\"kxOJQ6zBrc\" data-embed=\"default\" controls=\"\" data-video-id=\"1692774120866950724\" data-playlist-id=\"\" data-application-id=\"\" class=\"vjs-fluid\"><\/video-js><\/div><script src=\"https:\/\/players.brightcove.net\/6057955885001\/kxOJQ6zBrc_default\/index.min.js\"><\/script>\n\n\n\n<p><\/p>\n\n\n\n<p class=\"has-text-align-right\"><strong>Redacci\u00f3<\/strong>  Cristina Qu\u00edlez, Saray Puchades i Guillem Nicol\u00e0s<br><strong>Producci\u00f3<\/strong>  Estela Mart\u00ednez<br><strong>Assessorament ling\u00fc\u00edstic<\/strong>  Gl\u00f2ria Banyuls<br><strong>Edici\u00f3<\/strong>  Francesc Bosch<br><strong>Realitzaci\u00f3<em>  <\/em><\/strong>Arnau M\u00faria<br><strong>Disseny sonor<\/strong>  Tere N\u00fa\u00f1ez<br><strong>Direcci\u00f3<\/strong>  Am\u00e0lia Garrig\u00f3s<\/p>\n\n\n\n<p class=\"has-text-align-right\"><strong>Continguts multim\u00e8dia<\/strong>  Borja Pons<\/p>\n\n\n\n<p><\/p>\n\n\n\n<div class=\"wp-block-image\"><figure class=\"aligncenter size-full\"><img loading=\"lazy\" decoding=\"async\" width=\"1001\" height=\"179\" src=\"https:\/\/lescincllunes.apuntmedia.es\/wp-content\/uploads\/2021\/03\/LOGOS_Mesa-de-trabajo-1-3.png\" alt=\"\" class=\"wp-image-643\" srcset=\"https:\/\/lescincllunes.apuntmedia.es\/wp-content\/uploads\/2021\/03\/LOGOS_Mesa-de-trabajo-1-3.png 1001w, https:\/\/lescincllunes.apuntmedia.es\/wp-content\/uploads\/2021\/03\/LOGOS_Mesa-de-trabajo-1-3-300x54.png 300w, https:\/\/lescincllunes.apuntmedia.es\/wp-content\/uploads\/2021\/03\/LOGOS_Mesa-de-trabajo-1-3-768x137.png 768w\" sizes=\"(max-width: 1001px) 100vw, 1001px\" \/><\/figure><\/div>\n","protected":false},"excerpt":{"rendered":"<div style=\"max-width: 960px;\"><video-js data-account=\"6057955885001\" data-player=\"kxOJQ6zBrc\" data-embed=\"default\" controls=\"\" data-video-id=\"1693297705689671938\" data-playlist-id=\"\" data-application-id=\"\" class=\"vjs-fluid\"><\/video-js><\/div>\n<p><script src=\"https:\/\/players.brightcove.net\/6057955885001\/kxOJQ6zBrc_default\/index.min.js\"><\/script><\/p>\n","protected":false},"author":1,"featured_media":0,"comment_status":"closed","ping_status":"closed","sticky":false,"template":"","format":"standard","meta":{"footnotes":""},"categories":[4],"tags":[],"class_list":["post-209","post","type-post","status-publish","format-standard","hentry","category-programes-complets"],"yoast_head":"<!-- This site is optimized with the Yoast SEO plugin v15.9 - https:\/\/yoast.com\/wordpress\/plugins\/seo\/ -->\n<title>Cap\u00edtol 3 - Les connexions - Les cinc llunes<\/title>\n<meta name=\"robots\" content=\"index, follow, max-snippet:-1, max-image-preview:large, max-video-preview:-1\" \/>\n<link rel=\"canonical\" href=\"https:\/\/lescincllunes.apuntmedia.es\/index.php\/2021\/08\/04\/capitol-3-les-connexions\/\" \/>\n<meta property=\"og:locale\" content=\"ca_ES\" \/>\n<meta property=\"og:type\" content=\"article\" \/>\n<meta property=\"og:title\" content=\"Cap\u00edtol 3 - Les connexions - Les cinc llunes\" \/>\n<meta property=\"og:url\" content=\"https:\/\/lescincllunes.apuntmedia.es\/index.php\/2021\/08\/04\/capitol-3-les-connexions\/\" \/>\n<meta property=\"og:site_name\" content=\"Les cinc llunes\" \/>\n<meta property=\"article:publisher\" content=\"https:\/\/www.facebook.com\/lescincllunes\" \/>\n<meta property=\"article:published_time\" content=\"2021-08-04T19:00:46+00:00\" \/>\n<meta property=\"article:modified_time\" content=\"2021-08-04T19:01:24+00:00\" \/>\n<meta property=\"og:image\" content=\"https:\/\/lescincllunes.apuntmedia.es\/wp-content\/uploads\/2021\/03\/BannerCIRC.jpg\" \/>\n<meta name=\"twitter:card\" content=\"summary_large_image\" \/>\n<meta name=\"twitter:creator\" content=\"@lescincllunes\" \/>\n<meta name=\"twitter:site\" content=\"@lescincllunes\" \/>\n<meta name=\"twitter:label1\" content=\"Temps estimat de lectura\">\n\t<meta name=\"twitter:data1\" content=\"9 minuts\">\n<script type=\"application\/ld+json\" class=\"yoast-schema-graph\">{\"@context\":\"https:\/\/schema.org\",\"@graph\":[{\"@type\":\"WebSite\",\"@id\":\"https:\/\/lescincllunes.apuntmedia.es\/#website\",\"url\":\"https:\/\/lescincllunes.apuntmedia.es\/\",\"name\":\"Les cinc llunes\",\"description\":\"Un podcast de cultura radial\",\"potentialAction\":[{\"@type\":\"SearchAction\",\"target\":\"https:\/\/lescincllunes.apuntmedia.es\/?s={search_term_string}\",\"query-input\":\"required name=search_term_string\"}],\"inLanguage\":\"ca\"},{\"@type\":\"ImageObject\",\"@id\":\"https:\/\/lescincllunes.apuntmedia.es\/index.php\/2021\/08\/04\/capitol-3-les-connexions\/#primaryimage\",\"inLanguage\":\"ca\",\"url\":\"https:\/\/lescincllunes.apuntmedia.es\/wp-content\/uploads\/2021\/03\/BannerCIRC.jpg\",\"width\":1000,\"height\":151},{\"@type\":\"WebPage\",\"@id\":\"https:\/\/lescincllunes.apuntmedia.es\/index.php\/2021\/08\/04\/capitol-3-les-connexions\/#webpage\",\"url\":\"https:\/\/lescincllunes.apuntmedia.es\/index.php\/2021\/08\/04\/capitol-3-les-connexions\/\",\"name\":\"Cap\\u00edtol 3 - Les connexions - Les cinc llunes\",\"isPartOf\":{\"@id\":\"https:\/\/lescincllunes.apuntmedia.es\/#website\"},\"primaryImageOfPage\":{\"@id\":\"https:\/\/lescincllunes.apuntmedia.es\/index.php\/2021\/08\/04\/capitol-3-les-connexions\/#primaryimage\"},\"datePublished\":\"2021-08-04T19:00:46+00:00\",\"dateModified\":\"2021-08-04T19:01:24+00:00\",\"author\":{\"@id\":\"https:\/\/lescincllunes.apuntmedia.es\/#\/schema\/person\/f8e959baa4607fac92352114336d23bd\"},\"breadcrumb\":{\"@id\":\"https:\/\/lescincllunes.apuntmedia.es\/index.php\/2021\/08\/04\/capitol-3-les-connexions\/#breadcrumb\"},\"inLanguage\":\"ca\",\"potentialAction\":[{\"@type\":\"ReadAction\",\"target\":[\"https:\/\/lescincllunes.apuntmedia.es\/index.php\/2021\/08\/04\/capitol-3-les-connexions\/\"]}]},{\"@type\":\"BreadcrumbList\",\"@id\":\"https:\/\/lescincllunes.apuntmedia.es\/index.php\/2021\/08\/04\/capitol-3-les-connexions\/#breadcrumb\",\"itemListElement\":[{\"@type\":\"ListItem\",\"position\":1,\"item\":{\"@type\":\"WebPage\",\"@id\":\"https:\/\/lescincllunes.apuntmedia.es\/\",\"url\":\"https:\/\/lescincllunes.apuntmedia.es\/\",\"name\":\"Inici\"}},{\"@type\":\"ListItem\",\"position\":2,\"item\":{\"@type\":\"WebPage\",\"@id\":\"https:\/\/lescincllunes.apuntmedia.es\/index.php\/2021\/08\/04\/capitol-3-les-connexions\/\",\"url\":\"https:\/\/lescincllunes.apuntmedia.es\/index.php\/2021\/08\/04\/capitol-3-les-connexions\/\",\"name\":\"Cap\\u00edtol 3 &#8211; Les connexions\"}}]},{\"@type\":\"Person\",\"@id\":\"https:\/\/lescincllunes.apuntmedia.es\/#\/schema\/person\/f8e959baa4607fac92352114336d23bd\",\"name\":\"admin\",\"image\":{\"@type\":\"ImageObject\",\"@id\":\"https:\/\/lescincllunes.apuntmedia.es\/#personlogo\",\"inLanguage\":\"ca\",\"url\":\"https:\/\/secure.gravatar.com\/avatar\/dcd85d3d685af586f211eb122e24b51bd5be615b2e57181f1910a74104899533?s=96&d=mm&r=g\",\"caption\":\"admin\"},\"sameAs\":[\"https:\/\/lescincllunes.apuntmedia.es\"]}]}<\/script>\n<!-- \/ Yoast SEO plugin. -->","_links":{"self":[{"href":"https:\/\/lescincllunes.apuntmedia.es\/index.php\/wp-json\/wp\/v2\/posts\/209","targetHints":{"allow":["GET"]}}],"collection":[{"href":"https:\/\/lescincllunes.apuntmedia.es\/index.php\/wp-json\/wp\/v2\/posts"}],"about":[{"href":"https:\/\/lescincllunes.apuntmedia.es\/index.php\/wp-json\/wp\/v2\/types\/post"}],"author":[{"embeddable":true,"href":"https:\/\/lescincllunes.apuntmedia.es\/index.php\/wp-json\/wp\/v2\/users\/1"}],"replies":[{"embeddable":true,"href":"https:\/\/lescincllunes.apuntmedia.es\/index.php\/wp-json\/wp\/v2\/comments?post=209"}],"version-history":[{"count":44,"href":"https:\/\/lescincllunes.apuntmedia.es\/index.php\/wp-json\/wp\/v2\/posts\/209\/revisions"}],"predecessor-version":[{"id":2774,"href":"https:\/\/lescincllunes.apuntmedia.es\/index.php\/wp-json\/wp\/v2\/posts\/209\/revisions\/2774"}],"wp:attachment":[{"href":"https:\/\/lescincllunes.apuntmedia.es\/index.php\/wp-json\/wp\/v2\/media?parent=209"}],"wp:term":[{"taxonomy":"category","embeddable":true,"href":"https:\/\/lescincllunes.apuntmedia.es\/index.php\/wp-json\/wp\/v2\/categories?post=209"},{"taxonomy":"post_tag","embeddable":true,"href":"https:\/\/lescincllunes.apuntmedia.es\/index.php\/wp-json\/wp\/v2\/tags?post=209"}],"curies":[{"name":"wp","href":"https:\/\/api.w.org\/{rel}","templated":true}]}}