{"id":211,"date":"2021-08-06T21:00:08","date_gmt":"2021-08-06T19:00:08","guid":{"rendered":"https:\/\/lescincllunes.apuntmedia.es\/?p=211"},"modified":"2021-08-06T21:05:22","modified_gmt":"2021-08-06T19:05:22","slug":"capitol-5-la-vida-es-un-circ","status":"publish","type":"post","link":"https:\/\/lescincllunes.apuntmedia.es\/index.php\/2021\/08\/06\/capitol-5-la-vida-es-un-circ\/","title":{"rendered":"Cap\u00edtol 5 &#8211; La vida \u00e9s un circ"},"content":{"rendered":"\n<div style=\"max-width: 960px;\"><video-js data-account=\"6057955885001\" data-player=\"kxOJQ6zBrc\" data-embed=\"default\" controls=\"\" data-video-id=\"1693297703074657236\" data-playlist-id=\"\" data-application-id=\"\" class=\"vjs-fluid\"><\/video-js><\/div>\n\n\n\n<p><\/p>\n\n\n\n<div class=\"wp-block-image\"><figure class=\"aligncenter size-full\"><img fetchpriority=\"high\" decoding=\"async\" width=\"1000\" height=\"151\" src=\"https:\/\/lescincllunes.apuntmedia.es\/wp-content\/uploads\/2021\/03\/BannerCIRC.jpg\" alt=\"\" class=\"wp-image-43\" srcset=\"https:\/\/lescincllunes.apuntmedia.es\/wp-content\/uploads\/2021\/03\/BannerCIRC.jpg 1000w, https:\/\/lescincllunes.apuntmedia.es\/wp-content\/uploads\/2021\/03\/BannerCIRC-300x45.jpg 300w, https:\/\/lescincllunes.apuntmedia.es\/wp-content\/uploads\/2021\/03\/BannerCIRC-768x116.jpg 768w\" sizes=\"(max-width: 1000px) 100vw, 1000px\" \/><\/figure><\/div>\n\n\n\n<div class=\"wp-block-image\"><figure class=\"aligncenter size-full\"><img decoding=\"async\" width=\"1001\" height=\"101\" src=\"https:\/\/lescincllunes.apuntmedia.es\/wp-content\/uploads\/2021\/03\/COLORS-03.jpg\" alt=\"\" class=\"wp-image-52\" srcset=\"https:\/\/lescincllunes.apuntmedia.es\/wp-content\/uploads\/2021\/03\/COLORS-03.jpg 1001w, https:\/\/lescincllunes.apuntmedia.es\/wp-content\/uploads\/2021\/03\/COLORS-03-300x30.jpg 300w, https:\/\/lescincllunes.apuntmedia.es\/wp-content\/uploads\/2021\/03\/COLORS-03-768x77.jpg 768w\" sizes=\"(max-width: 1001px) 100vw, 1001px\" \/><\/figure><\/div>\n\n\n\n<p>Aut\u00f2mats, malabars, monocicles, trapezis&#8230; Un rac\u00f3 ple de disfresses i una col\u00b7lecci\u00f3 de nassos de color roig. Estructures impossibles, teles penjades al sostre per on els acr\u00f2bates s\u2019enfilen amb facilitat.<\/p>\n\n\n\n<div class=\"wp-block-image\"><figure class=\"aligncenter size-full\"><img decoding=\"async\" width=\"1000\" height=\"265\" src=\"https:\/\/lescincllunes.apuntmedia.es\/wp-content\/uploads\/2021\/03\/FOT_EspaiCirc.png\" alt=\"\" class=\"wp-image-76\" srcset=\"https:\/\/lescincllunes.apuntmedia.es\/wp-content\/uploads\/2021\/03\/FOT_EspaiCirc.png 1000w, https:\/\/lescincllunes.apuntmedia.es\/wp-content\/uploads\/2021\/03\/FOT_EspaiCirc-300x80.png 300w, https:\/\/lescincllunes.apuntmedia.es\/wp-content\/uploads\/2021\/03\/FOT_EspaiCirc-768x204.png 768w\" sizes=\"(max-width: 1000px) 100vw, 1000px\" \/><\/figure><\/div>\n\n\n\n<p>Hui la nostra pallassa <strong>Estufeta de Cor<\/strong> ens porta de visita a l\u2019<strong>Espai de Circ<\/strong>, un centre emblem\u00e0tic situat a Alboraia que serveix de punt de trobada d\u2019un grapat d\u2019artistes, no nom\u00e9s de circ, sin\u00f3 tamb\u00e9 d\u2019altres disciplines com la dansa, el teatre o la m\u00fasica.<\/p>\n\n\n\n<div style=\"max-width: 960px;\"><video-js data-account=\"6057955885001\" data-player=\"kxOJQ6zBrc\" data-embed=\"default\" controls=\"\" data-video-id=\"1693759123557901325\" data-playlist-id=\"\" data-application-id=\"\" class=\"vjs-fluid\"><\/video-js><\/div>\n\n\n\n<p><\/p>\n\n\n\n<p>A l\u2019Espai s\u2019investiguen i es desenvolupen les t\u00e8cniques del circ, un art que abra\u00e7a \u00e0rees tan diverses com l\u2019esport, l\u2019humor o la integraci\u00f3 des d\u2019un vessant pedag\u00f2gic i social. S\u2019escolten riures darrere d\u2019una porta. Ens colem a una classe del taller de clown.<\/p>\n\n\n\n<div style=\"max-width: 960px;\"><video-js data-account=\"6057955885001\" data-player=\"kxOJQ6zBrc\" data-embed=\"default\" controls=\"\" data-video-id=\"1693759122301776859\" data-playlist-id=\"\" data-application-id=\"\" class=\"vjs-fluid\"><\/video-js><\/div><script src=\"https:\/\/players.brightcove.net\/6057955885001\/kxOJQ6zBrc_default\/index.min.js\"><\/script>\n\n\n\n<p><\/p>\n\n\n\n<p>L\u2019Espai de Circ \u00e9s la seu de l\u2019<a href=\"http:\/\/espaidecirc.com\/\"><strong>Associaci\u00f3 Valenciana de Circ<\/strong><\/a>, que fou creada per un grup inicial de deu persones l\u2019any 2003 amb l\u2019objectiu de dignificar el m\u00f3n del circ i portar-lo a nous escenaris. Va comen\u00e7ar a treballar des d\u2019un local al carrer Goya, i des d\u2019all\u00e0 va anar creixent fins a convertir-se en el referent que \u00e9s en l\u2019actualitat.<\/p>\n\n\n\n<p>Per a m\u00e9s informaci\u00f3, podeu visitar <a href=\"http:\/\/espaidecirc.com\/\">el web de l\u2019Associaci\u00f3 Valenciana de Circ<\/a> o el seu <a href=\"https:\/\/www.facebook.com\/espaidecirc\">compte de Facebook<\/a>. Tamb\u00e9 podeu consultar<a href=\"https:\/\/drive.google.com\/file\/d\/1nxbvmuTZssTFhG_mHGbOYc7qMw1L2Yzs\/view\"> el cat\u00e0leg de l\u2019Associaci\u00f3 de Professionals del Circ de la Comunitat Valenciana<\/a>, que compta amb el suport de l\u2019<strong>Institut Valenci\u00e0 de Cultura<\/strong> i reuneix un extens ventall de propostes i artistes.<\/p>\n\n\n\n<div class=\"wp-block-image\"><figure class=\"aligncenter size-full\"><img loading=\"lazy\" decoding=\"async\" width=\"1000\" height=\"584\" src=\"https:\/\/lescincllunes.apuntmedia.es\/wp-content\/uploads\/2021\/03\/ElDisparata2.jpg\" alt=\"\" class=\"wp-image-61\" srcset=\"https:\/\/lescincllunes.apuntmedia.es\/wp-content\/uploads\/2021\/03\/ElDisparata2.jpg 1000w, https:\/\/lescincllunes.apuntmedia.es\/wp-content\/uploads\/2021\/03\/ElDisparata2-300x175.jpg 300w, https:\/\/lescincllunes.apuntmedia.es\/wp-content\/uploads\/2021\/03\/ElDisparata2-768x449.jpg 768w\" sizes=\"(max-width: 1000px) 100vw, 1000px\" \/><\/figure><\/div>\n\n\n\n<p>Ens dirigim ara cap al sud per visitar <strong>El Disparate<\/strong>, un altre espai de circ, situat a la ciutat d\u2019Alacant, que va obrir les seues portes l\u2019any 2009.<\/p>\n\n\n\n<div class=\"wp-block-image\"><figure class=\"aligncenter size-full\"><img loading=\"lazy\" decoding=\"async\" width=\"1000\" height=\"667\" src=\"https:\/\/lescincllunes.apuntmedia.es\/wp-content\/uploads\/2021\/03\/1.jpg\" alt=\"\" class=\"wp-image-6\" srcset=\"https:\/\/lescincllunes.apuntmedia.es\/wp-content\/uploads\/2021\/03\/1.jpg 1000w, https:\/\/lescincllunes.apuntmedia.es\/wp-content\/uploads\/2021\/03\/1-300x200.jpg 300w, https:\/\/lescincllunes.apuntmedia.es\/wp-content\/uploads\/2021\/03\/1-768x512.jpg 768w\" sizes=\"(max-width: 1000px) 100vw, 1000px\" \/><\/figure><\/div>\n\n\n\n<p><strong><strong>Elena Ludwig<\/strong><\/strong>, acr\u00f2bata, productora i membre d\u2019<strong>El Disparate<\/strong>, explica la dificultat de trobar espais que cobrisquen les necessitats espec\u00edfiques dels artistes d\u2019aquesta disciplina i dels seus espectacles i entrenaments. El cas d\u2019aquest espai de circ no \u00e9s una excepci\u00f3. Al llarg de la seua traject\u00f2ria ha hagut de canviar de localitzaci\u00f3 fins a quatre vegades.<\/p>\n\n\n\n<p><\/p>\n\n\n\n<div class=\"wp-block-image\"><figure class=\"aligncenter size-full\"><img loading=\"lazy\" decoding=\"async\" width=\"1000\" height=\"151\" src=\"https:\/\/lescincllunes.apuntmedia.es\/wp-content\/uploads\/2021\/03\/BannerMUSICA.jpg\" alt=\"\" class=\"wp-image-45\" srcset=\"https:\/\/lescincllunes.apuntmedia.es\/wp-content\/uploads\/2021\/03\/BannerMUSICA.jpg 1000w, https:\/\/lescincllunes.apuntmedia.es\/wp-content\/uploads\/2021\/03\/BannerMUSICA-300x45.jpg 300w, https:\/\/lescincllunes.apuntmedia.es\/wp-content\/uploads\/2021\/03\/BannerMUSICA-768x116.jpg 768w\" sizes=\"(max-width: 1000px) 100vw, 1000px\" \/><\/figure><\/div>\n\n\n\n<div class=\"wp-block-image\"><figure class=\"aligncenter size-full\"><img loading=\"lazy\" decoding=\"async\" width=\"1024\" height=\"576\" src=\"https:\/\/lescincllunes.apuntmedia.es\/wp-content\/uploads\/2021\/03\/FotoAntiga-1024x576-1.jpg\" alt=\"\" class=\"wp-image-88\" srcset=\"https:\/\/lescincllunes.apuntmedia.es\/wp-content\/uploads\/2021\/03\/FotoAntiga-1024x576-1.jpg 1024w, https:\/\/lescincllunes.apuntmedia.es\/wp-content\/uploads\/2021\/03\/FotoAntiga-1024x576-1-300x169.jpg 300w, https:\/\/lescincllunes.apuntmedia.es\/wp-content\/uploads\/2021\/03\/FotoAntiga-1024x576-1-768x432.jpg 768w\" sizes=\"(max-width: 1024px) 100vw, 1024px\" \/><\/figure><\/div>\n\n\n\n<p>Descobrim documents i objectes que s\u2019han anat acumulant al llarg del temps al si de les societats musicals valencianes que formen part essencial de la nostra mem\u00f2ria i patrimoni cultural i que cal recuperar, conservar i divulgar. Aix\u00f2 \u00e9s el que fa<strong> \u201cM\u00fasica a la llum\u201d<\/strong>, una iniciativa de l\u2019<strong>Institut Valenci\u00e0 de Cultura<\/strong> en col\u00b7laboraci\u00f3 amb Bankia i la Federaci\u00f3 de Societats Musicals de la Comunitat Valenciana (FSMCV).<\/p>\n\n\n\n<div class=\"wp-block-image\"><figure class=\"aligncenter size-full\"><img loading=\"lazy\" decoding=\"async\" width=\"1000\" height=\"346\" src=\"https:\/\/lescincllunes.apuntmedia.es\/wp-content\/uploads\/2021\/03\/MLlumBanner.jpg\" alt=\"\" class=\"wp-image-122\" srcset=\"https:\/\/lescincllunes.apuntmedia.es\/wp-content\/uploads\/2021\/03\/MLlumBanner.jpg 1000w, https:\/\/lescincllunes.apuntmedia.es\/wp-content\/uploads\/2021\/03\/MLlumBanner-300x104.jpg 300w, https:\/\/lescincllunes.apuntmedia.es\/wp-content\/uploads\/2021\/03\/MLlumBanner-768x266.jpg 768w\" sizes=\"(max-width: 1000px) 100vw, 1000px\" \/><\/figure><\/div>\n\n\n\n<p>Des dels inicis de 2017, un equip de t\u00e8cnics, amb el suport dels responsables de cada societat, arreplega informaci\u00f3 detallada sobre els arxius musicals i administratius de les bandes i qualsevol altre patrimoni d\u2019inter\u00e9s.<\/p>\n\n\n\n<div class=\"wp-block-image\"><figure class=\"aligncenter size-full\"><img loading=\"lazy\" decoding=\"async\" width=\"1000\" height=\"563\" src=\"https:\/\/lescincllunes.apuntmedia.es\/wp-content\/uploads\/2021\/03\/Fliscorno-Primitiva-Lliria-1.jpg\" alt=\"\" class=\"wp-image-70\" srcset=\"https:\/\/lescincllunes.apuntmedia.es\/wp-content\/uploads\/2021\/03\/Fliscorno-Primitiva-Lliria-1.jpg 1000w, https:\/\/lescincllunes.apuntmedia.es\/wp-content\/uploads\/2021\/03\/Fliscorno-Primitiva-Lliria-1-300x169.jpg 300w, https:\/\/lescincllunes.apuntmedia.es\/wp-content\/uploads\/2021\/03\/Fliscorno-Primitiva-Lliria-1-768x432.jpg 768w\" sizes=\"(max-width: 1000px) 100vw, 1000px\" \/><\/figure><\/div>\n\n\n\n<p>Aquesta informaci\u00f3 est\u00e0 a l\u2019abast de tots els interessats a trav\u00e9s del <a href=\"https:\/\/www.musicaalallum.es\/\">web del projecte<\/a>, que cont\u00e9 un <a href=\"https:\/\/www.musicaalallum.es\/mapa-de-societats-musicals\/\">mapa de les societats musicals<\/a> adherides a la iniciativa, una descripci\u00f3 dels seus arxius i on tamb\u00e9 es poden trobar audiovisuals, textos, discos i estudis sobre la m\u00fasica de vent i els seus creadors.<\/p>\n\n\n\n<div class=\"wp-block-image\"><figure class=\"aligncenter size-full\"><img loading=\"lazy\" decoding=\"async\" width=\"1000\" height=\"755\" src=\"https:\/\/lescincllunes.apuntmedia.es\/wp-content\/uploads\/2021\/03\/Mapa.jpg\" alt=\"\" class=\"wp-image-111\" srcset=\"https:\/\/lescincllunes.apuntmedia.es\/wp-content\/uploads\/2021\/03\/Mapa.jpg 1000w, https:\/\/lescincllunes.apuntmedia.es\/wp-content\/uploads\/2021\/03\/Mapa-300x227.jpg 300w, https:\/\/lescincllunes.apuntmedia.es\/wp-content\/uploads\/2021\/03\/Mapa-768x580.jpg 768w\" sizes=\"(max-width: 1000px) 100vw, 1000px\" \/><\/figure><\/div>\n\n\n\n<p>Mostrem ara un fragment de l\u2019entrevista a <strong>Fernando Codina<\/strong> i <strong>Juan Pelegr\u00ed<\/strong>, arxivers de l\u2019<strong>SMI Santa Cec\u00edlia<\/strong> de Cullera, en qu\u00e8 expliquen els or\u00edgens del seu arxiu i les tasques primitives d\u2019indexar i organitzar les obres.<\/p>\n\n\n\n<iframe width=\"700\" height=\"400\" src=\"https:\/\/www.youtube.com\/embed\/By8P7ajteuc?start=0&amp;end=107\" frameborder=\"0\" allow=\"accelerometer; autoplay; clipboard-write; encrypted-media; gyroscope; picture-in-picture\" allowfullscreen=\"\"><\/iframe>\n\n\n\n<p><\/p>\n\n\n\n<p><strong><strong>\u201cM\u00fasica a la llum\u201d<\/strong><\/strong> ha enregistrat quatre discos en col\u00b7laboraci\u00f3 amb la <strong>Jove Banda Simf\u00f2nica de la FSMCV<\/strong>, en els quals s\u2019interpreten peces recuperades d\u2019autors com ara <strong>Salvador Giner<\/strong>, <strong>Jos\u00e9 Manuel Izquierdo<\/strong>, o <strong>Ruperto Chap\u00ed<\/strong> entre altres. <\/p>\n\n\n\n<div class=\"wp-block-image\"><figure class=\"aligncenter size-full\"><img loading=\"lazy\" decoding=\"async\" width=\"833\" height=\"1024\" src=\"https:\/\/lescincllunes.apuntmedia.es\/wp-content\/uploads\/2021\/03\/Discografia-04-04-833x1024-1.jpg\" alt=\"\" class=\"wp-image-58\" srcset=\"https:\/\/lescincllunes.apuntmedia.es\/wp-content\/uploads\/2021\/03\/Discografia-04-04-833x1024-1.jpg 833w, https:\/\/lescincllunes.apuntmedia.es\/wp-content\/uploads\/2021\/03\/Discografia-04-04-833x1024-1-244x300.jpg 244w, https:\/\/lescincllunes.apuntmedia.es\/wp-content\/uploads\/2021\/03\/Discografia-04-04-833x1024-1-768x944.jpg 768w\" sizes=\"(max-width: 833px) 100vw, 833px\" \/><\/figure><\/div>\n\n\n\n<p>En el programa coneixem el canal de Youtube <em><a href=\"https:\/\/www.youtube.com\/channel\/UCAcdOjsfj4xgdGgMdXhIGLg\" target=\"_blank\" rel=\"noreferrer noopener\">En clau de vents<\/a>,<\/em> el qual recupera obres de m\u00fasica per a banda escrites abans de 1950.<\/p>\n\n\n\n<p><\/p>\n\n\n\n<div class=\"wp-block-image\"><figure class=\"aligncenter size-full\"><img loading=\"lazy\" decoding=\"async\" width=\"1000\" height=\"151\" src=\"https:\/\/lescincllunes.apuntmedia.es\/wp-content\/uploads\/2021\/03\/BannerCINEMA.jpg\" alt=\"\" class=\"wp-image-42\" srcset=\"https:\/\/lescincllunes.apuntmedia.es\/wp-content\/uploads\/2021\/03\/BannerCINEMA.jpg 1000w, https:\/\/lescincllunes.apuntmedia.es\/wp-content\/uploads\/2021\/03\/BannerCINEMA-300x45.jpg 300w, https:\/\/lescincllunes.apuntmedia.es\/wp-content\/uploads\/2021\/03\/BannerCINEMA-768x116.jpg 768w\" sizes=\"(max-width: 1000px) 100vw, 1000px\" \/><\/figure><\/div>\n\n\n\n<div class=\"wp-block-image\"><figure class=\"aligncenter size-full\"><img loading=\"lazy\" decoding=\"async\" width=\"1001\" height=\"101\" src=\"https:\/\/lescincllunes.apuntmedia.es\/wp-content\/uploads\/2021\/03\/SonaLaFilmo-03.jpg\" alt=\"\" class=\"wp-image-148\" srcset=\"https:\/\/lescincllunes.apuntmedia.es\/wp-content\/uploads\/2021\/03\/SonaLaFilmo-03.jpg 1001w, https:\/\/lescincllunes.apuntmedia.es\/wp-content\/uploads\/2021\/03\/SonaLaFilmo-03-300x30.jpg 300w, https:\/\/lescincllunes.apuntmedia.es\/wp-content\/uploads\/2021\/03\/SonaLaFilmo-03-768x77.jpg 768w\" sizes=\"(max-width: 1001px) 100vw, 1001px\" \/><\/figure><\/div>\n\n\n\n<p>En el cinema, com a l\u2019univers, el temps \u00e9s relatiu. La qualitat no est\u00e0 renyida amb la durada, en absolut. I la prova \u00e9s que al cinema valenci\u00e0 tenim aut\u00e8ntiques joies condensades en capsetes de no m\u00e9s de 30 minuts.<\/p>\n\n\n\n<p>En la lluna de cinema fem una ullada a la producci\u00f3 valenciana de curtmetratges de la m\u00e0 de <strong>Dora Mart\u00ed<\/strong>, responsable de Promoci\u00f3 i Curtmetratges de la <strong>Filmoteca Valenciana<\/strong>. El seu departament \u00e9s l\u2019encarregat de fer valdre un format sovint considerat menor, per\u00f2 capa\u00e7 de contar hist\u00f2ries en poc temps amb l\u2019habilitat de commoure, emocionar o impactar tant o m\u00e9s que el seu germ\u00e0 major, el llargmetratge.<\/p>\n\n\n\n<p><span class=\"has-inline-color has-black-color\">Fem un rep\u00e0s als noms propis del curtmetratge valenci\u00e0 i les pel\u00b7l\u00edcules clau dels \u00faltims anys, les quals acumulen un bon grapat de premis i nominacions als Goya.<\/span><\/p>\n\n\n\n<h2 class=\"wp-block-heading\"><em>El Deseado<\/em>, d&#8217;<strong>\u00d3scar Bern\u00e0cer<\/strong><\/h2>\n\n\n\n<figure class=\"wp-block-embed aligncenter is-type-video is-provider-vimeo wp-block-embed-vimeo wp-embed-aspect-21-9 wp-has-aspect-ratio\"><div class=\"wp-block-embed__wrapper\">\n<iframe title=\"EL DESEADO, &amp;Oacute;scar Bern&amp;agrave;cer [Trailer]\" src=\"https:\/\/player.vimeo.com\/video\/445270238?dnt=1&amp;app_id=122963\" width=\"750\" height=\"319\" frameborder=\"0\" allow=\"autoplay; fullscreen; picture-in-picture\" allowfullscreen><\/iframe>\n<\/div><\/figure>\n\n\n\n<p>Vicente ha tingut una inf\u00e0ncia plena. Tot en la seua vida \u00e9s aparentment normal, fins que la not\u00edcia dels beb\u00e9s robats salta als mitjans de comunicaci\u00f3 i, trenta-huit anys despr\u00e9s, descobreix que va ser comprat. Aquesta \u00e9s la hist\u00f2ria de <em>Deseado<\/em>, un dels \u00faltims treballs d\u2019<strong>\u00d3scar Bern\u00e0cer<\/strong>, candidat a la nominaci\u00f3 a la 35a edici\u00f3 dels Goya. Els seus curtmetratges han pogut veure\u2019s en centenars de festivals i multitud de televisions de tot el m\u00f3n, sumant m\u00e9s de 170 premis, dues candidatures als Goya i la nominaci\u00f3 al M\u00e9li\u00e8s d\u2019Or.<\/p>\n\n\n\n<p><\/p>\n\n\n\n<h2 class=\"wp-block-heading\"><em>El ataque de los robots de Nebulosa<\/em>, de Chema Garcia<\/h2>\n\n\n\n<figure class=\"wp-block-embed aligncenter is-type-video is-provider-youtube wp-block-embed-youtube wp-embed-aspect-16-9 wp-has-aspect-ratio\"><div class=\"wp-block-embed__wrapper\">\n<iframe title=\"-El ataque de los robots de Nebulosa 5- de Chema Garc\u00eda Ibarra\" width=\"750\" height=\"422\" src=\"https:\/\/www.youtube.com\/embed\/IxMf0PTzJps?feature=oembed\" frameborder=\"0\" allow=\"accelerometer; autoplay; clipboard-write; encrypted-media; gyroscope; picture-in-picture\" allowfullscreen><\/iframe>\n<\/div><\/figure>\n\n\n\n<p>Els premiad\u00edssims curts de <strong>Chema Garc\u00eda Ibarra<\/strong> \u2014acumula gaireb\u00e9 200 guardons\u2014 han viatjat per festivals de tot el m\u00f3n com Berl\u00edn, Sundance o Sant Sebasti\u00e0. Probablement aquest treball, <em>El ataque de los robots de nebulosa<\/em>, \u00e9s el seu curtmetratge m\u00e9s internacional i lloat. La pel\u00b7l\u00edcula est\u00e0 rodada a Elx, on viu i tracta d\u2019ambientar sempre els seus films l\u2019il\u00b7licit\u00e0, que ha acabat fa poc la producci\u00f3 del seu primer llargmetratge, <em>Esp\u00edritu Sagrado.<\/em><\/p>\n\n\n\n<p><\/p>\n\n\n\n<h2 class=\"wp-block-heading\"><em>Metamorphosis<\/em>, de Carla Pereira<\/h2>\n\n\n\n<figure class=\"wp-block-embed aligncenter is-type-video is-provider-vimeo wp-block-embed-vimeo wp-embed-aspect-16-9 wp-has-aspect-ratio\"><div class=\"wp-block-embed__wrapper\">\n<iframe title=\"tr&amp;aacute;iler de Metamorphosis\" src=\"https:\/\/player.vimeo.com\/video\/492013597?dnt=1&amp;app_id=122963\" width=\"750\" height=\"422\" frameborder=\"0\" allow=\"autoplay; fullscreen; picture-in-picture\" allowfullscreen><\/iframe>\n<\/div><\/figure>\n\n\n\n<p>Ha complit els trenta i encara viu amb sa mare. Taciturn i turmentat, ha perdut definitivament tot contacte amb la realitat. Una nit, aprofitant l\u2019abs\u00e8ncia de sa mare, decideix alliberar-se dels seus dimonis interiors. Aquesta \u00e9s la trama de <em>Metamorphosis, <\/em>el curt codirigit per <strong>Carla Pereira<\/strong> i <strong>Juanfran Jacinto<\/strong> nominat a la 35a edici\u00f3 dels Goya per a millor curtmetratge d\u2019animaci\u00f3.<\/p>\n\n\n\n<p>Natural de Buenos Aires, <strong>Carla Pereira<\/strong> va acabar establint-se a Val\u00e8ncia on s\u2019ha format i ha desenvolupat la seua carrera especialitzada com a animadora de <em>stop-motion<\/em>.<\/p>\n\n\n\n<p><\/p>\n\n\n\n<div class=\"wp-block-group\"><div class=\"wp-block-group__inner-container is-layout-flow wp-block-group-is-layout-flow\">\n<h2 class=\"wp-block-heading\"><em>El abrigo rojo<\/em>, d&#8217;<strong>Avelina Prat<\/strong><\/h2>\n<\/div><\/div>\n\n\n\n<iframe width=\"700\" height=\"450\" src=\"https:\/\/www.youtube.com\/embed\/mVSbOBu4x58\" frameborder=\"0\" allow=\"accelerometer; autoplay; clipboard-write; encrypted-media; gyroscope; picture-in-picture\" allowfullscreen=\"\"><\/iframe>\n\n\n\n<p><\/p>\n\n\n\n<p>Una carta oblidada en el folre d\u2019un abric antic desperta la curiositat de la treballadora d\u2019una tintoreria. <em>El abrigo rojo <\/em>\u00e9s un dels treballs que ha realitzat <strong>Avelina Prat<\/strong> en format curtmetratge.<\/p>\n\n\n\n<p>Des de 2004 treballa com a <em>script <\/em>(secret\u00e0ria de rodatge), ha participat en m\u00e9s de trenta llargmetratges amb directors com <strong>Fernando Trueba<\/strong>, <strong>Cesc Gay<\/strong>, <strong>Manuel Mart\u00edn Cuenca<\/strong>, <strong>Javier Rebollo<\/strong>, <strong>David Trueba<\/strong> o <strong>Lucile Hadzihalilovic<\/strong>. Tamb\u00e9 \u00e9s programadora en el <strong>Festival Internacional Cinema Jove<\/strong> de Val\u00e8ncia.<\/p>\n\n\n\n<p>Ha escrit i dirigit un documental i diversos curtmetratges. Un dels seus \u00faltims curts, <em>3\/105<\/em>, codirigit amb <strong>Diego Opazo<\/strong>, va ser seleccionat en el <strong>Festival de Ven\u00e8cia<\/strong>. I ara prepara el seu primer llargmetratge, <em>Vasil<\/em>, produ\u00eft per <strong>Diferent Films<\/strong>.<\/p>\n\n\n\n<p><\/p>\n\n\n\n<h2 class=\"wp-block-heading\"><em>El enigma del chico croqueta<\/em>, de <strong>Pablo Llorens&nbsp;<\/strong><\/h2>\n\n\n\n<figure class=\"wp-block-embed aligncenter is-type-video is-provider-vimeo wp-block-embed-vimeo wp-embed-aspect-16-9 wp-has-aspect-ratio\"><div class=\"wp-block-embed__wrapper\">\n<iframe title=\"EL ENIGMA DEL CHICO CROQUETA\" src=\"https:\/\/player.vimeo.com\/video\/2301336?dnt=1&amp;app_id=122963\" width=\"750\" height=\"422\" frameborder=\"0\" allow=\"autoplay; fullscreen; picture-in-picture\" allowfullscreen><\/iframe>\n<\/div><\/figure>\n\n\n\n<p>\u00c0lex Garcia, una estrella televisiva oblidada, es converteix en objecte de la teleporqueria m\u00e9s cruel, per\u00f2 la seua vida fa un gir inesperat quan una organitzaci\u00f3 secreta vol interrogar-lo sobre assumptes misteriosos, la qual cosa el porta a descobrir la veritat sobre el seu frac\u00e0s i que uns invasors marcians van darrere d\u2019ell amb intencions sinistres. <em>El enigma del chico croqueta<\/em> \u00e9s un dels seus treballs m\u00e9s afamats, premiat amb el Goya a millor curtmetratge d\u2019animaci\u00f3 en 2005.&nbsp;<\/p>\n\n\n\n<p><strong>Pablo Llorens<\/strong> \u00e9s un dels referents nacionals m\u00e9s grans del panorama de l\u2019animaci\u00f3 i la t\u00e8cnica de l\u2019<em>stop-motion<\/em>. L\u2019alcoi\u00e0 es va dedicar des de molt jove a animar amb plastilina i un dels seus primers curtmetratges, <em>Caracol, col, col<\/em> (1995) va rebre tamb\u00e9 el Premi Goya al millor curtmetratge d\u2019animaci\u00f3. La seua activitat s\u2019ha est\u00e9s&nbsp; tamb\u00e9 a la realitzaci\u00f3 de videoclips musicals, s\u00e8ries d&#8217;animaci\u00f3 per a televisi\u00f3, llargmetratges i espots publicitaris.<\/p>\n\n\n\n<p><\/p>\n\n\n\n<div class=\"wp-block-image\"><figure class=\"aligncenter size-full\"><img loading=\"lazy\" decoding=\"async\" width=\"1000\" height=\"377\" src=\"https:\/\/lescincllunes.apuntmedia.es\/wp-content\/uploads\/2021\/03\/CurtCreixent.jpg\" alt=\"\" class=\"wp-image-1100\" srcset=\"https:\/\/lescincllunes.apuntmedia.es\/wp-content\/uploads\/2021\/03\/CurtCreixent.jpg 1000w, https:\/\/lescincllunes.apuntmedia.es\/wp-content\/uploads\/2021\/03\/CurtCreixent-300x113.jpg 300w, https:\/\/lescincllunes.apuntmedia.es\/wp-content\/uploads\/2021\/03\/CurtCreixent-768x290.jpg 768w\" sizes=\"(max-width: 1000px) 100vw, 1000px\" \/><\/figure><\/div>\n\n\n\n<p><strong>Curt Creixent<\/strong> \u00e9s un espai de trobada sobre el curtmetratge. L\u2019objectiu \u00e9s compartir experi\u00e8ncies sobre com programar, distribuir, comunicar i gaudir dels curts en el context del cinema actual, amb perspectiva internacional i pensant especialment en l\u2019espectador.<\/p>\n\n\n\n<p>Les jornades de Curt Creixent, organitzades per l\u2019<strong>Institut Valenci\u00e0 de Cultura<\/strong> i&nbsp; <strong>Cinema Jove<\/strong> en col\u00b7laboraci\u00f3 amb <strong>Some Like It Short<\/strong>, busquen reunir i relacionar els professionals i estudiants de l\u2019audiovisual, la cultura i l\u2019educaci\u00f3 i fer valdre l\u2019enorme i creixent potencial creatiu, industrial, social i cultural del cinema breu.<\/p>\n\n\n\n<p><\/p>\n\n\n\n<div class=\"wp-block-image\"><figure class=\"aligncenter size-full\"><img loading=\"lazy\" decoding=\"async\" width=\"1000\" height=\"380\" src=\"https:\/\/lescincllunes.apuntmedia.es\/wp-content\/uploads\/2021\/03\/Festimapp2.jpg\" alt=\"\" class=\"wp-image-68\" srcset=\"https:\/\/lescincllunes.apuntmedia.es\/wp-content\/uploads\/2021\/03\/Festimapp2.jpg 1000w, https:\/\/lescincllunes.apuntmedia.es\/wp-content\/uploads\/2021\/03\/Festimapp2-300x114.jpg 300w, https:\/\/lescincllunes.apuntmedia.es\/wp-content\/uploads\/2021\/03\/Festimapp2-768x292.jpg 768w\" sizes=\"(max-width: 1000px) 100vw, 1000px\" \/><\/figure><\/div>\n\n\n\n<p>Un dels espais on major recorregut t\u00e9 el curtmetratge \u00e9s en els festivals de cinema i en els cert\u00e0mens especialitzats en aquest format. Des de l\u2019any 2014, l&#8217;<strong>Institut Valenci\u00e0 de Cultura<\/strong> dibuixa un mapa amb els festivals de cinema que se celebren arreu de la geografia valenciana, amb el qual pret\u00e9n recollir les dades m\u00e9s rellevants d&#8217;aquests. Tal com es va proposar per primera vegada des de la seua creaci\u00f3, <strong>FestiMapp<\/strong> s&#8217;encomana com l\u2019oportunitat de crear un espai on tots els festivals del territori puguen compartir les seues visions, els seus valors i les seues propostes de futur.<\/p>\n\n\n\n<div class=\"wp-block-image\"><figure class=\"aligncenter size-full\"><img loading=\"lazy\" decoding=\"async\" width=\"961\" height=\"728\" src=\"https:\/\/lescincllunes.apuntmedia.es\/wp-content\/uploads\/2021\/03\/Festimapp-2.jpg\" alt=\"\" class=\"wp-image-69\" srcset=\"https:\/\/lescincllunes.apuntmedia.es\/wp-content\/uploads\/2021\/03\/Festimapp-2.jpg 961w, https:\/\/lescincllunes.apuntmedia.es\/wp-content\/uploads\/2021\/03\/Festimapp-2-300x227.jpg 300w, https:\/\/lescincllunes.apuntmedia.es\/wp-content\/uploads\/2021\/03\/Festimapp-2-768x582.jpg 768w\" sizes=\"(max-width: 961px) 100vw, 961px\" \/><\/figure><\/div>\n\n\n\n<p>Podeu veure el <a rel=\"noreferrer noopener\" href=\"https:\/\/ivc.gva.es\/val\/audiovisual\/promocio\/festimapp\" target=\"_blank\">llistat complet de festivals<\/a> del circuit i l&#8217;<a href=\"https:\/\/ivc.gva.es\/admin\/assets\/docs\/1\/f\/1festimappinformevalv3.pdf\" target=\"_blank\" rel=\"noreferrer noopener\">informe del projecte<\/a> de l&#8217;edici\u00f3 del 2020.<\/p>\n\n\n\n<p><\/p>\n\n\n\n<div class=\"wp-block-image\"><figure class=\"aligncenter size-full\"><img loading=\"lazy\" decoding=\"async\" width=\"1000\" height=\"372\" src=\"https:\/\/lescincllunes.apuntmedia.es\/wp-content\/uploads\/2021\/03\/FilemCurt.jpg\" alt=\"\" class=\"wp-image-1103\" srcset=\"https:\/\/lescincllunes.apuntmedia.es\/wp-content\/uploads\/2021\/03\/FilemCurt.jpg 1000w, https:\/\/lescincllunes.apuntmedia.es\/wp-content\/uploads\/2021\/03\/FilemCurt-300x112.jpg 300w, https:\/\/lescincllunes.apuntmedia.es\/wp-content\/uploads\/2021\/03\/FilemCurt-768x286.jpg 768w\" sizes=\"(max-width: 1000px) 100vw, 1000px\" \/><\/figure><\/div>\n\n\n\n<p><span class=\"has-inline-color has-black-color\"><strong><em>Filem curt<\/em><\/strong> \u00e9s tamb\u00e9 el nom que rep l&#8217;aposta de la televisi\u00f3 d&#8217;<strong>\u00c0 Punt M\u00e8dia<\/strong> per donar visibilitat al sector audiovisual valenci\u00e0. Una finestra oberta al m\u00f3n del curtmetratge fet al nostre territori amb una durada de 50 minuts i una aposta transm\u00e8dia. Podeu veure tots els cap\u00edtols a la carta des del <a rel=\"noreferrer noopener\" href=\"https:\/\/apuntmedia.es\/va\/a-la-carta\/programes\/vist-en-tv\/filem-curt\" target=\"_blank\">web d&#8217;\u00c0 Punt M\u00e9dia<\/a>.<\/span><\/p>\n\n\n\n<iframe src=\"https:\/\/www.facebook.com\/plugins\/video.php?height=314&amp;href=https%3A%2F%2Fwww.facebook.com%2Fapuntmedia%2Fvideos%2F862920187879971%2F&amp;show_text=false&amp;width=700\" width=\"700\" height=\"314\" style=\"border:none;overflow:hidden\" scrolling=\"no\" frameborder=\"0\" allowfullscreen=\"true\" allow=\"autoplay; clipboard-write; encrypted-media; picture-in-picture; web-share\"><\/iframe>\n\n\n\n<p><\/p>\n\n\n\n<div class=\"wp-block-image\"><figure class=\"aligncenter size-full\"><img loading=\"lazy\" decoding=\"async\" width=\"1000\" height=\"151\" src=\"https:\/\/lescincllunes.apuntmedia.es\/wp-content\/uploads\/2021\/03\/COLORS_Separadors-21.jpg\" alt=\"\" class=\"wp-image-951\" srcset=\"https:\/\/lescincllunes.apuntmedia.es\/wp-content\/uploads\/2021\/03\/COLORS_Separadors-21.jpg 1000w, https:\/\/lescincllunes.apuntmedia.es\/wp-content\/uploads\/2021\/03\/COLORS_Separadors-21-300x45.jpg 300w, https:\/\/lescincllunes.apuntmedia.es\/wp-content\/uploads\/2021\/03\/COLORS_Separadors-21-768x116.jpg 768w\" sizes=\"(max-width: 1000px) 100vw, 1000px\" \/><\/figure><\/div>\n\n\n\n<div class=\"wp-block-image\"><figure class=\"aligncenter size-full\"><img loading=\"lazy\" decoding=\"async\" width=\"1001\" height=\"101\" src=\"https:\/\/lescincllunes.apuntmedia.es\/wp-content\/uploads\/2021\/03\/COLORS_Separadors-09.jpg\" alt=\"\" class=\"wp-image-984\" srcset=\"https:\/\/lescincllunes.apuntmedia.es\/wp-content\/uploads\/2021\/03\/COLORS_Separadors-09.jpg 1001w, https:\/\/lescincllunes.apuntmedia.es\/wp-content\/uploads\/2021\/03\/COLORS_Separadors-09-300x30.jpg 300w, https:\/\/lescincllunes.apuntmedia.es\/wp-content\/uploads\/2021\/03\/COLORS_Separadors-09-768x77.jpg 768w\" sizes=\"(max-width: 1001px) 100vw, 1001px\" \/><\/figure><\/div>\n\n\n\n<h2 class=\"wp-block-heading\">Cap\u00edtol 2: <em>Accidents sonors.<\/em><\/h2>\n\n\n\n<p>Estem a <strong>la Vall d\u2019Alcal\u00e0<\/strong>, a la Marina Alta. En aquesta nota de so no ens mourem, en compte de viatjar ens quedarem molt quiets i callats, asseguts en un pedr\u00eds del carrer del Calvari. Pareu l\u2019orella perqu\u00e8 el nostre col\u00b7laborador <strong>Edu Comelles<\/strong> ens presenta alguns dels seus <em>accidents sonors<\/em>.<\/p>\n\n\n\n<div class=\"wp-block-image\"><figure class=\"aligncenter size-full\"><img loading=\"lazy\" decoding=\"async\" width=\"1000\" height=\"568\" src=\"https:\/\/lescincllunes.apuntmedia.es\/wp-content\/uploads\/2021\/03\/EduComelles.jpg\" alt=\"\" class=\"wp-image-60\" srcset=\"https:\/\/lescincllunes.apuntmedia.es\/wp-content\/uploads\/2021\/03\/EduComelles.jpg 1000w, https:\/\/lescincllunes.apuntmedia.es\/wp-content\/uploads\/2021\/03\/EduComelles-300x170.jpg 300w, https:\/\/lescincllunes.apuntmedia.es\/wp-content\/uploads\/2021\/03\/EduComelles-768x436.jpg 768w\" sizes=\"(max-width: 1000px) 100vw, 1000px\" \/><\/figure><\/div>\n\n\n\n<p>Les campanes d\u2019un poble menut. Un cotxe que passa. Una fonteta d\u2019on brolla l\u2019aigua constantment. Uns xiquets jugant al carrer i un adult que els crida l\u2019atenci\u00f3: \u201cEixa boqueta!\u201d.<\/p>\n\n\n\n<p>La pe\u00e7a <strong><em>A fer la m\u00e0<\/em><\/strong>, considerada per l\u2019autor com un xicotet tresor, va ser realitzada de colp i sense editar-ne el so, tal com va succeir just despr\u00e9s de pr\u00e9mer el bot\u00f3 de gravar. D\u2019una forma m\u00e0gica, diferents elements sonors es conjuguen per a formar una m\u00fasica composta a partir de sons aleatoris i en canvi constant. Un moment \u00fanic i irrepetible en qu\u00e8 diferents elements de la natura es posen d\u2019acord per a crear un moment de bellesa passatgera, ef\u00edmera i fuga\u00e7. El que els japonesos anomenen <strong><em>sharawadji<\/em><\/strong>.<\/p>\n\n\n\n<iframe style=\"border: 0; width: 100%; height: 120px;\" src=\"https:\/\/bandcamp.com\/EmbeddedPlayer\/album=415365159\/size=large\/bgcol=ffffff\/linkcol=0687f5\/tracklist=false\/artwork=small\/track=1276991356\/transparent=true\/\" seamless=\"\"><a href=\"https:\/\/educomelles.bandcamp.com\/album\/selected-compositions\">Selected Compositions by edu comelles<\/a><\/iframe>\n\n\n\n<p>S\u00f3n situacions fortu\u00eftes, encontres ocasionals amb paisatges sonors ins\u00f2lits, accidents sonors estranys i \u00fanics que per fortuna hom va arribar a temps a gravar i conservar-ne el registre per curt que fora. <\/p>\n\n\n\n<div class=\"wp-block-image\"><figure class=\"aligncenter size-full\"><img loading=\"lazy\" decoding=\"async\" width=\"1000\" height=\"685\" src=\"https:\/\/lescincllunes.apuntmedia.es\/wp-content\/uploads\/2021\/03\/ACCIDENTS-SONORS-01.jpg\" alt=\"\" class=\"wp-image-33\" srcset=\"https:\/\/lescincllunes.apuntmedia.es\/wp-content\/uploads\/2021\/03\/ACCIDENTS-SONORS-01.jpg 1000w, https:\/\/lescincllunes.apuntmedia.es\/wp-content\/uploads\/2021\/03\/ACCIDENTS-SONORS-01-300x206.jpg 300w, https:\/\/lescincllunes.apuntmedia.es\/wp-content\/uploads\/2021\/03\/ACCIDENTS-SONORS-01-768x526.jpg 768w\" sizes=\"(max-width: 1000px) 100vw, 1000px\" \/><\/figure><\/div>\n\n\n\n<p>Com en aquesta botiga d\u2019ocells ex\u00f2tics a Madrid, on escoltem una xiqueta demanant silenci a les aus que canten mentre gesticula amb les mans com una directora d\u2019orquestra.<\/p>\n\n\n\n<iframe style=\"border: 0; width: 100%; height: 120px;\" src=\"https:\/\/bandcamp.com\/EmbeddedPlayer\/album=415365159\/size=large\/bgcol=ffffff\/linkcol=0687f5\/tracklist=false\/artwork=small\/track=2783264601\/transparent=true\/\" seamless=\"\"><a href=\"https:\/\/educomelles.bandcamp.com\/album\/selected-compositions\">Selected Compositions by edu comelles<\/a><\/iframe>\n\n\n\n<p>O en aquesta altra ocasi\u00f3 en qu\u00e8 <strong>Edu Comelles<\/strong> va gravar tot el tr\u00e0fec d\u2019uns m\u00fasics muntant escenaris i instruments per a un concert en un vaixell de fusta amarrat al T\u00e0mesi, a Londres.<\/p>\n\n\n\n<iframe style=\"border: 0; width: 100%; height: 120px;\" src=\"https:\/\/bandcamp.com\/EmbeddedPlayer\/album=415365159\/size=large\/bgcol=ffffff\/linkcol=0687f5\/tracklist=false\/artwork=small\/track=3217782614\/transparent=true\/\" seamless=\"\"><a href=\"https:\/\/educomelles.bandcamp.com\/album\/selected-compositions\">Selected Compositions by edu comelles<\/a><\/iframe>\n\n\n\n<p>Com veiem, de vegades la gravaci\u00f3 m\u00e9s fortu\u00efta i accidental pot ser el detonant d\u2019un riu de creativitat. Aix\u00f2 \u00e9s precisament el que li pass\u00e0 a <strong>Justin Vernon<\/strong>, tamb\u00e9 conegut com a <strong>Bon Iver<\/strong>. El m\u00fasic nord-americ\u00e0 treballava en el seu darrer disc quan va registrar un xicotet arxiu de so, un error de gravaci\u00f3 que al final esdevingu\u00e9 el que primer escoltem d\u2019aquest disc i el que, segons ell, desencaden\u00e0 la resta de l\u2019\u00e0lbum.<\/p>\n\n\n\n<iframe width=\"700\" height=\"700\" src=\"https:\/\/www.youtube.com\/embed\/k0JNBiGqpTk\" frameborder=\"0\" allow=\"accelerometer; autoplay; clipboard-write; encrypted-media; gyroscope; picture-in-picture\" allowfullscreen=\"\"><\/iframe>\n\n\n\n<p><\/p>\n\n\n\n<p class=\"has-text-align-right\"><strong>Redacci\u00f3<\/strong>  Cristina Qu\u00edlez, Saray Puchades i Guillem Nicol\u00e0s<br><strong>Producci\u00f3<\/strong>  Estela Mart\u00ednez<br><strong>Assessorament ling\u00fc\u00edstic<\/strong>  Gl\u00f2ria Banyuls<br><strong>Edici\u00f3<\/strong>  Francesc Bosch<br><strong>Realitzaci\u00f3<em>  <\/em><\/strong>Arnau M\u00faria<br><strong>Disseny sonor<\/strong>  Tere N\u00fa\u00f1ez<br><strong>Direcci\u00f3<\/strong>  Am\u00e0lia Garrig\u00f3s<\/p>\n\n\n\n<p class=\"has-text-align-right\"><strong>Continguts multim\u00e8dia<\/strong>  Borja Pons<\/p>\n\n\n\n<p><\/p>\n\n\n\n<div class=\"wp-block-image\"><figure class=\"aligncenter size-full\"><img loading=\"lazy\" decoding=\"async\" width=\"1001\" height=\"179\" src=\"https:\/\/lescincllunes.apuntmedia.es\/wp-content\/uploads\/2021\/03\/LOGOS_Mesa-de-trabajo-1-3.png\" alt=\"\" class=\"wp-image-643\" srcset=\"https:\/\/lescincllunes.apuntmedia.es\/wp-content\/uploads\/2021\/03\/LOGOS_Mesa-de-trabajo-1-3.png 1001w, https:\/\/lescincllunes.apuntmedia.es\/wp-content\/uploads\/2021\/03\/LOGOS_Mesa-de-trabajo-1-3-300x54.png 300w, https:\/\/lescincllunes.apuntmedia.es\/wp-content\/uploads\/2021\/03\/LOGOS_Mesa-de-trabajo-1-3-768x137.png 768w\" sizes=\"(max-width: 1001px) 100vw, 1001px\" \/><\/figure><\/div>\n","protected":false},"excerpt":{"rendered":"<div style=\"max-width: 960px;\"><video-js data-account=\"6057955885001\" data-player=\"kxOJQ6zBrc\" data-embed=\"default\" controls=\"\" data-video-id=\"1693297703074657236\" data-playlist-id=\"\" data-application-id=\"\" class=\"vjs-fluid\"><\/video-js><\/div>\n<p><script src=\"https:\/\/players.brightcove.net\/6057955885001\/kxOJQ6zBrc_default\/index.min.js\"><\/script><\/p>\n","protected":false},"author":1,"featured_media":0,"comment_status":"closed","ping_status":"closed","sticky":false,"template":"","format":"standard","meta":{"footnotes":""},"categories":[4],"tags":[],"class_list":["post-211","post","type-post","status-publish","format-standard","hentry","category-programes-complets"],"yoast_head":"<!-- This site is optimized with the Yoast SEO plugin v15.9 - https:\/\/yoast.com\/wordpress\/plugins\/seo\/ -->\n<title>Cap\u00edtol 5 - La vida \u00e9s un circ - Les cinc llunes<\/title>\n<meta name=\"robots\" content=\"index, follow, max-snippet:-1, max-image-preview:large, max-video-preview:-1\" \/>\n<link rel=\"canonical\" href=\"https:\/\/lescincllunes.apuntmedia.es\/index.php\/2021\/08\/06\/capitol-5-la-vida-es-un-circ\/\" \/>\n<meta property=\"og:locale\" content=\"ca_ES\" \/>\n<meta property=\"og:type\" content=\"article\" \/>\n<meta property=\"og:title\" content=\"Cap\u00edtol 5 - La vida \u00e9s un circ - Les cinc llunes\" \/>\n<meta property=\"og:url\" content=\"https:\/\/lescincllunes.apuntmedia.es\/index.php\/2021\/08\/06\/capitol-5-la-vida-es-un-circ\/\" \/>\n<meta property=\"og:site_name\" content=\"Les cinc llunes\" \/>\n<meta property=\"article:publisher\" content=\"https:\/\/www.facebook.com\/lescincllunes\" \/>\n<meta property=\"article:published_time\" content=\"2021-08-06T19:00:08+00:00\" \/>\n<meta property=\"article:modified_time\" content=\"2021-08-06T19:05:22+00:00\" \/>\n<meta property=\"og:image\" content=\"https:\/\/lescincllunes.apuntmedia.es\/wp-content\/uploads\/2021\/03\/BannerCIRC.jpg\" \/>\n<meta name=\"twitter:card\" content=\"summary_large_image\" \/>\n<meta name=\"twitter:creator\" content=\"@lescincllunes\" \/>\n<meta name=\"twitter:site\" content=\"@lescincllunes\" \/>\n<meta name=\"twitter:label1\" content=\"Temps estimat de lectura\">\n\t<meta name=\"twitter:data1\" content=\"13 minuts\">\n<script type=\"application\/ld+json\" class=\"yoast-schema-graph\">{\"@context\":\"https:\/\/schema.org\",\"@graph\":[{\"@type\":\"WebSite\",\"@id\":\"https:\/\/lescincllunes.apuntmedia.es\/#website\",\"url\":\"https:\/\/lescincllunes.apuntmedia.es\/\",\"name\":\"Les cinc llunes\",\"description\":\"Un podcast de cultura radial\",\"potentialAction\":[{\"@type\":\"SearchAction\",\"target\":\"https:\/\/lescincllunes.apuntmedia.es\/?s={search_term_string}\",\"query-input\":\"required name=search_term_string\"}],\"inLanguage\":\"ca\"},{\"@type\":\"ImageObject\",\"@id\":\"https:\/\/lescincllunes.apuntmedia.es\/index.php\/2021\/08\/06\/capitol-5-la-vida-es-un-circ\/#primaryimage\",\"inLanguage\":\"ca\",\"url\":\"https:\/\/lescincllunes.apuntmedia.es\/wp-content\/uploads\/2021\/03\/BannerCIRC.jpg\",\"width\":1000,\"height\":151},{\"@type\":\"WebPage\",\"@id\":\"https:\/\/lescincllunes.apuntmedia.es\/index.php\/2021\/08\/06\/capitol-5-la-vida-es-un-circ\/#webpage\",\"url\":\"https:\/\/lescincllunes.apuntmedia.es\/index.php\/2021\/08\/06\/capitol-5-la-vida-es-un-circ\/\",\"name\":\"Cap\\u00edtol 5 - La vida \\u00e9s un circ - Les cinc llunes\",\"isPartOf\":{\"@id\":\"https:\/\/lescincllunes.apuntmedia.es\/#website\"},\"primaryImageOfPage\":{\"@id\":\"https:\/\/lescincllunes.apuntmedia.es\/index.php\/2021\/08\/06\/capitol-5-la-vida-es-un-circ\/#primaryimage\"},\"datePublished\":\"2021-08-06T19:00:08+00:00\",\"dateModified\":\"2021-08-06T19:05:22+00:00\",\"author\":{\"@id\":\"https:\/\/lescincllunes.apuntmedia.es\/#\/schema\/person\/f8e959baa4607fac92352114336d23bd\"},\"breadcrumb\":{\"@id\":\"https:\/\/lescincllunes.apuntmedia.es\/index.php\/2021\/08\/06\/capitol-5-la-vida-es-un-circ\/#breadcrumb\"},\"inLanguage\":\"ca\",\"potentialAction\":[{\"@type\":\"ReadAction\",\"target\":[\"https:\/\/lescincllunes.apuntmedia.es\/index.php\/2021\/08\/06\/capitol-5-la-vida-es-un-circ\/\"]}]},{\"@type\":\"BreadcrumbList\",\"@id\":\"https:\/\/lescincllunes.apuntmedia.es\/index.php\/2021\/08\/06\/capitol-5-la-vida-es-un-circ\/#breadcrumb\",\"itemListElement\":[{\"@type\":\"ListItem\",\"position\":1,\"item\":{\"@type\":\"WebPage\",\"@id\":\"https:\/\/lescincllunes.apuntmedia.es\/\",\"url\":\"https:\/\/lescincllunes.apuntmedia.es\/\",\"name\":\"Inici\"}},{\"@type\":\"ListItem\",\"position\":2,\"item\":{\"@type\":\"WebPage\",\"@id\":\"https:\/\/lescincllunes.apuntmedia.es\/index.php\/2021\/08\/06\/capitol-5-la-vida-es-un-circ\/\",\"url\":\"https:\/\/lescincllunes.apuntmedia.es\/index.php\/2021\/08\/06\/capitol-5-la-vida-es-un-circ\/\",\"name\":\"Cap\\u00edtol 5 &#8211; La vida \\u00e9s un circ\"}}]},{\"@type\":\"Person\",\"@id\":\"https:\/\/lescincllunes.apuntmedia.es\/#\/schema\/person\/f8e959baa4607fac92352114336d23bd\",\"name\":\"admin\",\"image\":{\"@type\":\"ImageObject\",\"@id\":\"https:\/\/lescincllunes.apuntmedia.es\/#personlogo\",\"inLanguage\":\"ca\",\"url\":\"https:\/\/secure.gravatar.com\/avatar\/dcd85d3d685af586f211eb122e24b51bd5be615b2e57181f1910a74104899533?s=96&d=mm&r=g\",\"caption\":\"admin\"},\"sameAs\":[\"https:\/\/lescincllunes.apuntmedia.es\"]}]}<\/script>\n<!-- \/ Yoast SEO plugin. -->","_links":{"self":[{"href":"https:\/\/lescincllunes.apuntmedia.es\/index.php\/wp-json\/wp\/v2\/posts\/211","targetHints":{"allow":["GET"]}}],"collection":[{"href":"https:\/\/lescincllunes.apuntmedia.es\/index.php\/wp-json\/wp\/v2\/posts"}],"about":[{"href":"https:\/\/lescincllunes.apuntmedia.es\/index.php\/wp-json\/wp\/v2\/types\/post"}],"author":[{"embeddable":true,"href":"https:\/\/lescincllunes.apuntmedia.es\/index.php\/wp-json\/wp\/v2\/users\/1"}],"replies":[{"embeddable":true,"href":"https:\/\/lescincllunes.apuntmedia.es\/index.php\/wp-json\/wp\/v2\/comments?post=211"}],"version-history":[{"count":52,"href":"https:\/\/lescincllunes.apuntmedia.es\/index.php\/wp-json\/wp\/v2\/posts\/211\/revisions"}],"predecessor-version":[{"id":2734,"href":"https:\/\/lescincllunes.apuntmedia.es\/index.php\/wp-json\/wp\/v2\/posts\/211\/revisions\/2734"}],"wp:attachment":[{"href":"https:\/\/lescincllunes.apuntmedia.es\/index.php\/wp-json\/wp\/v2\/media?parent=211"}],"wp:term":[{"taxonomy":"category","embeddable":true,"href":"https:\/\/lescincllunes.apuntmedia.es\/index.php\/wp-json\/wp\/v2\/categories?post=211"},{"taxonomy":"post_tag","embeddable":true,"href":"https:\/\/lescincllunes.apuntmedia.es\/index.php\/wp-json\/wp\/v2\/tags?post=211"}],"curies":[{"name":"wp","href":"https:\/\/api.w.org\/{rel}","templated":true}]}}