{"id":214,"date":"2021-08-09T21:00:39","date_gmt":"2021-08-09T19:00:39","guid":{"rendered":"https:\/\/lescincllunes.apuntmedia.es\/?p=214"},"modified":"2021-08-09T22:12:26","modified_gmt":"2021-08-09T20:12:26","slug":"capitol-6-exploracions","status":"publish","type":"post","link":"https:\/\/lescincllunes.apuntmedia.es\/index.php\/2021\/08\/09\/capitol-6-exploracions\/","title":{"rendered":"Cap\u00edtol 6 &#8211; Exploracions sonores"},"content":{"rendered":"\n<div style=\"max-width: 960px;\"><video-js data-account=\"6057955885001\" data-player=\"kxOJQ6zBrc\" data-embed=\"default\" controls=\"\" data-video-id=\"1693297701818338008\" data-playlist-id=\"\" data-application-id=\"\" class=\"vjs-fluid\"><\/video-js><\/div>\n\n\n\n<p><\/p>\n\n\n\n<div class=\"wp-block-image\"><figure class=\"aligncenter size-full\"><img fetchpriority=\"high\" decoding=\"async\" width=\"1000\" height=\"151\" src=\"https:\/\/lescincllunes.apuntmedia.es\/wp-content\/uploads\/2021\/03\/BannerDANSA.jpg\" alt=\"\" class=\"wp-image-44\" srcset=\"https:\/\/lescincllunes.apuntmedia.es\/wp-content\/uploads\/2021\/03\/BannerDANSA.jpg 1000w, https:\/\/lescincllunes.apuntmedia.es\/wp-content\/uploads\/2021\/03\/BannerDANSA-300x45.jpg 300w, https:\/\/lescincllunes.apuntmedia.es\/wp-content\/uploads\/2021\/03\/BannerDANSA-768x116.jpg 768w\" sizes=\"(max-width: 1000px) 100vw, 1000px\" \/><\/figure><\/div>\n\n\n\n<p>La dansa \u00e9s un art que serveix per a explicar bona part de l\u2019evoluci\u00f3 cultural i art\u00edstica de la societat. A trav\u00e9s del seu estudi es pot parlar del passat, del present i tamb\u00e9 del futur de la humanitat com a col\u00b7lectiu i de les seues m\u00faltiples formes d\u2019expressi\u00f3. Aquesta disciplina art\u00edstica es remunta a l\u2019origen mateix de la m\u00fasica i l\u2019escriptura i per aix\u00f2 \u00e9s tan important poder observar-la tamb\u00e9 des del punt de vista acad\u00e8mic i global que permet entendre les seues diverses facetes.&nbsp;<\/p>\n\n\n\n<p>En la majoria de pa\u00efsos de l\u2019entorn europeu, l\u2019estudi de la dansa es du a terme en les universitats. A Val\u00e8ncia, en canvi, aquest art s\u2019estudia i investiga al <strong>Conservatori Superior de Dansa<\/strong>, un dels dos centres d\u2019aquesta mena que hi ha a la Comunitat i que reuneixen experts de diferents disciplines. El centre est\u00e0 situat al cam\u00ed de Vera, a tocar de la Universitat Polit\u00e8cnica, una de les institucions d\u2019educaci\u00f3 superior m\u00e9s prestigioses de l\u2019Estat, per\u00f2 tot i la proximitat, ambdues institucions estan separades per una barrera invisible, infranquejable, que els impedeix estretir lla\u00e7os.<\/p>\n\n\n\n<iframe src=\"https:\/\/www.google.com\/maps\/embed?pb=!1m18!1m12!1m3!1d3079.36430590228!2d-0.34913458463222924!3d39.48368767948454!2m3!1f0!2f0!3f0!3m2!1i1024!2i768!4f13.1!3m3!1m2!1s0xd604880198c3ce1%3A0x826a160140c06601!2sConservatorio%20Profesional%20de%20Danza%20de%20Valencia!5e0!3m2!1sca!2ses!4v1614014248748!5m2!1sca!2ses\" width=\"1000\" height=\"400\" style=\"border:0;\" allowfullscreen=\"\" loading=\"lazy\"><\/iframe>\n\n\n\n<p><\/p>\n\n\n\n<p>En aquest centre l\u2019alumnat pot formar-se al llarg de quatre cursos en dos itineraris diferents: coreografia i interpretaci\u00f3 o pedagogia de la dansa. Les dues opcions obrin moltes portes en el m\u00f3n professional i investigador, un fum de possibilitats en qu\u00e8 l\u2019expressi\u00f3 i la creativitat s\u00f3n una constant.<\/p>\n\n\n\n<p><strong><strong>Mari Carmen Gim\u00e9nez Morte<\/strong><\/strong> \u00e9s doctora, catedr\u00e0tica, investigadora i docent en aquesta casa. Imparteix l\u2019assignatura An\u00e0lisi i Pr\u00e0ctica d\u2019Obres Coreogr\u00e0fiques i de Repertori, on treballa amb el seu alumnat alguns dels cl\u00e0ssics de la hist\u00f2ria de la dansa. Les seues classes permeten con\u00e9ixer alguns dels cl\u00e0ssics d\u2019aquest art i explorar-ne les possibilitats expressives.&nbsp;<\/p>\n\n\n\n<div style=\"max-width: 960px;\"><video-js data-account=\"6057955885001\" data-player=\"kxOJQ6zBrc\" data-embed=\"default\" controls=\"\" data-video-id=\"1694299555093152491\" data-playlist-id=\"\" data-application-id=\"\" class=\"vjs-fluid\"><\/video-js><\/div>\n\n\n\n<p><\/p>\n\n\n\n<p>La m\u00fasica \u00e9s un element fonamental en la dansa en general i en les classes en particular. Poder adaptar-la a les necessitats de cada alumne i de cada mat\u00e8ria \u00e9s d\u2019una import\u00e0ncia crucial. En les classes de <strong>Mari Carmen Gim\u00e9nez Morte<\/strong>, la m\u00fasica la posa <strong>Jes\u00fas Serrano<\/strong>, professor al conservatori i m\u00fasic acompanyant que posa les seues habilitats al servei de la doc\u00e8ncia, un luxe del qual tant el professorat com l\u2019alumnat tenen la sort de poder disfrutar cada dia.<\/p>\n\n\n\n<div style=\"max-width: 960px;\"><video-js data-account=\"6057955885001\" data-player=\"kxOJQ6zBrc\" data-embed=\"default\" controls=\"\" data-video-id=\"1694299553757338968\" data-playlist-id=\"\" data-application-id=\"\" class=\"vjs-fluid\"><\/video-js><\/div>\n\n\n\n<p><\/p>\n\n\n\n<p>El <strong>Conservatori Superior de Dansa<\/strong> no \u00e9s nom\u00e9s un espai de coneixement i investigaci\u00f3, sin\u00f3 tamb\u00e9 un lloc de socialitzaci\u00f3. Un espai on ballarins i ballarines amb perfils i edats diferents es reuneixen entorn de la creativitat. L\u2019experi\u00e8ncia resulta sempre inoblidable i en algunes ocasions dona com a resultat propostes de molta qualitat que tenen el seu origen en aquest espai.<\/p>\n\n\n\n<iframe width=\"700\" height=\"400\" src=\"https:\/\/www.youtube.com\/embed\/M17XRNYslzI?start=19\" frameborder=\"0\" allow=\"accelerometer; autoplay; clipboard-write; encrypted-media; gyroscope; picture-in-picture\" allowfullscreen=\"\"><\/iframe>\n\n\n\n<p><\/p>\n\n\n\n<p>Una d\u2019elles \u00e9s <strong>Fil d\u2019Arena<\/strong>, una companyia de dansa integrada per quatre dones que es van con\u00e9ixer a les aules del Conservatori i que hui continua en actiu. <strong>Isabel Abril<\/strong>, <strong>Irene Ballester<\/strong>, <strong>Clara Crespo<\/strong> i <strong>Roseta Plasencia<\/strong> acosten la dansa a tota classe de p\u00fablics perqu\u00e8 volen connectar amb la societat. Des del seu naixement han estrenat sis obres: <em>Caf\u00e8 Sol<\/em> (2011), <em>La Consagraci\u00f3 de la Primavera<\/em> (2014),<em> La Sal que ens ha Partit<\/em> (2015), <em>Salt <\/em>(2017), <em>Cos a Cos. E111<\/em> (2019), i <em>Nina <\/em>(2019).<\/p>\n\n\n\n<figure class=\"wp-block-embed aligncenter is-type-video is-provider-youtube wp-block-embed-youtube wp-embed-aspect-16-9 wp-has-aspect-ratio\"><div class=\"wp-block-embed__wrapper\">\n<iframe title=\"Salt - FIL D&#039;ARENA - TRAILER\" width=\"750\" height=\"422\" src=\"https:\/\/www.youtube.com\/embed\/DPQmbuOKyco?feature=oembed\" frameborder=\"0\" allow=\"accelerometer; autoplay; clipboard-write; encrypted-media; gyroscope; picture-in-picture\" allowfullscreen><\/iframe>\n<\/div><\/figure>\n\n\n\n<p><\/p>\n\n\n\n<div class=\"wp-block-image\"><figure class=\"aligncenter size-full\"><img decoding=\"async\" width=\"1000\" height=\"151\" src=\"https:\/\/lescincllunes.apuntmedia.es\/wp-content\/uploads\/2021\/03\/COLORS_Separadors-21.jpg\" alt=\"\" class=\"wp-image-951\" srcset=\"https:\/\/lescincllunes.apuntmedia.es\/wp-content\/uploads\/2021\/03\/COLORS_Separadors-21.jpg 1000w, https:\/\/lescincllunes.apuntmedia.es\/wp-content\/uploads\/2021\/03\/COLORS_Separadors-21-300x45.jpg 300w, https:\/\/lescincllunes.apuntmedia.es\/wp-content\/uploads\/2021\/03\/COLORS_Separadors-21-768x116.jpg 768w\" sizes=\"(max-width: 1000px) 100vw, 1000px\" \/><\/figure><\/div>\n\n\n\n<div class=\"wp-block-image\"><figure class=\"aligncenter size-full\"><img decoding=\"async\" width=\"1001\" height=\"101\" src=\"https:\/\/lescincllunes.apuntmedia.es\/wp-content\/uploads\/2021\/03\/COLORS_Separadors-08.jpg\" alt=\"\" class=\"wp-image-952\" srcset=\"https:\/\/lescincllunes.apuntmedia.es\/wp-content\/uploads\/2021\/03\/COLORS_Separadors-08.jpg 1001w, https:\/\/lescincllunes.apuntmedia.es\/wp-content\/uploads\/2021\/03\/COLORS_Separadors-08-300x30.jpg 300w, https:\/\/lescincllunes.apuntmedia.es\/wp-content\/uploads\/2021\/03\/COLORS_Separadors-08-768x77.jpg 768w\" sizes=\"(max-width: 1001px) 100vw, 1001px\" \/><\/figure><\/div>\n\n\n\n<h2 class=\"wp-block-heading\">Cap\u00edtol 2: <em>Anna Raimondo<\/em><\/h2>\n\n\n\n<p>Ens endinsem en el m\u00f3n de l\u2019autora italiana i transfronterera <strong>Anna Raimondo<\/strong>, amb qui recorrem llocs com N\u00e0pols, Marr\u00e0queix, Valpara\u00edso, Tenerife o Brussel\u00b7les mitjan\u00e7ant les seues peces sonores i altres pr\u00e0ctiques territorials que reuneixen oralitats i accions performatives amb els espais p\u00fablics.<\/p>\n\n\n\n<div class=\"wp-block-image\"><figure class=\"aligncenter size-full\"><img loading=\"lazy\" decoding=\"async\" width=\"700\" height=\"450\" src=\"https:\/\/lescincllunes.apuntmedia.es\/wp-content\/uploads\/2021\/03\/Anna-Raimondo_2.png\" alt=\"\" class=\"wp-image-1398\" srcset=\"https:\/\/lescincllunes.apuntmedia.es\/wp-content\/uploads\/2021\/03\/Anna-Raimondo_2.png 700w, https:\/\/lescincllunes.apuntmedia.es\/wp-content\/uploads\/2021\/03\/Anna-Raimondo_2-300x193.png 300w\" sizes=\"(max-width: 700px) 100vw, 700px\" \/><\/figure><\/div>\n\n\n\n<p>Part de les seues peces s\u00f3n un retrat del seu propi proc\u00e9s d\u2019aprenentatge ling\u00fc\u00edstic, d\u2019exploraci\u00f3 de les sonoritats i significats de les paraules. Seguidament podeu escoltar la pe\u00e7a <em>Me<\/em>, <em>My English and all the languages of my life<\/em>, on <strong>Anna Raimondo<\/strong> reflexiona sobre les seues relacions amb els diferents idiomes de la seua vida: itali\u00e0, castell\u00e0, franc\u00e9s i angl\u00e9s. Atrapada entre el rid\u00edcul i la serietat, la vacil\u00b7laci\u00f3 i l\u2019\u00e0nim, l\u2019exploraci\u00f3 d\u2019Anna convida els oients a una sopa de lletres sonora. La pe\u00e7a va rebre el Premi Palma Ars Acustica en 2016.<\/p>\n\n\n\n<iframe width=\"100%\" height=\"166\" scrolling=\"no\" frameborder=\"no\" allow=\"autoplay\" src=\"https:\/\/w.soundcloud.com\/player\/?url=https%3A\/\/api.soundcloud.com\/tracks\/258843190&amp;color=%23ff5500&amp;auto_play=false&amp;hide_related=false&amp;show_comments=true&amp;show_user=true&amp;show_reposts=false&amp;show_teaser=true\"><\/iframe><div style=\"font-size: 10px; color: #cccccc;line-break: anywhere;word-break: normal;overflow: hidden;white-space: nowrap;text-overflow: ellipsis; font-family: Interstate,Lucida Grande,Lucida Sans Unicode,Lucida Sans,Garuda,Verdana,Tahoma,sans-serif;font-weight: 100;\"><a href=\"https:\/\/soundcloud.com\/annaraimondo\" title=\"Anna Raimondo\" target=\"_blank\" style=\"color: #cccccc; text-decoration: none;\" rel=\"noopener\">Anna Raimondo<\/a> \u00b7 <a href=\"https:\/\/soundcloud.com\/annaraimondo\/me-my-english-and-all-the-languages-of-my-life\" title=\"Me My English and All the languages of my life\" target=\"_blank\" style=\"color: #cccccc; text-decoration: none;\" rel=\"noopener\">Me My English and All the languages of my life<\/a><\/div>\n\n\n\n<p><\/p>\n\n\n\n<p><em>Noves fronteres del benestar de l\u2019ecosistema vaginal<\/em> \u00e9s un projecte serial que <strong>Anna Raimondo<\/strong> desenvolupa en diferents ciutats des de 2017. L\u2019obra demana a les dones que recorden i expliquen hist\u00f2ries personals que impliquen llocs espec\u00edfics. En la majoria d\u2019aquestes col\u00b7leccions de narracions, les dones destaquen la manera com els seus cossos s\u00f3n cridats a actuar en els espais p\u00fablics; la manera com s\u2019espera que caminen, es vestisquen o responguen a comentaris quan s\u00f3n sexualitzades.<\/p>\n\n\n\n<figure class=\"wp-block-embed aligncenter is-type-video is-provider-vimeo wp-block-embed-vimeo wp-embed-aspect-16-9 wp-has-aspect-ratio\"><div class=\"wp-block-embed__wrapper\">\n<iframe title=\"Extracto Nuevas Fronteras de Bienestar del ecosistema vaginal #2 Valparaiso_Anna Raimondo\" src=\"https:\/\/player.vimeo.com\/video\/263473289?dnt=1&amp;app_id=122963\" width=\"750\" height=\"422\" frameborder=\"0\" allow=\"autoplay; fullscreen; picture-in-picture\" allowfullscreen><\/iframe>\n<\/div><\/figure>\n\n\n\n<p>A trav\u00e9s de l&#8217;experimentaci\u00f3 amb hidr\u00f2fons \u2015un tipus de micr\u00f2fons submergibles a l\u2019aigua\u2015 <strong>Anna<\/strong> va crear una de les seues peces m\u00e9s angoixants, directa, potent i contundent. <em>Mediterr\u00e1neo<\/em> \u00e9s una mescla de dues capes: gravacions baix de l\u2019aigua i tamb\u00e9, micr\u00f2fon direccional per damunt de l\u2019aigua. La veu repeteix la paraula <em>Mediterr\u00e1neo<\/em>, una veu inicialment clara que es va cansant, es va ofegant.<\/p>\n\n\n\n<iframe width=\"100%\" height=\"166\" scrolling=\"no\" frameborder=\"no\" allow=\"autoplay\" src=\"https:\/\/w.soundcloud.com\/player\/?url=https%3A\/\/api.soundcloud.com\/tracks\/689972131&amp;color=%23ff5500&amp;auto_play=false&amp;hide_related=false&amp;show_comments=true&amp;show_user=true&amp;show_reposts=false&amp;show_teaser=true\"><\/iframe><div style=\"font-size: 10px; color: #cccccc;line-break: anywhere;word-break: normal;overflow: hidden;white-space: nowrap;text-overflow: ellipsis; font-family: Interstate,Lucida Grande,Lucida Sans Unicode,Lucida Sans,Garuda,Verdana,Tahoma,sans-serif;font-weight: 100;\"><a href=\"https:\/\/soundcloud.com\/annaraimondo\" title=\"Anna Raimondo\" target=\"_blank\" style=\"color: #cccccc; text-decoration: none;\" rel=\"noopener\">Anna Raimondo<\/a> \u00b7 <a href=\"https:\/\/soundcloud.com\/annaraimondo\/mediterraneo\" title=\"Mediterraneo\" target=\"_blank\" style=\"color: #cccccc; text-decoration: none;\" rel=\"noopener\">Mediterraneo<\/a><\/div>\n\n\n\n<p><\/p>\n\n\n\n<p>Podeu con\u00e9ixer m\u00e9s sobre els treballs sonors d\u2019<strong>Anna Raimondo<\/strong> en la seua <a href=\"http:\/\/annaraimondo.com\/\">web<\/a> o en el seu<a href=\"https:\/\/soundcloud.com\/annaraimondo\"> perfil de soundcloud<\/a>.<\/p>\n\n\n\n<div class=\"wp-block-image\"><figure class=\"aligncenter size-full\"><img loading=\"lazy\" decoding=\"async\" width=\"1000\" height=\"680\" src=\"https:\/\/lescincllunes.apuntmedia.es\/wp-content\/uploads\/2021\/03\/AnnaRaimondo.jpg\" alt=\"\" class=\"wp-image-1406\" srcset=\"https:\/\/lescincllunes.apuntmedia.es\/wp-content\/uploads\/2021\/03\/AnnaRaimondo.jpg 1000w, https:\/\/lescincllunes.apuntmedia.es\/wp-content\/uploads\/2021\/03\/AnnaRaimondo-300x204.jpg 300w, https:\/\/lescincllunes.apuntmedia.es\/wp-content\/uploads\/2021\/03\/AnnaRaimondo-768x522.jpg 768w, https:\/\/lescincllunes.apuntmedia.es\/wp-content\/uploads\/2021\/03\/AnnaRaimondo-340x230.jpg 340w\" sizes=\"(max-width: 1000px) 100vw, 1000px\" \/><\/figure><\/div>\n\n\n\n<p><\/p>\n\n\n\n<div class=\"wp-block-image\"><figure class=\"aligncenter size-full\"><img loading=\"lazy\" decoding=\"async\" width=\"1000\" height=\"151\" src=\"https:\/\/lescincllunes.apuntmedia.es\/wp-content\/uploads\/2021\/03\/BannerTEATRE.jpg\" alt=\"\" class=\"wp-image-46\" srcset=\"https:\/\/lescincllunes.apuntmedia.es\/wp-content\/uploads\/2021\/03\/BannerTEATRE.jpg 1000w, https:\/\/lescincllunes.apuntmedia.es\/wp-content\/uploads\/2021\/03\/BannerTEATRE-300x45.jpg 300w, https:\/\/lescincllunes.apuntmedia.es\/wp-content\/uploads\/2021\/03\/BannerTEATRE-768x116.jpg 768w\" sizes=\"(max-width: 1000px) 100vw, 1000px\" \/><\/figure><\/div>\n\n\n\n<div class=\"wp-block-image\"><figure class=\"aligncenter size-full\"><img loading=\"lazy\" decoding=\"async\" width=\"1001\" height=\"101\" src=\"https:\/\/lescincllunes.apuntmedia.es\/wp-content\/uploads\/2021\/03\/seccionsssssss-04.jpg\" alt=\"\" class=\"wp-image-146\" srcset=\"https:\/\/lescincllunes.apuntmedia.es\/wp-content\/uploads\/2021\/03\/seccionsssssss-04.jpg 1001w, https:\/\/lescincllunes.apuntmedia.es\/wp-content\/uploads\/2021\/03\/seccionsssssss-04-300x30.jpg 300w, https:\/\/lescincllunes.apuntmedia.es\/wp-content\/uploads\/2021\/03\/seccionsssssss-04-768x77.jpg 768w\" sizes=\"(max-width: 1001px) 100vw, 1001px\" \/><\/figure><\/div>\n\n\n\n<p>Ens acomodem en &#8220;La Butaca&#8221; de <strong>Pilar Almeria<\/strong> qui ens instrodu\u00efx en els or\u00edgens del teatre valenci\u00e0 amb dramaturgs com <strong>Manuel Molins<\/strong> o <strong>Rodolf Sirera<\/strong>.<\/p>\n\n\n\n<h2 class=\"wp-block-heading\">P\u00cdNDOLA<\/h2>\n\n\n\n<div style=\"max-width: 960px;\"><video-js data-account=\"6057955885001\" data-player=\"kxOJQ6zBrc\" data-embed=\"default\" controls=\"\" data-video-id=\"1693297701818338008\" data-playlist-id=\"\" data-application-id=\"\" class=\"vjs-fluid\"><\/video-js><\/div>\n\n\n\n<p><\/p>\n\n\n\n<div class=\"wp-block-image\"><figure class=\"aligncenter size-full\"><img decoding=\"async\" width=\"1000\" height=\"151\" src=\"https:\/\/lescincllunes.apuntmedia.es\/wp-content\/uploads\/2021\/03\/COLORS_Separadors-21.jpg\" alt=\"\" class=\"wp-image-951\" srcset=\"https:\/\/lescincllunes.apuntmedia.es\/wp-content\/uploads\/2021\/03\/COLORS_Separadors-21.jpg 1000w, https:\/\/lescincllunes.apuntmedia.es\/wp-content\/uploads\/2021\/03\/COLORS_Separadors-21-300x45.jpg 300w, https:\/\/lescincllunes.apuntmedia.es\/wp-content\/uploads\/2021\/03\/COLORS_Separadors-21-768x116.jpg 768w\" sizes=\"(max-width: 1000px) 100vw, 1000px\" \/><\/figure><\/div>\n\n\n\n<div class=\"wp-block-image\"><figure class=\"aligncenter size-full\"><img loading=\"lazy\" decoding=\"async\" width=\"1001\" height=\"101\" src=\"https:\/\/lescincllunes.apuntmedia.es\/wp-content\/uploads\/2021\/03\/COLORS_Separadors-10.jpg\" alt=\"\" class=\"wp-image-985\" srcset=\"https:\/\/lescincllunes.apuntmedia.es\/wp-content\/uploads\/2021\/03\/COLORS_Separadors-10.jpg 1001w, https:\/\/lescincllunes.apuntmedia.es\/wp-content\/uploads\/2021\/03\/COLORS_Separadors-10-300x30.jpg 300w, https:\/\/lescincllunes.apuntmedia.es\/wp-content\/uploads\/2021\/03\/COLORS_Separadors-10-768x77.jpg 768w\" sizes=\"(max-width: 1001px) 100vw, 1001px\" \/><\/figure><\/div>\n\n\n\n<p>A la secci\u00f3 &#8220;Intermit\u00e8ncies&#8221; la pedagoga musical <strong>Critina Cubells<\/strong> ens guia per experi\u00e8ncies musicals incre\u00efbles per als m\u00e9s menuts de la fam\u00edlia de la m\u00e0 d\u2019<strong>Alba M\u00farcia<\/strong> i <strong>Vicent Pelechano<\/strong>.<\/p>\n\n\n\n<h2 class=\"wp-block-heading\">P\u00cdNDOLA<\/h2>\n\n\n\n<div style=\"max-width: 960px;\"><video-js data-account=\"6057955885001\" data-player=\"kxOJQ6zBrc\" data-embed=\"default\" controls=\"\" data-video-id=\"1693297701818338008\" data-playlist-id=\"\" data-application-id=\"\" class=\"vjs-fluid\"><\/video-js><\/div><script src=\"https:\/\/players.brightcove.net\/6057955885001\/kxOJQ6zBrc_default\/index.min.js\"><\/script>\n\n\n\n<p><\/p>\n\n\n\n<p>Acabem el cap\u00edtol d&#8217;exploracions sonores amb <strong>La Cris<\/strong>, una artesana musical del Grau de Gandia que ens conta de com del dolor naixen les can\u00e7ons m\u00e9s belles. L&#8217;any 2017 es va trencar la clav\u00edcula, contratemps que va servir d&#8217;inspiraci\u00f3 per a la creaci\u00f3 del seu disc, <em>Clav\u00edQla de SOL (en esCORpio)<\/em>, del qual escoltem el tema <em>Suelto mi lengua<\/em>. <\/p>\n\n\n\n<figure class=\"wp-block-embed aligncenter is-type-video is-provider-youtube wp-block-embed-youtube wp-embed-aspect-16-9 wp-has-aspect-ratio\"><div class=\"wp-block-embed__wrapper\">\n<iframe title=\"Suelto mi Lengua  | la Cris feat. Spirit of a Woman [Official Music Video]\" width=\"750\" height=\"422\" src=\"https:\/\/www.youtube.com\/embed\/LVoCaTxY9eg?feature=oembed\" frameborder=\"0\" allow=\"accelerometer; autoplay; clipboard-write; encrypted-media; gyroscope; picture-in-picture\" allowfullscreen><\/iframe>\n<\/div><\/figure>\n\n\n\n<p><\/p>\n\n\n\n<p class=\"has-text-align-right\"><strong>Redacci\u00f3<\/strong>  Cristina Qu\u00edlez, Saray Puchades i Guillem Nicol\u00e0s<br><strong>Producci\u00f3<\/strong>  Estela Mart\u00ednez<br><strong>Assessorament ling\u00fc\u00edstic<\/strong>  Gl\u00f2ria Banyuls<br><strong>Edici\u00f3<\/strong>  Francesc Bosch<br><strong>Realitzaci\u00f3<em>  <\/em><\/strong>Arnau M\u00faria<br><strong>Disseny sonor<\/strong>  Tere N\u00fa\u00f1ez<br><strong>Direcci\u00f3<\/strong>  Am\u00e0lia Garrig\u00f3s<\/p>\n\n\n\n<p class=\"has-text-align-right\"><strong>Continguts multim\u00e8dia<\/strong>  Borja Pons<\/p>\n\n\n\n<p><\/p>\n\n\n\n<div class=\"wp-block-image\"><figure class=\"aligncenter size-full\"><img loading=\"lazy\" decoding=\"async\" width=\"1001\" height=\"179\" src=\"https:\/\/lescincllunes.apuntmedia.es\/wp-content\/uploads\/2021\/03\/LOGOS_Mesa-de-trabajo-1-3.png\" alt=\"\" class=\"wp-image-643\" srcset=\"https:\/\/lescincllunes.apuntmedia.es\/wp-content\/uploads\/2021\/03\/LOGOS_Mesa-de-trabajo-1-3.png 1001w, https:\/\/lescincllunes.apuntmedia.es\/wp-content\/uploads\/2021\/03\/LOGOS_Mesa-de-trabajo-1-3-300x54.png 300w, https:\/\/lescincllunes.apuntmedia.es\/wp-content\/uploads\/2021\/03\/LOGOS_Mesa-de-trabajo-1-3-768x137.png 768w\" sizes=\"(max-width: 1001px) 100vw, 1001px\" \/><\/figure><\/div>\n","protected":false},"excerpt":{"rendered":"<div style=\"max-width: 960px;\"><video-js data-account=\"6057955885001\" data-player=\"kxOJQ6zBrc\" data-embed=\"default\" controls=\"\" data-video-id=\"1693297701818338008\" data-playlist-id=\"\" data-application-id=\"\" class=\"vjs-fluid\"><\/video-js><\/div>\n<p><script src=\"https:\/\/players.brightcove.net\/6057955885001\/kxOJQ6zBrc_default\/index.min.js\"><\/script><\/p>\n","protected":false},"author":1,"featured_media":0,"comment_status":"closed","ping_status":"closed","sticky":false,"template":"","format":"standard","meta":{"footnotes":""},"categories":[4],"tags":[],"class_list":["post-214","post","type-post","status-publish","format-standard","hentry","category-programes-complets"],"yoast_head":"<!-- This site is optimized with the Yoast SEO plugin v15.9 - https:\/\/yoast.com\/wordpress\/plugins\/seo\/ -->\n<title>Cap\u00edtol 6 - Exploracions sonores - Les cinc llunes<\/title>\n<meta name=\"robots\" content=\"index, follow, max-snippet:-1, max-image-preview:large, max-video-preview:-1\" \/>\n<link rel=\"canonical\" href=\"https:\/\/lescincllunes.apuntmedia.es\/index.php\/2021\/08\/09\/capitol-6-exploracions\/\" \/>\n<meta property=\"og:locale\" content=\"ca_ES\" \/>\n<meta property=\"og:type\" content=\"article\" \/>\n<meta property=\"og:title\" content=\"Cap\u00edtol 6 - Exploracions sonores - Les cinc llunes\" \/>\n<meta property=\"og:url\" content=\"https:\/\/lescincllunes.apuntmedia.es\/index.php\/2021\/08\/09\/capitol-6-exploracions\/\" \/>\n<meta property=\"og:site_name\" content=\"Les cinc llunes\" \/>\n<meta property=\"article:publisher\" content=\"https:\/\/www.facebook.com\/lescincllunes\" \/>\n<meta property=\"article:published_time\" content=\"2021-08-09T19:00:39+00:00\" \/>\n<meta property=\"article:modified_time\" content=\"2021-08-09T20:12:26+00:00\" \/>\n<meta property=\"og:image\" content=\"https:\/\/lescincllunes.apuntmedia.es\/wp-content\/uploads\/2021\/03\/BannerDANSA.jpg\" \/>\n<meta name=\"twitter:card\" content=\"summary_large_image\" \/>\n<meta name=\"twitter:creator\" content=\"@lescincllunes\" \/>\n<meta name=\"twitter:site\" content=\"@lescincllunes\" \/>\n<meta name=\"twitter:label1\" content=\"Temps estimat de lectura\">\n\t<meta name=\"twitter:data1\" content=\"7 minuts\">\n<script type=\"application\/ld+json\" class=\"yoast-schema-graph\">{\"@context\":\"https:\/\/schema.org\",\"@graph\":[{\"@type\":\"WebSite\",\"@id\":\"https:\/\/lescincllunes.apuntmedia.es\/#website\",\"url\":\"https:\/\/lescincllunes.apuntmedia.es\/\",\"name\":\"Les cinc llunes\",\"description\":\"Un podcast de cultura radial\",\"potentialAction\":[{\"@type\":\"SearchAction\",\"target\":\"https:\/\/lescincllunes.apuntmedia.es\/?s={search_term_string}\",\"query-input\":\"required name=search_term_string\"}],\"inLanguage\":\"ca\"},{\"@type\":\"ImageObject\",\"@id\":\"https:\/\/lescincllunes.apuntmedia.es\/index.php\/2021\/08\/09\/capitol-6-exploracions\/#primaryimage\",\"inLanguage\":\"ca\",\"url\":\"https:\/\/lescincllunes.apuntmedia.es\/wp-content\/uploads\/2021\/03\/BannerDANSA.jpg\",\"width\":1000,\"height\":151},{\"@type\":\"WebPage\",\"@id\":\"https:\/\/lescincllunes.apuntmedia.es\/index.php\/2021\/08\/09\/capitol-6-exploracions\/#webpage\",\"url\":\"https:\/\/lescincllunes.apuntmedia.es\/index.php\/2021\/08\/09\/capitol-6-exploracions\/\",\"name\":\"Cap\\u00edtol 6 - Exploracions sonores - Les cinc llunes\",\"isPartOf\":{\"@id\":\"https:\/\/lescincllunes.apuntmedia.es\/#website\"},\"primaryImageOfPage\":{\"@id\":\"https:\/\/lescincllunes.apuntmedia.es\/index.php\/2021\/08\/09\/capitol-6-exploracions\/#primaryimage\"},\"datePublished\":\"2021-08-09T19:00:39+00:00\",\"dateModified\":\"2021-08-09T20:12:26+00:00\",\"author\":{\"@id\":\"https:\/\/lescincllunes.apuntmedia.es\/#\/schema\/person\/f8e959baa4607fac92352114336d23bd\"},\"breadcrumb\":{\"@id\":\"https:\/\/lescincllunes.apuntmedia.es\/index.php\/2021\/08\/09\/capitol-6-exploracions\/#breadcrumb\"},\"inLanguage\":\"ca\",\"potentialAction\":[{\"@type\":\"ReadAction\",\"target\":[\"https:\/\/lescincllunes.apuntmedia.es\/index.php\/2021\/08\/09\/capitol-6-exploracions\/\"]}]},{\"@type\":\"BreadcrumbList\",\"@id\":\"https:\/\/lescincllunes.apuntmedia.es\/index.php\/2021\/08\/09\/capitol-6-exploracions\/#breadcrumb\",\"itemListElement\":[{\"@type\":\"ListItem\",\"position\":1,\"item\":{\"@type\":\"WebPage\",\"@id\":\"https:\/\/lescincllunes.apuntmedia.es\/\",\"url\":\"https:\/\/lescincllunes.apuntmedia.es\/\",\"name\":\"Inici\"}},{\"@type\":\"ListItem\",\"position\":2,\"item\":{\"@type\":\"WebPage\",\"@id\":\"https:\/\/lescincllunes.apuntmedia.es\/index.php\/2021\/08\/09\/capitol-6-exploracions\/\",\"url\":\"https:\/\/lescincllunes.apuntmedia.es\/index.php\/2021\/08\/09\/capitol-6-exploracions\/\",\"name\":\"Cap\\u00edtol 6 &#8211; Exploracions sonores\"}}]},{\"@type\":\"Person\",\"@id\":\"https:\/\/lescincllunes.apuntmedia.es\/#\/schema\/person\/f8e959baa4607fac92352114336d23bd\",\"name\":\"admin\",\"image\":{\"@type\":\"ImageObject\",\"@id\":\"https:\/\/lescincllunes.apuntmedia.es\/#personlogo\",\"inLanguage\":\"ca\",\"url\":\"https:\/\/secure.gravatar.com\/avatar\/dcd85d3d685af586f211eb122e24b51bd5be615b2e57181f1910a74104899533?s=96&d=mm&r=g\",\"caption\":\"admin\"},\"sameAs\":[\"https:\/\/lescincllunes.apuntmedia.es\"]}]}<\/script>\n<!-- \/ Yoast SEO plugin. -->","_links":{"self":[{"href":"https:\/\/lescincllunes.apuntmedia.es\/index.php\/wp-json\/wp\/v2\/posts\/214","targetHints":{"allow":["GET"]}}],"collection":[{"href":"https:\/\/lescincllunes.apuntmedia.es\/index.php\/wp-json\/wp\/v2\/posts"}],"about":[{"href":"https:\/\/lescincllunes.apuntmedia.es\/index.php\/wp-json\/wp\/v2\/types\/post"}],"author":[{"embeddable":true,"href":"https:\/\/lescincllunes.apuntmedia.es\/index.php\/wp-json\/wp\/v2\/users\/1"}],"replies":[{"embeddable":true,"href":"https:\/\/lescincllunes.apuntmedia.es\/index.php\/wp-json\/wp\/v2\/comments?post=214"}],"version-history":[{"count":43,"href":"https:\/\/lescincllunes.apuntmedia.es\/index.php\/wp-json\/wp\/v2\/posts\/214\/revisions"}],"predecessor-version":[{"id":2565,"href":"https:\/\/lescincllunes.apuntmedia.es\/index.php\/wp-json\/wp\/v2\/posts\/214\/revisions\/2565"}],"wp:attachment":[{"href":"https:\/\/lescincllunes.apuntmedia.es\/index.php\/wp-json\/wp\/v2\/media?parent=214"}],"wp:term":[{"taxonomy":"category","embeddable":true,"href":"https:\/\/lescincllunes.apuntmedia.es\/index.php\/wp-json\/wp\/v2\/categories?post=214"},{"taxonomy":"post_tag","embeddable":true,"href":"https:\/\/lescincllunes.apuntmedia.es\/index.php\/wp-json\/wp\/v2\/tags?post=214"}],"curies":[{"name":"wp","href":"https:\/\/api.w.org\/{rel}","templated":true}]}}