{"id":216,"date":"2021-08-10T21:00:00","date_gmt":"2021-08-10T19:00:00","guid":{"rendered":"https:\/\/lescincllunes.apuntmedia.es\/?p=216"},"modified":"2021-08-10T18:22:11","modified_gmt":"2021-08-10T16:22:11","slug":"capitol-7-les-campanes","status":"publish","type":"post","link":"https:\/\/lescincllunes.apuntmedia.es\/index.php\/2021\/08\/10\/capitol-7-les-campanes\/","title":{"rendered":"Cap\u00edtol 7 &#8211; Les campanes"},"content":{"rendered":"\n<div style=\"max-width: 960px;\"><video-js data-account=\"6057955885001\" data-player=\"kxOJQ6zBrc\" data-embed=\"default\" controls=\"\" data-video-id=\"1693297700572584701\" data-playlist-id=\"\" data-application-id=\"\" class=\"vjs-fluid\"><\/video-js><\/div>\n\n\n\n<p><\/p>\n\n\n\n<div class=\"wp-block-image\"><figure class=\"aligncenter size-full\"><img fetchpriority=\"high\" decoding=\"async\" width=\"1000\" height=\"151\" src=\"https:\/\/lescincllunes.apuntmedia.es\/wp-content\/uploads\/2021\/03\/BannerMUSICA.jpg\" alt=\"\" class=\"wp-image-45\" srcset=\"https:\/\/lescincllunes.apuntmedia.es\/wp-content\/uploads\/2021\/03\/BannerMUSICA.jpg 1000w, https:\/\/lescincllunes.apuntmedia.es\/wp-content\/uploads\/2021\/03\/BannerMUSICA-300x45.jpg 300w, https:\/\/lescincllunes.apuntmedia.es\/wp-content\/uploads\/2021\/03\/BannerMUSICA-768x116.jpg 768w\" sizes=\"(max-width: 1000px) 100vw, 1000px\" \/><\/figure><\/div>\n\n\n\n<p><strong><strong>Vicente Gabarda<\/strong><\/strong>, campaner de la catedral de Val\u00e8ncia i de l\u2019esgl\u00e9sia dels Sants Joans, parla del paper que han tingut les campanes en el cicle de la vida, anunciant-nos festes, incendis, tempestes o actes religiosos. Un codi que coneixien els ciutadans dels pobles i ciutats i que marcava el seu dia a dia.<\/p>\n\n\n\n<div style=\"max-width: 960px;\"><video-js data-account=\"6057955885001\" data-player=\"kxOJQ6zBrc\" data-embed=\"default\" controls=\"\" data-video-id=\"1697824152788753012\" data-playlist-id=\"\" data-application-id=\"\" class=\"vjs-fluid\"><\/video-js><\/div>\n\n\n\n<p><\/p>\n\n\n\n<h2 class=\"wp-block-heading\"><em><strong>Art Sonor. Lloren\u00e7 Barber i Montserrat Palacios<\/strong><\/em><\/h2>\n\n\n\n<p>Silenci a l&#8217;auditori. Sons de papers i un lleu murmuri. <em>Tac, tac<\/em>. Un gest de batuta i&#8230; m\u00e9s silenci. Durant quasi 5 minuts no s\u2019escolta res. L&#8217;orquestra roman en silenci mirant al director. \u00c9s l&#8217;estrena de l\u2019obra&nbsp;<em>04\u201933\u2019\u2019&nbsp;<\/em>de&nbsp;<strong>John Cage<\/strong> el 1952, una partitura que demana als int\u00e8rprets resten en silenci durant exactament 4 minuts i 33 segons. Tota una declaraci\u00f3 d\u2019intencions de qui \u00e9s considerat un dels compositors nordamericans m\u00e9s influents del segle XX.<\/p>\n\n\n\n<iframe width=\"1000\" height=\"400\" src=\"https:\/\/www.youtube.com\/embed\/AWVUp12XPpU?start=9\" frameborder=\"0\" allow=\"accelerometer; autoplay; clipboard-write; encrypted-media; gyroscope; picture-in-picture\" allowfullscreen=\"\"><\/iframe>\n\n\n\n<p><\/p>\n\n\n\n<p>Visitem la casa que comparteixen l\u2019artista sonor <strong>Lloren\u00e7 Barber<\/strong> i la cantant i etnomusic\u00f2loga <strong>Montserrat Palacios <\/strong>per parlar de <strong>Cage<\/strong>, del moviment fluxus, dels sons experimentals, dels festivals de noves m\u00fasiques i de les ciutats com a espais de creaci\u00f3. Una experi\u00e8ncia intensa que traslladem a l\u2019oient amb una narrativa sonora que t\u00e9 elements de ficci\u00f3 seguint el model dels podcasts autocontats.<\/p>\n\n\n\n<p><strong>Lloren\u00e7 Barber<\/strong> ha dissenyat multitud de propostes sonores com els concerts de ciutats, amb els quals ha recorregut el m\u00f3n utilitzant les campanes com a instruments i les ciutats com a auditoris.<\/p>\n\n\n\n<p>Veiem un fragment de la proposta s\u00f2nica que va tindre lloc en la catedral de  Granada el 13 de juny de 2010, organitzada pel <strong>Centro Jos\u00e9 Guerrero<\/strong> i immortalitzada en v\u00eddeo per La Nave de Tharsis.<\/p>\n\n\n\n<iframe width=\"1000\" height=\"400\" src=\"https:\/\/www.youtube.com\/embed\/5OTJGiz-gcs?start=520&amp;end=637\" frameborder=\"0\" allow=\"accelerometer; autoplay; clipboard-write; encrypted-media; gyroscope; picture-in-picture\" allowfullscreen=\"\"><\/iframe>\n\n\n\n<p><\/p>\n\n\n\n<p>Tamb\u00e9 la ciutat anglesa de Liverpool va ser l\u2019escenari de l\u2019esdeveniment <em>A symphony of bells<\/em> en 2007.<\/p>\n\n\n\n<iframe width=\"1000\" height=\"400\" src=\"https:\/\/www.youtube.com\/embed\/TgZF6KBiBcQ?start=105\" frameborder=\"0\" allow=\"accelerometer; autoplay; clipboard-write; encrypted-media; gyroscope; picture-in-picture\" allowfullscreen=\"\"><\/iframe>\n\n\n\n<p><\/p>\n\n\n\n<p>Al llarg de la seua traject\u00f2ria, <strong>Barber<\/strong> ha impulsat grups d\u2019avantguarda i projectes, concerts i festivals de molts i diferents estils i idiosincr\u00e0sies, treballant amb artistes de tota classe i disciplines. Un exemple \u00e9s <strong>Flatus Vocis Tr\u00edo<\/strong>, l&#8217;\u00fanic grup a l&#8217;Estat Espanyol que va practicar de forma estable i cont\u00ednua l&#8217;anomenada poesia fon\u00e8tica.<\/p>\n\n\n\n<iframe style=\"border: 0; width: 100%; height: 120px;\" src=\"https:\/\/bandcamp.com\/EmbeddedPlayer\/album=1933006173\/size=large\/bgcol=ffffff\/linkcol=0687f5\/tracklist=false\/artwork=small\/transparent=true\/\" seamless=\"\"><a href=\"https:\/\/bartolomeferrando.bandcamp.com\/album\/flatus-vocis-trio\">Flatus Vocis Trio by Bartolom\u00e9 Ferrando, F\u00e1tima Miranda y Lloren\u00e7 Barber<\/a><\/iframe>\n\n\n\n<p><\/p>\n\n\n\n<p>En <em>Astrolabio<\/em>, la veu estesa de <strong>Montserrat Palacios<\/strong> es troba amb la veu mec\u00e0nica d\u2019una m\u00e0quina de cosir Singer. Els seus sons grimpen per l\u2019escultura et\u00e8ria de <strong>Fuencisla Franc\u00e9s<\/strong> i ens conviden a un viatge sensorial, on la veu tix l\u2019espai.<\/p>\n\n\n\n<figure class=\"wp-block-embed is-type-rich is-provider-gestor-del-servei wp-block-embed-gestor-del-servei wp-embed-aspect-16-9 wp-has-aspect-ratio\"><div class=\"wp-block-embed__wrapper\">\n<iframe title=\"Montserrat Palacios (Astrolabio: buscador de estrellas)\" width=\"750\" height=\"422\" src=\"https:\/\/www.youtube.com\/embed\/EJAgPBCUCE0?feature=oembed\" frameborder=\"0\" allow=\"accelerometer; autoplay; clipboard-write; encrypted-media; gyroscope; picture-in-picture\" allowfullscreen><\/iframe>\n<\/div><\/figure>\n\n\n\n<p><\/p>\n\n\n\n<p>Per la seua banda, la proposta <em>De sol a sol<\/em> consisteix a sonar sense interrupci\u00f3 al llarg d\u2019una nit sencera mentre els acompanyants descansen, dormiten, lligen o passegen sense poder deixar d\u2019atendre l\u2019escolta de tot el que sona en l\u2019espai.<\/p>\n\n\n\n<figure class=\"wp-block-embed aligncenter is-type-video is-provider-youtube wp-block-embed-youtube wp-embed-aspect-16-9 wp-has-aspect-ratio\"><div class=\"wp-block-embed__wrapper\">\n<iframe title=\"De sol a sol. Lloren\u00e7 Barber y Montserrat Palacios. 9 - 10 junio\" width=\"750\" height=\"422\" src=\"https:\/\/www.youtube.com\/embed\/GQZuiwGb3t8?feature=oembed\" frameborder=\"0\" allow=\"accelerometer; autoplay; clipboard-write; encrypted-media; gyroscope; picture-in-picture\" allowfullscreen><\/iframe>\n<\/div><\/figure>\n\n\n\n<p><\/p>\n\n\n\n<p>Per a acomiadar-nos, <strong>Lloren\u00e7<\/strong> i <strong>Montserrat<\/strong> ens sorprenen amb una singular improvisaci\u00f3 musical dedicada al nostre programa i una salutaci\u00f3 ben particular.<\/p>\n\n\n\n<div style=\"max-width: 960px;\"><video-js data-account=\"6057955885001\" data-player=\"kxOJQ6zBrc\" data-embed=\"default\" controls=\"\" data-video-id=\"1693759120794918233\" data-playlist-id=\"\" data-application-id=\"\" class=\"vjs-fluid\"><\/video-js><\/div>\n\n\n\n<p><\/p>\n\n\n\n<div style=\"max-width: 960px;\"><video-js data-account=\"6057955885001\" data-player=\"kxOJQ6zBrc\" data-embed=\"default\" controls=\"\" data-video-id=\"1693759119338454441\" data-playlist-id=\"\" data-application-id=\"\" class=\"vjs-fluid\"><\/video-js><\/div>\n\n\n\n<p><\/p>\n\n\n\n<p>Podeu trobar m\u00e9s informaci\u00f3 i escoltar l&#8217;obra de <strong>Lloren\u00e7 Barber<\/strong> <a href=\"https:\/\/www.llorencbarber-70aniversario.es\/\" target=\"_blank\" rel=\"noreferrer noopener\">al web del seu 70 aniversari<\/a> o al seu <a href=\"6bO7japXUzJUgb4oC6lROt\" target=\"_blank\" rel=\"noreferrer noopener\">perfil d&#8217;Spotify<\/a>.<\/p>\n\n\n\n<iframe src=\"https:\/\/open.spotify.com\/embed\/artist\/6bO7japXUzJUgb4oC6lROt\" width=\"700\" height=\"180\" frameborder=\"0\" allowtransparency=\"true\" allow=\"encrypted-media\"><\/iframe>\n\n\n\n<p><\/p>\n\n\n\n<div class=\"wp-block-image\"><figure class=\"aligncenter size-full\"><img decoding=\"async\" width=\"1000\" height=\"151\" src=\"https:\/\/lescincllunes.apuntmedia.es\/wp-content\/uploads\/2021\/03\/BannerCINEMA.jpg\" alt=\"\" class=\"wp-image-42\" srcset=\"https:\/\/lescincllunes.apuntmedia.es\/wp-content\/uploads\/2021\/03\/BannerCINEMA.jpg 1000w, https:\/\/lescincllunes.apuntmedia.es\/wp-content\/uploads\/2021\/03\/BannerCINEMA-300x45.jpg 300w, https:\/\/lescincllunes.apuntmedia.es\/wp-content\/uploads\/2021\/03\/BannerCINEMA-768x116.jpg 768w\" sizes=\"(max-width: 1000px) 100vw, 1000px\" \/><\/figure><\/div>\n\n\n\n<div class=\"wp-block-image\"><figure class=\"aligncenter size-full\"><img decoding=\"async\" width=\"1001\" height=\"101\" src=\"https:\/\/lescincllunes.apuntmedia.es\/wp-content\/uploads\/2021\/03\/SonaLaFilmo-03.jpg\" alt=\"\" class=\"wp-image-148\" srcset=\"https:\/\/lescincllunes.apuntmedia.es\/wp-content\/uploads\/2021\/03\/SonaLaFilmo-03.jpg 1001w, https:\/\/lescincllunes.apuntmedia.es\/wp-content\/uploads\/2021\/03\/SonaLaFilmo-03-300x30.jpg 300w, https:\/\/lescincllunes.apuntmedia.es\/wp-content\/uploads\/2021\/03\/SonaLaFilmo-03-768x77.jpg 768w\" sizes=\"(max-width: 1001px) 100vw, 1001px\" \/><\/figure><\/div>\n\n\n\n<h2 class=\"wp-block-heading\"><em>Cinema i educaci\u00f3.<\/em><\/h2>\n\n\n\n<p>Qui van ser <strong>Charles Chaplin<\/strong> o <strong>Buster Keaton<\/strong>? I <strong>Georges M\u00e9li\u00e8s<\/strong>? I <strong>Alice Guy<\/strong>?&nbsp;La funci\u00f3 principal del vessant did\u00e0ctic de la Filmoteca \u00e9s donar a con\u00e9ixer la hist\u00f2ria del cinema, de la qual estos noms en formen part imprescindible, i posar en valor la funci\u00f3 principal de <strong>l\u2019IVAC (Institut Valenci\u00e0 de l\u2019Audiovisual i la Cinematografia)<\/strong>, la preservaci\u00f3 de la nostra mem\u00f2ria audiovisual.&nbsp;<\/p>\n\n\n\n<div style=\"max-width: 960px;\"><video-js data-account=\"6057955885001\" data-player=\"kxOJQ6zBrc\" data-embed=\"default\" controls=\"\" data-video-id=\"1693875641855767516\" data-playlist-id=\"\" data-application-id=\"\" class=\"vjs-fluid\"><\/video-js><\/div>\n\n\n\n<p><\/p>\n\n\n\n<p>En els diferents tallers que conformen la seua proposta did\u00e0ctica, la Filmoteca tracta de fomentar el cinema com a recurs pedag\u00f2gic i promou l\u2019educaci\u00f3 en la imatge, com un element essencial per al desenvolupament del sentit cr\u00edtic.<\/p>\n\n\n\n<div style=\"max-width: 960px;\"><video-js data-account=\"6057955885001\" data-player=\"kxOJQ6zBrc\" data-embed=\"default\" controls=\"\" data-video-id=\"1693875643280638483\" data-playlist-id=\"\" data-application-id=\"\" class=\"vjs-fluid\"><\/video-js><\/div>\n\n\n\n<p><\/p>\n\n\n\n<h2 class=\"wp-block-heading\"><strong><em>Cinema Jove<\/em><\/strong><\/h2>\n\n\n\n<p>El Festival Internacional de Cine de Val\u00e8ncia <strong><a href=\"https:\/\/www.cinemajove.com\/\">Cinema Jove<\/a> <\/strong>t\u00e9 com a objectiu promocionar joves cineastes professionals (fins als quaranta anys) procedents de tot el m\u00f3n.<\/p>\n\n\n\n<div class=\"wp-block-image\"><figure class=\"aligncenter size-full\"><img loading=\"lazy\" decoding=\"async\" width=\"1000\" height=\"353\" src=\"https:\/\/lescincllunes.apuntmedia.es\/wp-content\/uploads\/2021\/03\/152446714_4041043452613916_1437218432407401545_o.jpeg\" alt=\"\" class=\"wp-image-1541\" srcset=\"https:\/\/lescincllunes.apuntmedia.es\/wp-content\/uploads\/2021\/03\/152446714_4041043452613916_1437218432407401545_o.jpeg 1000w, https:\/\/lescincllunes.apuntmedia.es\/wp-content\/uploads\/2021\/03\/152446714_4041043452613916_1437218432407401545_o-300x106.jpeg 300w, https:\/\/lescincllunes.apuntmedia.es\/wp-content\/uploads\/2021\/03\/152446714_4041043452613916_1437218432407401545_o-768x271.jpeg 768w\" sizes=\"(max-width: 1000px) 100vw, 1000px\" \/><\/figure><\/div>\n\n\n\n<p>Al llarg de la seua traject\u00f2ria s\u2019ha convertit en un f\u00f2rum de trobada internacional amb dues seccions oficials, homenatges, retrospectives o cicles tem\u00e0tics.<\/p>\n\n\n\n<div class=\"wp-block-image\"><figure class=\"aligncenter size-full\"><img loading=\"lazy\" decoding=\"async\" width=\"1000\" height=\"754\" src=\"https:\/\/lescincllunes.apuntmedia.es\/wp-content\/uploads\/2021\/03\/CinemaJove.jpg\" alt=\"\" class=\"wp-image-2326\" srcset=\"https:\/\/lescincllunes.apuntmedia.es\/wp-content\/uploads\/2021\/03\/CinemaJove.jpg 1000w, https:\/\/lescincllunes.apuntmedia.es\/wp-content\/uploads\/2021\/03\/CinemaJove-300x226.jpg 300w, https:\/\/lescincllunes.apuntmedia.es\/wp-content\/uploads\/2021\/03\/CinemaJove-768x579.jpg 768w\" sizes=\"(max-width: 1000px) 100vw, 1000px\" \/><\/figure><\/div>\n\n\n\n<p>El Festival, que va n\u00e0ixer el 1986 i es realitza anualment a Val\u00e8ncia, irrompia en els seus inicis com una experi\u00e8ncia precursora en l\u2019educaci\u00f3 audiovisual i cinematogr\u00e0fica en l\u2019\u00e0mbit espanyol i europeu. Aquest vessant did\u00e0ctic encara es mant\u00e9 en la secci\u00f3 de Trobada Audiovisual de Joves i en el projecte de resid\u00e8ncia d\u2019estudiants.<\/p>\n\n\n\n<p><\/p>\n\n\n\n<h2 class=\"wp-block-heading\"><strong><em>Cinema Jove<\/em><\/strong><\/h2>\n\n\n\n<p>La <strong>MICE<\/strong> \u00e9s una mostra de cinema educatiu d\u2019\u00e0mbit internacional per a xiquetes, xiquets, joves, professorat i p\u00fablic en general, amb pel\u00b7l\u00edcules realitzades per alumnes dins d\u2019entorns d\u2019aprenentatge.<\/p>\n\n\n\n<div class=\"wp-block-image\"><figure class=\"aligncenter size-full\"><img loading=\"lazy\" decoding=\"async\" width=\"1000\" height=\"563\" src=\"https:\/\/lescincllunes.apuntmedia.es\/wp-content\/uploads\/2021\/03\/Mice7.jpeg\" alt=\"\" class=\"wp-image-2330\" srcset=\"https:\/\/lescincllunes.apuntmedia.es\/wp-content\/uploads\/2021\/03\/Mice7.jpeg 1000w, https:\/\/lescincllunes.apuntmedia.es\/wp-content\/uploads\/2021\/03\/Mice7-300x169.jpeg 300w, https:\/\/lescincllunes.apuntmedia.es\/wp-content\/uploads\/2021\/03\/Mice7-768x432.jpeg 768w\" sizes=\"(max-width: 1000px) 100vw, 1000px\" \/><\/figure><\/div>\n\n\n\n<p>Naix per la preocupaci\u00f3 sobre l\u2019educaci\u00f3 en un moment en qu\u00e8 l\u2019obtenci\u00f3 del coneixement es realitza mitjan\u00e7ant experi\u00e8ncies intervingudes i dirigides amb una influ\u00e8ncia innegable dels mitjans de comunicaci\u00f3 i les tecnologies.&nbsp;<\/p>\n\n\n\n<figure class=\"wp-block-embed aligncenter is-type-video is-provider-youtube wp-block-embed-youtube wp-embed-aspect-16-9 wp-has-aspect-ratio\"><div class=\"wp-block-embed__wrapper\">\n<iframe title=\"SPOT mice 2020\" width=\"750\" height=\"422\" src=\"https:\/\/www.youtube.com\/embed\/lS0bvjEOwN4?feature=oembed\" frameborder=\"0\" allow=\"accelerometer; autoplay; clipboard-write; encrypted-media; gyroscope; picture-in-picture\" allowfullscreen><\/iframe>\n<\/div><\/figure>\n\n\n\n<p>Es va crear a <strong>Val\u00e8ncia<\/strong> l\u2019any 2013 per l\u2019<strong>Associaci\u00f3 Cultural Jordi el Mussol<\/strong>. Comen\u00e7a gr\u00e0cies a un mestre de prim\u00e0ria cin\u00e8fil, <strong>Josep Arbiol<\/strong>, i s\u2019ha anat al\u00e7ant com un referent de l\u2019educomunicaci\u00f3 dins i fora d\u2019Espanya. La <strong>MICE<\/strong> \u00e9s una experi\u00e8ncia \u00fanica, un festival de cinema itinerant per tota la geografia valenciana.<\/p>\n\n\n\n<div class=\"wp-block-image\"><figure class=\"aligncenter size-full\"><img loading=\"lazy\" decoding=\"async\" width=\"1000\" height=\"370\" src=\"https:\/\/lescincllunes.apuntmedia.es\/wp-content\/uploads\/2021\/03\/Logo-MICE.jpeg\" alt=\"\" class=\"wp-image-2329\" srcset=\"https:\/\/lescincllunes.apuntmedia.es\/wp-content\/uploads\/2021\/03\/Logo-MICE.jpeg 1000w, https:\/\/lescincllunes.apuntmedia.es\/wp-content\/uploads\/2021\/03\/Logo-MICE-300x111.jpeg 300w, https:\/\/lescincllunes.apuntmedia.es\/wp-content\/uploads\/2021\/03\/Logo-MICE-768x284.jpeg 768w\" sizes=\"(max-width: 1000px) 100vw, 1000px\" \/><\/figure><\/div>\n\n\n\n<p><\/p>\n\n\n\n<div class=\"wp-block-image\"><figure class=\"aligncenter size-full\"><img loading=\"lazy\" decoding=\"async\" width=\"1000\" height=\"151\" src=\"https:\/\/lescincllunes.apuntmedia.es\/wp-content\/uploads\/2021\/03\/COLORS_Separadors-21.jpg\" alt=\"\" class=\"wp-image-951\" srcset=\"https:\/\/lescincllunes.apuntmedia.es\/wp-content\/uploads\/2021\/03\/COLORS_Separadors-21.jpg 1000w, https:\/\/lescincllunes.apuntmedia.es\/wp-content\/uploads\/2021\/03\/COLORS_Separadors-21-300x45.jpg 300w, https:\/\/lescincllunes.apuntmedia.es\/wp-content\/uploads\/2021\/03\/COLORS_Separadors-21-768x116.jpg 768w\" sizes=\"(max-width: 1000px) 100vw, 1000px\" \/><\/figure><\/div>\n\n\n\n<div class=\"wp-block-image\"><figure class=\"aligncenter size-full\"><img loading=\"lazy\" decoding=\"async\" width=\"1001\" height=\"101\" src=\"https:\/\/lescincllunes.apuntmedia.es\/wp-content\/uploads\/2021\/03\/COLORS_Separadors-10.jpg\" alt=\"\" class=\"wp-image-985\" srcset=\"https:\/\/lescincllunes.apuntmedia.es\/wp-content\/uploads\/2021\/03\/COLORS_Separadors-10.jpg 1001w, https:\/\/lescincllunes.apuntmedia.es\/wp-content\/uploads\/2021\/03\/COLORS_Separadors-10-300x30.jpg 300w, https:\/\/lescincllunes.apuntmedia.es\/wp-content\/uploads\/2021\/03\/COLORS_Separadors-10-768x77.jpg 768w\" sizes=\"(max-width: 1001px) 100vw, 1001px\" \/><\/figure><\/div>\n\n\n\n<p><strong>Cristina Cubells<\/strong> ens introdu\u00efx en els mons de l\u2019escolta. M\u00fasica, cultura i audiovisual amb <strong>\u00darsula Sancrist\u00f3bal<\/strong>, artista multidisciplinar i doctora en musicologia.<\/p>\n\n\n\n<div style=\"max-width: 960px;\"><video-js data-account=\"6057955885001\" data-player=\"kxOJQ6zBrc\" data-embed=\"default\" controls=\"\" data-video-id=\"1693297700572584701\" data-playlist-id=\"\" data-application-id=\"\" class=\"vjs-fluid\"><\/video-js><\/div><script src=\"https:\/\/players.brightcove.net\/6057955885001\/kxOJQ6zBrc_default\/index.min.js\"><\/script>\n\n\n\n<p><\/p>\n\n\n\n<p class=\"has-text-align-right\"><strong>Redacci\u00f3<\/strong>  Cristina Qu\u00edlez, Saray Puchades i Guillem Nicol\u00e0s<br><strong>Producci\u00f3<\/strong>  Estela Mart\u00ednez<br><strong>Assessorament ling\u00fc\u00edstic<\/strong>  Gl\u00f2ria Banyuls<br><strong>Edici\u00f3<\/strong>  Francesc Bosch<br><strong>Realitzaci\u00f3<em>  <\/em><\/strong>Arnau M\u00faria<br><strong>Disseny sonor<\/strong>  Tere N\u00fa\u00f1ez<br><strong>Direcci\u00f3<\/strong>  Am\u00e0lia Garrig\u00f3s<\/p>\n\n\n\n<p class=\"has-text-align-right\"><strong>Continguts multim\u00e8dia<\/strong>  Borja Pons<\/p>\n\n\n\n<p><\/p>\n\n\n\n<div class=\"wp-block-image\"><figure class=\"aligncenter size-full\"><img loading=\"lazy\" decoding=\"async\" width=\"1001\" height=\"179\" src=\"https:\/\/lescincllunes.apuntmedia.es\/wp-content\/uploads\/2021\/03\/LOGOS_Mesa-de-trabajo-1-3.png\" alt=\"\" class=\"wp-image-643\" srcset=\"https:\/\/lescincllunes.apuntmedia.es\/wp-content\/uploads\/2021\/03\/LOGOS_Mesa-de-trabajo-1-3.png 1001w, https:\/\/lescincllunes.apuntmedia.es\/wp-content\/uploads\/2021\/03\/LOGOS_Mesa-de-trabajo-1-3-300x54.png 300w, https:\/\/lescincllunes.apuntmedia.es\/wp-content\/uploads\/2021\/03\/LOGOS_Mesa-de-trabajo-1-3-768x137.png 768w\" sizes=\"(max-width: 1001px) 100vw, 1001px\" \/><\/figure><\/div>\n","protected":false},"excerpt":{"rendered":"<div style=\"max-width: 960px;\"><video-js data-account=\"6057955885001\" data-player=\"kxOJQ6zBrc\" data-embed=\"default\" controls=\"\" data-video-id=\"1693297700572584701\" data-playlist-id=\"\" data-application-id=\"\" class=\"vjs-fluid\"><\/video-js><\/div>\n<p><script src=\"https:\/\/players.brightcove.net\/6057955885001\/kxOJQ6zBrc_default\/index.min.js\"><\/script><\/p>\n","protected":false},"author":1,"featured_media":0,"comment_status":"closed","ping_status":"closed","sticky":false,"template":"","format":"standard","meta":{"footnotes":""},"categories":[4],"tags":[],"class_list":["post-216","post","type-post","status-publish","format-standard","hentry","category-programes-complets"],"yoast_head":"<!-- This site is optimized with the Yoast SEO plugin v15.9 - https:\/\/yoast.com\/wordpress\/plugins\/seo\/ -->\n<title>Cap\u00edtol 7 - Les campanes - Les cinc llunes<\/title>\n<meta name=\"robots\" content=\"index, follow, max-snippet:-1, max-image-preview:large, max-video-preview:-1\" \/>\n<link rel=\"canonical\" href=\"https:\/\/lescincllunes.apuntmedia.es\/index.php\/2021\/08\/10\/capitol-7-les-campanes\/\" \/>\n<meta property=\"og:locale\" content=\"ca_ES\" \/>\n<meta property=\"og:type\" content=\"article\" \/>\n<meta property=\"og:title\" content=\"Cap\u00edtol 7 - Les campanes - Les cinc llunes\" \/>\n<meta property=\"og:url\" content=\"https:\/\/lescincllunes.apuntmedia.es\/index.php\/2021\/08\/10\/capitol-7-les-campanes\/\" \/>\n<meta property=\"og:site_name\" content=\"Les cinc llunes\" \/>\n<meta property=\"article:publisher\" content=\"https:\/\/www.facebook.com\/lescincllunes\" \/>\n<meta property=\"article:published_time\" content=\"2021-08-10T19:00:00+00:00\" \/>\n<meta property=\"article:modified_time\" content=\"2021-08-10T16:22:11+00:00\" \/>\n<meta property=\"og:image\" content=\"https:\/\/lescincllunes.apuntmedia.es\/wp-content\/uploads\/2021\/03\/BannerMUSICA.jpg\" \/>\n<meta name=\"twitter:card\" content=\"summary_large_image\" \/>\n<meta name=\"twitter:creator\" content=\"@lescincllunes\" \/>\n<meta name=\"twitter:site\" content=\"@lescincllunes\" \/>\n<meta name=\"twitter:label1\" content=\"Temps estimat de lectura\">\n\t<meta name=\"twitter:data1\" content=\"6 minuts\">\n<script type=\"application\/ld+json\" class=\"yoast-schema-graph\">{\"@context\":\"https:\/\/schema.org\",\"@graph\":[{\"@type\":\"WebSite\",\"@id\":\"https:\/\/lescincllunes.apuntmedia.es\/#website\",\"url\":\"https:\/\/lescincllunes.apuntmedia.es\/\",\"name\":\"Les cinc llunes\",\"description\":\"Un podcast de cultura radial\",\"potentialAction\":[{\"@type\":\"SearchAction\",\"target\":\"https:\/\/lescincllunes.apuntmedia.es\/?s={search_term_string}\",\"query-input\":\"required name=search_term_string\"}],\"inLanguage\":\"ca\"},{\"@type\":\"ImageObject\",\"@id\":\"https:\/\/lescincllunes.apuntmedia.es\/index.php\/2021\/08\/10\/capitol-7-les-campanes\/#primaryimage\",\"inLanguage\":\"ca\",\"url\":\"https:\/\/lescincllunes.apuntmedia.es\/wp-content\/uploads\/2021\/03\/BannerMUSICA.jpg\",\"width\":1000,\"height\":151},{\"@type\":\"WebPage\",\"@id\":\"https:\/\/lescincllunes.apuntmedia.es\/index.php\/2021\/08\/10\/capitol-7-les-campanes\/#webpage\",\"url\":\"https:\/\/lescincllunes.apuntmedia.es\/index.php\/2021\/08\/10\/capitol-7-les-campanes\/\",\"name\":\"Cap\\u00edtol 7 - Les campanes - Les cinc llunes\",\"isPartOf\":{\"@id\":\"https:\/\/lescincllunes.apuntmedia.es\/#website\"},\"primaryImageOfPage\":{\"@id\":\"https:\/\/lescincllunes.apuntmedia.es\/index.php\/2021\/08\/10\/capitol-7-les-campanes\/#primaryimage\"},\"datePublished\":\"2021-08-10T19:00:00+00:00\",\"dateModified\":\"2021-08-10T16:22:11+00:00\",\"author\":{\"@id\":\"https:\/\/lescincllunes.apuntmedia.es\/#\/schema\/person\/f8e959baa4607fac92352114336d23bd\"},\"breadcrumb\":{\"@id\":\"https:\/\/lescincllunes.apuntmedia.es\/index.php\/2021\/08\/10\/capitol-7-les-campanes\/#breadcrumb\"},\"inLanguage\":\"ca\",\"potentialAction\":[{\"@type\":\"ReadAction\",\"target\":[\"https:\/\/lescincllunes.apuntmedia.es\/index.php\/2021\/08\/10\/capitol-7-les-campanes\/\"]}]},{\"@type\":\"BreadcrumbList\",\"@id\":\"https:\/\/lescincllunes.apuntmedia.es\/index.php\/2021\/08\/10\/capitol-7-les-campanes\/#breadcrumb\",\"itemListElement\":[{\"@type\":\"ListItem\",\"position\":1,\"item\":{\"@type\":\"WebPage\",\"@id\":\"https:\/\/lescincllunes.apuntmedia.es\/\",\"url\":\"https:\/\/lescincllunes.apuntmedia.es\/\",\"name\":\"Inici\"}},{\"@type\":\"ListItem\",\"position\":2,\"item\":{\"@type\":\"WebPage\",\"@id\":\"https:\/\/lescincllunes.apuntmedia.es\/index.php\/2021\/08\/10\/capitol-7-les-campanes\/\",\"url\":\"https:\/\/lescincllunes.apuntmedia.es\/index.php\/2021\/08\/10\/capitol-7-les-campanes\/\",\"name\":\"Cap\\u00edtol 7 &#8211; Les campanes\"}}]},{\"@type\":\"Person\",\"@id\":\"https:\/\/lescincllunes.apuntmedia.es\/#\/schema\/person\/f8e959baa4607fac92352114336d23bd\",\"name\":\"admin\",\"image\":{\"@type\":\"ImageObject\",\"@id\":\"https:\/\/lescincllunes.apuntmedia.es\/#personlogo\",\"inLanguage\":\"ca\",\"url\":\"https:\/\/secure.gravatar.com\/avatar\/dcd85d3d685af586f211eb122e24b51bd5be615b2e57181f1910a74104899533?s=96&d=mm&r=g\",\"caption\":\"admin\"},\"sameAs\":[\"https:\/\/lescincllunes.apuntmedia.es\"]}]}<\/script>\n<!-- \/ Yoast SEO plugin. -->","_links":{"self":[{"href":"https:\/\/lescincllunes.apuntmedia.es\/index.php\/wp-json\/wp\/v2\/posts\/216","targetHints":{"allow":["GET"]}}],"collection":[{"href":"https:\/\/lescincllunes.apuntmedia.es\/index.php\/wp-json\/wp\/v2\/posts"}],"about":[{"href":"https:\/\/lescincllunes.apuntmedia.es\/index.php\/wp-json\/wp\/v2\/types\/post"}],"author":[{"embeddable":true,"href":"https:\/\/lescincllunes.apuntmedia.es\/index.php\/wp-json\/wp\/v2\/users\/1"}],"replies":[{"embeddable":true,"href":"https:\/\/lescincllunes.apuntmedia.es\/index.php\/wp-json\/wp\/v2\/comments?post=216"}],"version-history":[{"count":76,"href":"https:\/\/lescincllunes.apuntmedia.es\/index.php\/wp-json\/wp\/v2\/posts\/216\/revisions"}],"predecessor-version":[{"id":2737,"href":"https:\/\/lescincllunes.apuntmedia.es\/index.php\/wp-json\/wp\/v2\/posts\/216\/revisions\/2737"}],"wp:attachment":[{"href":"https:\/\/lescincllunes.apuntmedia.es\/index.php\/wp-json\/wp\/v2\/media?parent=216"}],"wp:term":[{"taxonomy":"category","embeddable":true,"href":"https:\/\/lescincllunes.apuntmedia.es\/index.php\/wp-json\/wp\/v2\/categories?post=216"},{"taxonomy":"post_tag","embeddable":true,"href":"https:\/\/lescincllunes.apuntmedia.es\/index.php\/wp-json\/wp\/v2\/tags?post=216"}],"curies":[{"name":"wp","href":"https:\/\/api.w.org\/{rel}","templated":true}]}}