{"id":218,"date":"2021-08-12T21:00:00","date_gmt":"2021-08-12T19:00:00","guid":{"rendered":"https:\/\/lescincllunes.apuntmedia.es\/?p=218"},"modified":"2021-08-12T16:57:20","modified_gmt":"2021-08-12T14:57:20","slug":"capitol-8-luthiers","status":"publish","type":"post","link":"https:\/\/lescincllunes.apuntmedia.es\/index.php\/2021\/08\/12\/capitol-8-luthiers\/","title":{"rendered":"Cap\u00edtol 8 &#8211; Lutiers"},"content":{"rendered":"\n<div style=\"max-width: 960px;\"><video-js data-account=\"6057955885001\" data-player=\"kxOJQ6zBrc\" data-embed=\"default\" controls=\"\" data-video-id=\"1693297699148597402\" data-playlist-id=\"\" data-application-id=\"\" class=\"vjs-fluid\"><\/video-js><\/div>\n\n\n\n<p><\/p>\n\n\n\n<div class=\"wp-block-image\"><figure class=\"aligncenter size-full\"><img fetchpriority=\"high\" decoding=\"async\" width=\"1000\" height=\"151\" src=\"https:\/\/lescincllunes.apuntmedia.es\/wp-content\/uploads\/2021\/03\/BannerMUSICA.jpg\" alt=\"\" class=\"wp-image-45\" srcset=\"https:\/\/lescincllunes.apuntmedia.es\/wp-content\/uploads\/2021\/03\/BannerMUSICA.jpg 1000w, https:\/\/lescincllunes.apuntmedia.es\/wp-content\/uploads\/2021\/03\/BannerMUSICA-300x45.jpg 300w, https:\/\/lescincllunes.apuntmedia.es\/wp-content\/uploads\/2021\/03\/BannerMUSICA-768x116.jpg 768w\" sizes=\"(max-width: 1000px) 100vw, 1000px\" \/><\/figure><\/div>\n\n\n\n<p>Durant l\u2019Edat Mitjana, les trobadores i poetesses foren silenciades o van haver de rec\u00f3rrer a l\u2019anonimat per poder expressar-se. Dones de la noblesa que sabien llegir i escriure, tocar instruments i parlar en p\u00fablic, i que van crear composicions que han arribat als nostres dies des dels segles XII i XIII. Figures que la cantant i investigadora <strong>Mara Aranda<\/strong> ha rescatat de l\u2019oblit en <em>Trobairitz<\/em>, treball que ens presenta en directe a l&#8217;estudi.<\/p>\n\n\n\n<div style=\"max-width: 960px;\"><video-js data-account=\"6057955885001\" data-player=\"kxOJQ6zBrc\" data-embed=\"default\" controls=\"\" data-video-id=\"1693759115128283872\" data-playlist-id=\"\" data-application-id=\"\" class=\"vjs-fluid\"><\/video-js><\/div>\n\n\n\n<p><\/p>\n\n\n\n<p><strong>Mara Aranda<\/strong> ens visita des de la lluna de m\u00fasica, acompanyada del seu inseparable <strong>Jota Mart\u00ednez<\/strong>, per delectar-nos amb una mostra del seu treball. Escoltem <em>Na Maria pretz e fina valors<\/em>, interpretada en directe a l\u2019estudi de <em>Les cinc llunes<\/em>.<\/p>\n\n\n\n<div style=\"max-width: 960px;\"><video-js data-account=\"6057955885001\" data-player=\"kxOJQ6zBrc\" data-embed=\"default\" controls=\"\" data-video-id=\"1693759117865196888\" data-playlist-id=\"\" data-application-id=\"\" class=\"vjs-fluid\"><\/video-js><\/div>\n\n\n\n<p><\/p>\n\n\n\n<div class=\"wp-block-image\"><figure class=\"aligncenter size-full\"><img decoding=\"async\" width=\"1000\" height=\"597\" src=\"https:\/\/lescincllunes.apuntmedia.es\/wp-content\/uploads\/2021\/03\/mara-aranda_trobairitz_medieval_musicIMG_8775.jpg\" alt=\"\" class=\"wp-image-116\" srcset=\"https:\/\/lescincllunes.apuntmedia.es\/wp-content\/uploads\/2021\/03\/mara-aranda_trobairitz_medieval_musicIMG_8775.jpg 1000w, https:\/\/lescincllunes.apuntmedia.es\/wp-content\/uploads\/2021\/03\/mara-aranda_trobairitz_medieval_musicIMG_8775-300x179.jpg 300w, https:\/\/lescincllunes.apuntmedia.es\/wp-content\/uploads\/2021\/03\/mara-aranda_trobairitz_medieval_musicIMG_8775-768x458.jpg 768w\" sizes=\"(max-width: 1000px) 100vw, 1000px\" \/><\/figure><\/div>\n\n\n\n<p><strong><strong>Mara Aranda<\/strong> <\/strong>dirigeix el Centre Internacional per a la Investigaci\u00f3 i Interpretaci\u00f3 de la M\u00fasica Medieval (CIMM), ubicat al Reial Monestir de Santa Maria de la Valldigna. El centre naix com un complement a la formaci\u00f3 acad\u00e8mica i una oportunitat per a la formaci\u00f3 en diferents \u00e0rees de la disciplina musical a l\u2019Edat Mitjana.<\/p>\n\n\n\n<iframe width=\"1000\" height=\"400\" src=\"https:\/\/www.youtube.com\/embed\/iI_L25IkJXc?start=13&amp;end=80\" frameborder=\"0\" allow=\"accelerometer; autoplay; clipboard-write; encrypted-media; gyroscope; picture-in-picture\" allowfullscreen=\"\"><\/iframe>\n\n\n\n<p><\/p>\n\n\n\n<p><strong>Jota Mart\u00ednez<\/strong> \u00e9s especialista en instruments de la tradici\u00f3 medieval espanyola i col\u00b7laborador habitual de <strong>Mara<\/strong>. El seu disc <em>Instrumentos para loar a Santa Mar\u00eda<\/em> \u00e9s un \u00e0lbum del seu projecte, l\u2019<strong>Ensemble Alfons\u00ed<\/strong>, fruit del treball de reconstrucci\u00f3 de 70 instruments musicals de l\u2019\u00e8poca d\u2019<strong>Alfons X el Savi<\/strong>, amb el qual ha rebut el Premi Carlos Santos a la m\u00fasica valenciana.<\/p>\n\n\n\n<div class=\"wp-block-image\"><figure class=\"aligncenter size-full\"><img decoding=\"async\" width=\"1000\" height=\"322\" src=\"https:\/\/lescincllunes.apuntmedia.es\/wp-content\/uploads\/2021\/03\/EnsembleAlfonsi-web.jpg\" alt=\"\" class=\"wp-image-63\" srcset=\"https:\/\/lescincllunes.apuntmedia.es\/wp-content\/uploads\/2021\/03\/EnsembleAlfonsi-web.jpg 1000w, https:\/\/lescincllunes.apuntmedia.es\/wp-content\/uploads\/2021\/03\/EnsembleAlfonsi-web-300x97.jpg 300w, https:\/\/lescincllunes.apuntmedia.es\/wp-content\/uploads\/2021\/03\/EnsembleAlfonsi-web-768x247.jpg 768w\" sizes=\"(max-width: 1000px) 100vw, 1000px\" \/><\/figure><\/div>\n\n\n\n<p>La parella d\u2019artistes ens presenta alguns d\u2019aquests instruments que han portat a l\u2019estudi de <em>Les cinc llunes<\/em>, les peculiaritats de cadascun i com sonen. La c\u00edtola o guitarra medieval pertany a la fam\u00edlia d\u2019instruments de corda pin\u00e7ada. Compta amb quatre cordes i \u00e9s l\u2019avantpassat de la guitarra tal com la coneixem hui en dia.<\/p>\n\n\n\n<div style=\"max-width: 960px;\"><video-js data-account=\"6057955885001\" data-player=\"kxOJQ6zBrc\" data-embed=\"default\" controls=\"\" data-video-id=\"1693759116440136842\" data-playlist-id=\"\" data-application-id=\"\" class=\"vjs-fluid\"><\/video-js><\/div>\n\n\n\n<p><\/p>\n\n\n\n<p>La del m\u00fasic i lutier \u00e9s l\u2019\u00fanica col\u00b7lecci\u00f3 \u00edntegra que existeix en el m\u00f3n de l\u2019<em>Instrument\u00e0rium musical alfons\u00ed<\/em>, un cat\u00e0leg impressionant d\u2019instruments de diverses formes i grand\u00e0ries, constru\u00efts tamb\u00e9 a partir dels materials m\u00e9s variats: fusta, pell, os, tendons d\u2019animals, budell&#8230;<\/p>\n\n\n\n<div class=\"wp-block-image\"><figure class=\"aligncenter size-full\"><img loading=\"lazy\" decoding=\"async\" width=\"1000\" height=\"668\" src=\"https:\/\/lescincllunes.apuntmedia.es\/wp-content\/uploads\/2021\/03\/Foto-Expo.jpg\" alt=\"\" class=\"wp-image-90\" srcset=\"https:\/\/lescincllunes.apuntmedia.es\/wp-content\/uploads\/2021\/03\/Foto-Expo.jpg 1000w, https:\/\/lescincllunes.apuntmedia.es\/wp-content\/uploads\/2021\/03\/Foto-Expo-300x200.jpg 300w, https:\/\/lescincllunes.apuntmedia.es\/wp-content\/uploads\/2021\/03\/Foto-Expo-768x513.jpg 768w\" sizes=\"(max-width: 1000px) 100vw, 1000px\" \/><\/figure><\/div>\n\n\n\n<p>Per a construir les peces, Jota ha estudiat durant d\u00e8cades els c\u00f2dexs alfonsins i les seues il\u00b7lustracions per tal de reproduir els instruments que hi apareixen, de manera que els ha recuperat de l\u2019oblit i els ha donat una nova oportunitat en un context molt diferent del qual van viure.<\/p>\n\n\n\n<div class=\"wp-block-image\"><figure class=\"aligncenter size-full\"><img loading=\"lazy\" decoding=\"async\" width=\"940\" height=\"1024\" src=\"https:\/\/lescincllunes.apuntmedia.es\/wp-content\/uploads\/2021\/03\/ReconstruOK-940x1024-1.png\" alt=\"\" class=\"wp-image-139\" srcset=\"https:\/\/lescincllunes.apuntmedia.es\/wp-content\/uploads\/2021\/03\/ReconstruOK-940x1024-1.png 940w, https:\/\/lescincllunes.apuntmedia.es\/wp-content\/uploads\/2021\/03\/ReconstruOK-940x1024-1-275x300.png 275w, https:\/\/lescincllunes.apuntmedia.es\/wp-content\/uploads\/2021\/03\/ReconstruOK-940x1024-1-768x837.png 768w\" sizes=\"(max-width: 940px) 100vw, 940px\" \/><\/figure><\/div>\n\n\n\n<p><strong><strong>Mara<\/strong><\/strong> ens explica les caracter\u00edstiques d\u2019aquests instruments tan peculiars, els quals considera que tenen \u00e0nima i energia pr\u00f2pies.<\/p>\n\n\n\n<div style=\"max-width: 960px;\"><video-js data-account=\"6057955885001\" data-player=\"kxOJQ6zBrc\" data-embed=\"default\" controls=\"\" data-video-id=\"1693759113694894712\" data-playlist-id=\"\" data-application-id=\"\" class=\"vjs-fluid\"><\/video-js><\/div><script src=\"https:\/\/players.brightcove.net\/6057955885001\/kxOJQ6zBrc_default\/index.min.js\"><\/script>\n\n\n\n<p><\/p>\n\n\n\n<p>Podeu escoltar com sonen tots aquests instruments al disc <em>Instrumentos para loar a Santa Mar\u00eda<\/em>, allotjat en el <a href=\"https:\/\/open.spotify.com\/artist\/6VdipRrl3m3xiiuYcC8qWG\">perfil de Spotify<\/a> de l\u2019<strong>Ensemble Alfons\u00ed<\/strong>.<\/p>\n\n\n\n<iframe src=\"https:\/\/open.spotify.com\/embed\/album\/1HNJUVyxZSEMABIZbn8oSS\" width=\"700\" height=\"250\" frameborder=\"0\" allowtransparency=\"true\" allow=\"encrypted-media\"><\/iframe>\n\n\n\n<p><\/p>\n\n\n\n<p>Seguiu capbussant-vos en el particular m\u00f3n de la m\u00fasica medieval en el <a href=\"http:\/\/www.jotamartinez.com\/\">web de Jota<\/a>, consultant l\u2019ampli<a href=\"http:\/\/www.jotamartinez.com\/instrumentarium.html\"> <em>instrument\u00e0rium<\/em><\/a><em> <\/em>(cat\u00e0leg d\u2019instruments) de qu\u00e8 disposa o revisant l\u2019extensa<a href=\"http:\/\/www.jotamartinez.com\/discografia.html\"> discografia<\/a> que amb els anys ha anat acumulant.<\/p>\n\n\n\n<p>Tamb\u00e9 podeu visitar la<a href=\"http:\/\/cimmvalldigna.org\/\"> p\u00e0gina del CIMM<\/a> (Centre Internacional de M\u00fasica Medieval de la Valldigna) o el<a href=\"https:\/\/mara-aranda.com\/\"> web de Mara Aranda<\/a>.<\/p>\n\n\n\n<p><\/p>\n\n\n\n<div class=\"wp-block-image\"><figure class=\"aligncenter size-full\"><img loading=\"lazy\" decoding=\"async\" width=\"1000\" height=\"151\" src=\"https:\/\/lescincllunes.apuntmedia.es\/wp-content\/uploads\/2021\/03\/BannerCINEMA.jpg\" alt=\"\" class=\"wp-image-42\" srcset=\"https:\/\/lescincllunes.apuntmedia.es\/wp-content\/uploads\/2021\/03\/BannerCINEMA.jpg 1000w, https:\/\/lescincllunes.apuntmedia.es\/wp-content\/uploads\/2021\/03\/BannerCINEMA-300x45.jpg 300w, https:\/\/lescincllunes.apuntmedia.es\/wp-content\/uploads\/2021\/03\/BannerCINEMA-768x116.jpg 768w\" sizes=\"(max-width: 1000px) 100vw, 1000px\" \/><\/figure><\/div>\n\n\n\n<div class=\"wp-block-image\"><figure class=\"aligncenter size-full\"><img loading=\"lazy\" decoding=\"async\" width=\"1001\" height=\"101\" src=\"https:\/\/lescincllunes.apuntmedia.es\/wp-content\/uploads\/2021\/03\/SonaLaFilmo-03.jpg\" alt=\"\" class=\"wp-image-148\" srcset=\"https:\/\/lescincllunes.apuntmedia.es\/wp-content\/uploads\/2021\/03\/SonaLaFilmo-03.jpg 1001w, https:\/\/lescincllunes.apuntmedia.es\/wp-content\/uploads\/2021\/03\/SonaLaFilmo-03-300x30.jpg 300w, https:\/\/lescincllunes.apuntmedia.es\/wp-content\/uploads\/2021\/03\/SonaLaFilmo-03-768x77.jpg 768w\" sizes=\"(max-width: 1001px) 100vw, 1001px\" \/><\/figure><\/div>\n\n\n\n<p>La plastilina no \u00e9s cosa nom\u00e9s de la xicalla. Tradicionalment, l\u2019animaci\u00f3 s\u2019ha associat exclusivament a les hist\u00f2ries infantils. <strong>Pablo Llorens<\/strong>, un dels noms referents per excel\u00b7l\u00e8ncia en l\u2019animaci\u00f3 a casa nostra i en l\u2019\u00e0mbit estatal, es reivindica contra el t\u00f2pic.&nbsp;<\/p>\n\n\n\n<p>La hist\u00f2ria de <em>Molecular Zombie<\/em> n\u2019\u00e9s un bon exemple. Aquest curtmetratge en clau de com\u00e8dia terror\u00edfica fant\u00e0stica versa sobre els dilemes de la paternitat i combina criatures animades amb actors i escenaris reals. Una hist\u00f2ria d\u2019all\u00f2 m\u00e9s surrealista, amb tocs de ci\u00e8ncia-ficci\u00f3 i <em>gore<\/em>, clarament enfocada a un p\u00fablic adult.&nbsp;<\/p>\n\n\n\n<figure class=\"wp-block-embed aligncenter is-type-video is-provider-vimeo wp-block-embed-vimeo wp-embed-aspect-16-9 wp-has-aspect-ratio\"><div class=\"wp-block-embed__wrapper\">\n<iframe title=\"INTROMISSIONS#4. Pablo Llorens presenta &amp;quot;Molecular Zombie&amp;quot;\" src=\"https:\/\/player.vimeo.com\/video\/451124683?dnt=1&amp;app_id=122963\" width=\"750\" height=\"422\" frameborder=\"0\" allow=\"autoplay; fullscreen; picture-in-picture\" allowfullscreen><\/iframe>\n<\/div><\/figure>\n\n\n\n<p>Dos dels curtmetratges de <strong>Pablo Llorens<\/strong> han rebut el m\u00e0xim guard\u00f3 que s\u2019atorga en el panorama del cine espanyol, el Goya. L\u2019alcoi\u00e0 ha guanyat l\u2019estatueta de millor curtmetratge d\u2019animaci\u00f3 pel seu treball en <em>Caracol, col, col<\/em> (1996) i en <em>El enigma del chico croqueta<\/em> (2005).<\/p>\n\n\n\n<iframe width=\"700\" height=\"400\" src=\"https:\/\/www.youtube.com\/embed\/NojpOJzosHU\" frameborder=\"0\" allow=\"accelerometer; autoplay; clipboard-write; encrypted-media; gyroscope; picture-in-picture\" allowfullscreen=\"\"><\/iframe>\n\n\n\n<p><\/p>\n\n\n\n<p><strong><strong>Llorens<\/strong><\/strong> va dedicar aquest segon guard\u00f3, entre altres persones, a tots els animadors valencians, un sector en auge que no para de collir reconeixements per les seues obres.<\/p>\n\n\n\n<figure class=\"wp-block-embed aligncenter is-type-video is-provider-youtube wp-block-embed-youtube wp-embed-aspect-16-9 wp-has-aspect-ratio\"><div class=\"wp-block-embed__wrapper\">\n<iframe title=\"El enigma del chico croqueta, Goya 2005 al Mejor Corto de Animaci\u00f3n\" width=\"750\" height=\"422\" src=\"https:\/\/www.youtube.com\/embed\/1oVV23pJz30?feature=oembed\" frameborder=\"0\" allow=\"accelerometer; autoplay; clipboard-write; encrypted-media; gyroscope; picture-in-picture\" allowfullscreen><\/iframe>\n<\/div><\/figure>\n\n\n\n<p><\/p>\n\n\n\n<p>El treball de <strong>Pablo Llorens<\/strong> no acaba en els curtmetratges. El creador ha&nbsp; aplicat la seua experi\u00e8ncia en animaci\u00f3 a moltes altres disciplines i formats com ara s\u00e8ries de televisi\u00f3, espots i campanyes publicit\u00e0ries o treballs per a la ind\u00fastria musical. Una bona mostra \u00e9s aquest videoclip del tema <em>Alta Fidelidad<\/em>, de <strong>Lori Meyers<\/strong>, un dels grups m\u00e9s destacats del panorama del pop-rock <em>indie <\/em>espanyol. Aquest treball d\u2019<em>stop-motion <\/em>de <strong>Llorens<\/strong> va resultar guanyador al concurs convocat pel grup per donar imatge a la seua m\u00fasica.<\/p>\n\n\n\n<p><\/p>\n\n\n\n<figure class=\"wp-block-embed aligncenter is-type-video is-provider-youtube wp-block-embed-youtube wp-embed-aspect-4-3 wp-has-aspect-ratio\"><div class=\"wp-block-embed__wrapper\">\n<iframe title=\"cabeza . LORI MEYERS\" width=\"750\" height=\"563\" src=\"https:\/\/www.youtube.com\/embed\/-uiiLHE-XW8?feature=oembed\" frameborder=\"0\" allow=\"accelerometer; autoplay; clipboard-write; encrypted-media; gyroscope; picture-in-picture\" allowfullscreen><\/iframe>\n<\/div><\/figure>\n\n\n\n<p><\/p>\n\n\n\n<div class=\"wp-block-image\"><figure class=\"aligncenter size-full\"><img loading=\"lazy\" decoding=\"async\" width=\"1000\" height=\"151\" src=\"https:\/\/lescincllunes.apuntmedia.es\/wp-content\/uploads\/2021\/03\/COLORS_Separadors-21.jpg\" alt=\"\" class=\"wp-image-951\" srcset=\"https:\/\/lescincllunes.apuntmedia.es\/wp-content\/uploads\/2021\/03\/COLORS_Separadors-21.jpg 1000w, https:\/\/lescincllunes.apuntmedia.es\/wp-content\/uploads\/2021\/03\/COLORS_Separadors-21-300x45.jpg 300w, https:\/\/lescincllunes.apuntmedia.es\/wp-content\/uploads\/2021\/03\/COLORS_Separadors-21-768x116.jpg 768w\" sizes=\"(max-width: 1000px) 100vw, 1000px\" \/><\/figure><\/div>\n\n\n\n<div class=\"wp-block-image\"><figure class=\"aligncenter size-full\"><img loading=\"lazy\" decoding=\"async\" width=\"1001\" height=\"101\" src=\"https:\/\/lescincllunes.apuntmedia.es\/wp-content\/uploads\/2021\/03\/COLORS_Separadors-09.jpg\" alt=\"\" class=\"wp-image-984\" srcset=\"https:\/\/lescincllunes.apuntmedia.es\/wp-content\/uploads\/2021\/03\/COLORS_Separadors-09.jpg 1001w, https:\/\/lescincllunes.apuntmedia.es\/wp-content\/uploads\/2021\/03\/COLORS_Separadors-09-300x30.jpg 300w, https:\/\/lescincllunes.apuntmedia.es\/wp-content\/uploads\/2021\/03\/COLORS_Separadors-09-768x77.jpg 768w\" sizes=\"(max-width: 1001px) 100vw, 1001px\" \/><\/figure><\/div>\n\n\n\n<h2 class=\"wp-block-heading\">Cap\u00edtol 3: <em>M\u00e0quines que fan soroll<\/em><\/h2>\n\n\n\n<p>Som al <em>reter<\/em> (o classificador de carbons) del m\u00edtic pou miner&nbsp;Maria&nbsp;Luisa,&nbsp;a <strong>Langreo<\/strong>, enmig de les conques mineres asturianes, des d&#8217;on reivindicarem el soroll de les m\u00e0quines com a forma d&#8217;art. <strong>Edu Comelles<\/strong> ens convida a delectar-nos amb els ritmes, estrid\u00e8ncies i pot\u00e8ncia del soroll. Aquesta <em>Nota de so<\/em> va de m\u00e0quines, vagonetes plenes de carb\u00f3 i <em>rock and roll<\/em>. Pareu l&#8217;orella.<\/p>\n\n\n\n<div class=\"wp-block-image\"><figure class=\"aligncenter size-full\"><img loading=\"lazy\" decoding=\"async\" width=\"1000\" height=\"750\" src=\"https:\/\/lescincllunes.apuntmedia.es\/wp-content\/uploads\/2021\/03\/MAQUINES-03.jpg\" alt=\"\" class=\"wp-image-115\" srcset=\"https:\/\/lescincllunes.apuntmedia.es\/wp-content\/uploads\/2021\/03\/MAQUINES-03.jpg 1000w, https:\/\/lescincllunes.apuntmedia.es\/wp-content\/uploads\/2021\/03\/MAQUINES-03-300x225.jpg 300w, https:\/\/lescincllunes.apuntmedia.es\/wp-content\/uploads\/2021\/03\/MAQUINES-03-768x576.jpg 768w\" sizes=\"(max-width: 1000px) 100vw, 1000px\" \/><\/figure><\/div>\n\n\n\n<p>Ens trobem rodejats d\u2019un paisatge sonor a dalt del castellet del pou Mar\u00eda Luisa, una de les explotacions mineres de carb\u00f3 m\u00e9s emblem\u00e0tiques d\u2019Ast\u00faries, a hores d&#8217;ara desaparegut per complet.<\/p>\n\n\n\n<div class=\"wp-block-image\"><figure class=\"aligncenter size-full\"><img loading=\"lazy\" decoding=\"async\" width=\"1000\" height=\"752\" src=\"https:\/\/lescincllunes.apuntmedia.es\/wp-content\/uploads\/2021\/03\/MAQUINES-02.jpg\" alt=\"\" class=\"wp-image-114\" srcset=\"https:\/\/lescincllunes.apuntmedia.es\/wp-content\/uploads\/2021\/03\/MAQUINES-02.jpg 1000w, https:\/\/lescincllunes.apuntmedia.es\/wp-content\/uploads\/2021\/03\/MAQUINES-02-300x226.jpg 300w, https:\/\/lescincllunes.apuntmedia.es\/wp-content\/uploads\/2021\/03\/MAQUINES-02-768x578.jpg 768w\" sizes=\"(max-width: 1000px) 100vw, 1000px\" \/><\/figure><\/div>\n\n\n\n<p>El documental sonor que hi va realitzar el nostre fonografista i que podeu escoltar \u00edntegrament a continuaci\u00f3 es va realitzar l\u2019any 2013, tres anys abans que el <em>pozu<\/em> Mar\u00eda Luisa tancara per sempre despr\u00e9s d\u2019una ag\u00f2nica mort de la mineria asturiana. En tota la gravaci\u00f3 podem escoltar de fons un so constant, el de la sala de compressors, on tota l\u2019electricitat necess\u00e0ria es tradu\u00efx en un so constant, profund i homogeni. Un tipus de so que en angl\u00e9s es coneix amb el nom de <em>drone<\/em> i que curiosament \u00e9s tamb\u00e9 com es coneix el mascle de l&#8217;abella, l&#8217;abellot.<\/p>\n\n\n\n<iframe style=\"border: 0; width: 100%; height: 120px;\" src=\"https:\/\/bandcamp.com\/EmbeddedPlayer\/album=3533052803\/size=large\/bgcol=ffffff\/linkcol=0687f5\/tracklist=false\/artwork=small\/transparent=true\/\" seamless=\"\"><a href=\"https:\/\/laminaysusonido.bandcamp.com\/album\/la-mina-y-su-sonido\">La mina y su sonido by La mina y su sonido<\/a><\/iframe>\n\n\n\n<p><\/p>\n\n\n\n<p>I \u00e9s que l\u2019amor, el gust i les ganes d\u2019escoltar soroll es remunten a principis del segle XX quan l&#8217;artista itali\u00e0 <strong>Luigi Russolo<\/strong> escrigu\u00e9 <em>L\u2019art dels sorolls<\/em>. En eixe text pioner, Russolo animava el lector a delectar-se amb els sons de la ciutat contempor\u00e0nia, el tr\u00e0nsit, la ind\u00fastria i fins i tot la maquin\u00e0ria de guerra. A continuaci\u00f3 podem veure l&#8217;artista amb el seu ajudant <strong>Ugo Piatti<\/strong> al seu laboratori de Mil\u00e0.<\/p>\n\n\n\n<div class=\"wp-block-image\"><figure class=\"aligncenter size-full\"><img loading=\"lazy\" decoding=\"async\" width=\"1000\" height=\"720\" src=\"https:\/\/lescincllunes.apuntmedia.es\/wp-content\/uploads\/2021\/03\/Russolo02.png\" alt=\"\" class=\"wp-image-141\" srcset=\"https:\/\/lescincllunes.apuntmedia.es\/wp-content\/uploads\/2021\/03\/Russolo02.png 1000w, https:\/\/lescincllunes.apuntmedia.es\/wp-content\/uploads\/2021\/03\/Russolo02-300x216.png 300w, https:\/\/lescincllunes.apuntmedia.es\/wp-content\/uploads\/2021\/03\/Russolo02-768x553.png 768w\" sizes=\"(max-width: 1000px) 100vw, 1000px\" \/><\/figure><\/div>\n\n\n\n<p>Amb el temps, eixe text i les idees de <strong>Russolo<\/strong> que en el seu moment es consideraren pol\u00e8miques i radicals, s\u2019han convertit en un element m\u00e9s de la cultura popular \u00e0mpliament acceptat. Al podcast especialitzat <em>T\u00e1cticas de Choque<\/em>, al cap\u00edtol que rep el nom de <em>La canci\u00f3n m\u00e1s peligrosa del mundo<\/em>,  podeu trobar-ne una an\u00e0lisi detallada al respecte.<\/p>\n\n\n\n<iframe src=\"https:\/\/anchor.fm\/tacticasdechoque\/embed\/episodes\/La-Cancin-Ms-Peligrosa-del-Mundo-eh9uu6\/a-a2q2i56\" height=\"102px\" width=\"700px\" frameborder=\"0\" scrolling=\"no\"><\/iframe>\n\n\n\n<p><\/p>\n\n\n\n<p>Aix\u00ed que si vos agraden els sorolls desapareguts de la mineria asturiana i els pensem i els reflexionem un poc hi trobarem connexions amb el <em>rock-and-roll<\/em> que ens dugu\u00e9 la distorsi\u00f3 de les guitarres.<\/p>\n\n\n\n<figure class=\"wp-block-embed aligncenter is-type-video is-provider-youtube wp-block-embed-youtube wp-embed-aspect-16-9 wp-has-aspect-ratio\"><div class=\"wp-block-embed__wrapper\">\n<iframe title=\"The Kinks - You Really Got Me (Official Audio)\" width=\"750\" height=\"422\" src=\"https:\/\/www.youtube.com\/embed\/fTTsY-oz6Go?feature=oembed\" frameborder=\"0\" allow=\"accelerometer; autoplay; clipboard-write; encrypted-media; gyroscope; picture-in-picture\" allowfullscreen><\/iframe>\n<\/div><\/figure>\n\n\n\n<p><\/p>\n\n\n\n<p class=\"has-text-align-right\"><strong>Redacci\u00f3<\/strong>  Cristina Qu\u00edlez, Saray Puchades i Guillem Nicol\u00e0s<br><strong>Producci\u00f3<\/strong>  Estela Mart\u00ednez<br><strong>Assessorament ling\u00fc\u00edstic<\/strong>  Gl\u00f2ria Banyuls<br><strong>Edici\u00f3<\/strong>  Francesc Bosch<br><strong>Realitzaci\u00f3<em>  <\/em><\/strong>Arnau M\u00faria<br><strong>Disseny sonor<\/strong>  Tere N\u00fa\u00f1ez<br><strong>Direcci\u00f3<\/strong>  Am\u00e0lia Garrig\u00f3s<\/p>\n\n\n\n<p class=\"has-text-align-right\"><strong>Continguts multim\u00e8dia<\/strong>  Borja Pons<\/p>\n\n\n\n<p><\/p>\n\n\n\n<div class=\"wp-block-image\"><figure class=\"aligncenter size-full\"><img loading=\"lazy\" decoding=\"async\" width=\"1001\" height=\"179\" src=\"https:\/\/lescincllunes.apuntmedia.es\/wp-content\/uploads\/2021\/03\/LOGOS_Mesa-de-trabajo-1-3.png\" alt=\"\" class=\"wp-image-643\" srcset=\"https:\/\/lescincllunes.apuntmedia.es\/wp-content\/uploads\/2021\/03\/LOGOS_Mesa-de-trabajo-1-3.png 1001w, https:\/\/lescincllunes.apuntmedia.es\/wp-content\/uploads\/2021\/03\/LOGOS_Mesa-de-trabajo-1-3-300x54.png 300w, https:\/\/lescincllunes.apuntmedia.es\/wp-content\/uploads\/2021\/03\/LOGOS_Mesa-de-trabajo-1-3-768x137.png 768w\" sizes=\"(max-width: 1001px) 100vw, 1001px\" \/><\/figure><\/div>\n","protected":false},"excerpt":{"rendered":"<div style=\"max-width: 960px;\"><video-js data-account=\"6057955885001\" data-player=\"kxOJQ6zBrc\" data-embed=\"default\" controls=\"\" data-video-id=\"1693297699148597402\" data-playlist-id=\"\" data-application-id=\"\" class=\"vjs-fluid\"><\/video-js><\/div>\n<p><script src=\"https:\/\/players.brightcove.net\/6057955885001\/kxOJQ6zBrc_default\/index.min.js\"><\/script><\/p>\n","protected":false},"author":1,"featured_media":0,"comment_status":"closed","ping_status":"closed","sticky":false,"template":"","format":"standard","meta":{"footnotes":""},"categories":[4],"tags":[],"class_list":["post-218","post","type-post","status-publish","format-standard","hentry","category-programes-complets"],"yoast_head":"<!-- This site is optimized with the Yoast SEO plugin v15.9 - https:\/\/yoast.com\/wordpress\/plugins\/seo\/ -->\n<title>Cap\u00edtol 8 - Lutiers - Les cinc llunes<\/title>\n<meta name=\"robots\" content=\"index, follow, max-snippet:-1, max-image-preview:large, max-video-preview:-1\" \/>\n<link rel=\"canonical\" href=\"https:\/\/lescincllunes.apuntmedia.es\/index.php\/2021\/08\/12\/capitol-8-luthiers\/\" \/>\n<meta property=\"og:locale\" content=\"ca_ES\" \/>\n<meta property=\"og:type\" content=\"article\" \/>\n<meta property=\"og:title\" content=\"Cap\u00edtol 8 - Lutiers - Les cinc llunes\" \/>\n<meta property=\"og:url\" content=\"https:\/\/lescincllunes.apuntmedia.es\/index.php\/2021\/08\/12\/capitol-8-luthiers\/\" \/>\n<meta property=\"og:site_name\" content=\"Les cinc llunes\" \/>\n<meta property=\"article:publisher\" content=\"https:\/\/www.facebook.com\/lescincllunes\" \/>\n<meta property=\"article:published_time\" content=\"2021-08-12T19:00:00+00:00\" \/>\n<meta property=\"article:modified_time\" content=\"2021-08-12T14:57:20+00:00\" \/>\n<meta property=\"og:image\" content=\"https:\/\/lescincllunes.apuntmedia.es\/wp-content\/uploads\/2021\/03\/BannerMUSICA.jpg\" \/>\n<meta name=\"twitter:card\" content=\"summary_large_image\" \/>\n<meta name=\"twitter:creator\" content=\"@lescincllunes\" \/>\n<meta name=\"twitter:site\" content=\"@lescincllunes\" \/>\n<meta name=\"twitter:label1\" content=\"Temps estimat de lectura\">\n\t<meta name=\"twitter:data1\" content=\"8 minuts\">\n<script type=\"application\/ld+json\" class=\"yoast-schema-graph\">{\"@context\":\"https:\/\/schema.org\",\"@graph\":[{\"@type\":\"WebSite\",\"@id\":\"https:\/\/lescincllunes.apuntmedia.es\/#website\",\"url\":\"https:\/\/lescincllunes.apuntmedia.es\/\",\"name\":\"Les cinc llunes\",\"description\":\"Un podcast de cultura radial\",\"potentialAction\":[{\"@type\":\"SearchAction\",\"target\":\"https:\/\/lescincllunes.apuntmedia.es\/?s={search_term_string}\",\"query-input\":\"required name=search_term_string\"}],\"inLanguage\":\"ca\"},{\"@type\":\"ImageObject\",\"@id\":\"https:\/\/lescincllunes.apuntmedia.es\/index.php\/2021\/08\/12\/capitol-8-luthiers\/#primaryimage\",\"inLanguage\":\"ca\",\"url\":\"https:\/\/lescincllunes.apuntmedia.es\/wp-content\/uploads\/2021\/03\/BannerMUSICA.jpg\",\"width\":1000,\"height\":151},{\"@type\":\"WebPage\",\"@id\":\"https:\/\/lescincllunes.apuntmedia.es\/index.php\/2021\/08\/12\/capitol-8-luthiers\/#webpage\",\"url\":\"https:\/\/lescincllunes.apuntmedia.es\/index.php\/2021\/08\/12\/capitol-8-luthiers\/\",\"name\":\"Cap\\u00edtol 8 - Lutiers - Les cinc llunes\",\"isPartOf\":{\"@id\":\"https:\/\/lescincllunes.apuntmedia.es\/#website\"},\"primaryImageOfPage\":{\"@id\":\"https:\/\/lescincllunes.apuntmedia.es\/index.php\/2021\/08\/12\/capitol-8-luthiers\/#primaryimage\"},\"datePublished\":\"2021-08-12T19:00:00+00:00\",\"dateModified\":\"2021-08-12T14:57:20+00:00\",\"author\":{\"@id\":\"https:\/\/lescincllunes.apuntmedia.es\/#\/schema\/person\/f8e959baa4607fac92352114336d23bd\"},\"breadcrumb\":{\"@id\":\"https:\/\/lescincllunes.apuntmedia.es\/index.php\/2021\/08\/12\/capitol-8-luthiers\/#breadcrumb\"},\"inLanguage\":\"ca\",\"potentialAction\":[{\"@type\":\"ReadAction\",\"target\":[\"https:\/\/lescincllunes.apuntmedia.es\/index.php\/2021\/08\/12\/capitol-8-luthiers\/\"]}]},{\"@type\":\"BreadcrumbList\",\"@id\":\"https:\/\/lescincllunes.apuntmedia.es\/index.php\/2021\/08\/12\/capitol-8-luthiers\/#breadcrumb\",\"itemListElement\":[{\"@type\":\"ListItem\",\"position\":1,\"item\":{\"@type\":\"WebPage\",\"@id\":\"https:\/\/lescincllunes.apuntmedia.es\/\",\"url\":\"https:\/\/lescincllunes.apuntmedia.es\/\",\"name\":\"Inici\"}},{\"@type\":\"ListItem\",\"position\":2,\"item\":{\"@type\":\"WebPage\",\"@id\":\"https:\/\/lescincllunes.apuntmedia.es\/index.php\/2021\/08\/12\/capitol-8-luthiers\/\",\"url\":\"https:\/\/lescincllunes.apuntmedia.es\/index.php\/2021\/08\/12\/capitol-8-luthiers\/\",\"name\":\"Cap\\u00edtol 8 &#8211; Lutiers\"}}]},{\"@type\":\"Person\",\"@id\":\"https:\/\/lescincllunes.apuntmedia.es\/#\/schema\/person\/f8e959baa4607fac92352114336d23bd\",\"name\":\"admin\",\"image\":{\"@type\":\"ImageObject\",\"@id\":\"https:\/\/lescincllunes.apuntmedia.es\/#personlogo\",\"inLanguage\":\"ca\",\"url\":\"https:\/\/secure.gravatar.com\/avatar\/dcd85d3d685af586f211eb122e24b51bd5be615b2e57181f1910a74104899533?s=96&d=mm&r=g\",\"caption\":\"admin\"},\"sameAs\":[\"https:\/\/lescincllunes.apuntmedia.es\"]}]}<\/script>\n<!-- \/ Yoast SEO plugin. -->","_links":{"self":[{"href":"https:\/\/lescincllunes.apuntmedia.es\/index.php\/wp-json\/wp\/v2\/posts\/218","targetHints":{"allow":["GET"]}}],"collection":[{"href":"https:\/\/lescincllunes.apuntmedia.es\/index.php\/wp-json\/wp\/v2\/posts"}],"about":[{"href":"https:\/\/lescincllunes.apuntmedia.es\/index.php\/wp-json\/wp\/v2\/types\/post"}],"author":[{"embeddable":true,"href":"https:\/\/lescincllunes.apuntmedia.es\/index.php\/wp-json\/wp\/v2\/users\/1"}],"replies":[{"embeddable":true,"href":"https:\/\/lescincllunes.apuntmedia.es\/index.php\/wp-json\/wp\/v2\/comments?post=218"}],"version-history":[{"count":42,"href":"https:\/\/lescincllunes.apuntmedia.es\/index.php\/wp-json\/wp\/v2\/posts\/218\/revisions"}],"predecessor-version":[{"id":2729,"href":"https:\/\/lescincllunes.apuntmedia.es\/index.php\/wp-json\/wp\/v2\/posts\/218\/revisions\/2729"}],"wp:attachment":[{"href":"https:\/\/lescincllunes.apuntmedia.es\/index.php\/wp-json\/wp\/v2\/media?parent=218"}],"wp:term":[{"taxonomy":"category","embeddable":true,"href":"https:\/\/lescincllunes.apuntmedia.es\/index.php\/wp-json\/wp\/v2\/categories?post=218"},{"taxonomy":"post_tag","embeddable":true,"href":"https:\/\/lescincllunes.apuntmedia.es\/index.php\/wp-json\/wp\/v2\/tags?post=218"}],"curies":[{"name":"wp","href":"https:\/\/api.w.org\/{rel}","templated":true}]}}