{"id":219,"date":"2021-08-17T21:00:00","date_gmt":"2021-08-17T19:00:00","guid":{"rendered":"https:\/\/lescincllunes.apuntmedia.es\/?p=219"},"modified":"2021-08-18T10:11:20","modified_gmt":"2021-08-18T08:11:20","slug":"capitol-9-cirqueres-afinacio","status":"publish","type":"post","link":"https:\/\/lescincllunes.apuntmedia.es\/index.php\/2021\/08\/17\/capitol-9-cirqueres-afinacio\/","title":{"rendered":"Cap\u00edtol 9 &#8211; Cirqueres i afinaci\u00f3"},"content":{"rendered":"\n<div style=\"max-width: 960px;\"><video-js data-account=\"6057955885001\" data-player=\"kxOJQ6zBrc\" data-embed=\"default\" controls=\"\" data-video-id=\"1693297697826429137\" data-playlist-id=\"\" data-application-id=\"\" class=\"vjs-fluid\"><\/video-js><\/div>\n\n\n\n<p><\/p>\n\n\n\n<div class=\"wp-block-image\"><figure class=\"aligncenter size-full\"><img fetchpriority=\"high\" decoding=\"async\" width=\"1000\" height=\"151\" src=\"https:\/\/lescincllunes.apuntmedia.es\/wp-content\/uploads\/2021\/03\/BannerMUSICA.jpg\" alt=\"\" class=\"wp-image-45\" srcset=\"https:\/\/lescincllunes.apuntmedia.es\/wp-content\/uploads\/2021\/03\/BannerMUSICA.jpg 1000w, https:\/\/lescincllunes.apuntmedia.es\/wp-content\/uploads\/2021\/03\/BannerMUSICA-300x45.jpg 300w, https:\/\/lescincllunes.apuntmedia.es\/wp-content\/uploads\/2021\/03\/BannerMUSICA-768x116.jpg 768w\" sizes=\"(max-width: 1000px) 100vw, 1000px\" \/><\/figure><\/div>\n\n\n\n<p>Afinem el nostre piano de cua, que havia estat adormit durant onze anys, amb les explicacions de <strong>Javier Clemente<\/strong>, de <a href=\"http:\/\/www.clementepianos.com\/\" target=\"_blank\" rel=\"noreferrer noopener\">Pianos Clemente<\/a>, tota una instituci\u00f3 en la posada a punt d\u2019instruments a la ciutat de Val\u00e8ncia.<\/p>\n\n\n\n<div style=\"max-width: 960px;\"><video-js data-account=\"6057955885001\" data-player=\"kxOJQ6zBrc\" data-embed=\"default\" controls=\"\" data-video-id=\"1693759112376904932\" data-playlist-id=\"\" data-application-id=\"\" class=\"vjs-fluid\"><\/video-js><\/div>\n\n\n\n<p><\/p>\n\n\n\n<p><strong>Am\u00e0lia Garrig\u00f3s<\/strong> i <strong>Javier Clemente<\/strong> conversen sobre el fet de fer despertar un piano adormit durant massa anys i del seguiment que fan durant d\u00e8cades a cada instrument.<\/p>\n\n\n\n<div style=\"max-width: 960px;\"><video-js data-account=\"6057955885001\" data-player=\"kxOJQ6zBrc\" data-embed=\"default\" controls=\"\" data-video-id=\"1693759110966653091\" data-playlist-id=\"\" data-application-id=\"\" class=\"vjs-fluid\"><\/video-js><\/div>\n\n\n\n<p><\/p>\n\n\n\n<div id=\"block-364311f4-e2d4-4abf-bfba-322e5eae9c3c\" class=\"wp-block-image\"><figure class=\"aligncenter size-full\"><img decoding=\"async\" width=\"1001\" height=\"101\" src=\"https:\/\/lescincllunes.apuntmedia.es\/wp-content\/uploads\/2021\/03\/Pentagram.jpg\" alt=\"\" class=\"wp-image-127\" srcset=\"https:\/\/lescincllunes.apuntmedia.es\/wp-content\/uploads\/2021\/03\/Pentagram.jpg 1001w, https:\/\/lescincllunes.apuntmedia.es\/wp-content\/uploads\/2021\/03\/Pentagram-300x30.jpg 300w, https:\/\/lescincllunes.apuntmedia.es\/wp-content\/uploads\/2021\/03\/Pentagram-768x77.jpg 768w\" sizes=\"(max-width: 1001px) 100vw, 1001px\" \/><\/figure><\/div>\n\n\n\n<p id=\"block-9a2b5eb6-dd4e-4314-851d-307c7343dd0f\">De la m\u00e0 d\u2019<strong>Hilari Garc\u00eda<\/strong> i el pianista <strong>Antonio Galera<\/strong> coneixem un poc m\u00e9s els compositors i les compositores valencianes.<\/p>\n\n\n\n<h2 class=\"wp-block-heading\" id=\"block-1e2f2ed0-6aa4-4fdd-8056-f1865c30bb36\">Cap\u00edtol 1: <em>Francesc Cuesta<\/em><\/h2>\n\n\n\n<div id=\"block-0ce1e095-1109-4db3-a6ee-64dc5dbf4995\" class=\"wp-block-image\"><figure class=\"alignleft size-large\"><img decoding=\"async\" width=\"234\" height=\"300\" src=\"https:\/\/lescincllunes.apuntmedia.es\/wp-content\/uploads\/2021\/03\/Francesc-Cuesta-PENTAGRAMA-1.jpg\" alt=\"\" class=\"wp-image-92\"\/><\/figure><\/div>\n\n\n\n<p id=\"block-0b8ccb7d-e537-4c71-862b-390d13a31006\">En el primer lliurament d\u2019\u201cEl pentagrama\u201d descobrim el compositor i pianista cec <strong>Francesc Cuesta<\/strong>, que, malgrat que va morir molt jove, amb nom\u00e9s 32 anys, va deixar-nos peces ben interessants, algunes de les quals escoltem en el programa.<\/p>\n\n\n\n<p id=\"block-730577af-0c2b-4c70-9abc-a0c8dbd9da55\">Com aquest segon preludi que interpreta en directe <strong>Antonio Galera<\/strong> a l\u2019estudi de <em>Les cinc llunes<\/em> i que forma part de l\u2019obra <em>5 preludios para piano<\/em> amb la qual <strong>Cuesta<\/strong> va guanyar el primer premi de composici\u00f3.<\/p>\n\n\n\n<p><\/p>\n\n\n\n<div style=\"max-width: 960px;\"><video-js data-account=\"6057955885001\" data-player=\"kxOJQ6zBrc\" data-embed=\"default\" controls=\"\" data-video-id=\"1693759614585071969\" data-playlist-id=\"\" data-application-id=\"\" class=\"vjs-fluid\"><\/video-js><\/div>\n\n\n\n<p><\/p>\n\n\n\n<p id=\"block-6e31d589-f45e-4a6f-942f-2e6baeeaa130\"><strong><strong>Amparo Iturbi<\/strong><\/strong>, amb qui l\u2019unia una gran amistat, va ser una de les int\u00e8rprets m\u00e9s rellevants de la producci\u00f3 pian\u00edstica de <strong><strong>Cuesta<\/strong><\/strong>.<\/p>\n\n\n\n<div id=\"block-392bb44b-0795-4747-8b36-e62268e6c812\" class=\"wp-block-image\"><figure class=\"aligncenter size-full\"><img loading=\"lazy\" decoding=\"async\" width=\"1000\" height=\"500\" src=\"https:\/\/lescincllunes.apuntmedia.es\/wp-content\/uploads\/2021\/03\/AmparoIturbiWeb.jpg\" alt=\"\" class=\"wp-image-34\" srcset=\"https:\/\/lescincllunes.apuntmedia.es\/wp-content\/uploads\/2021\/03\/AmparoIturbiWeb.jpg 1000w, https:\/\/lescincllunes.apuntmedia.es\/wp-content\/uploads\/2021\/03\/AmparoIturbiWeb-300x150.jpg 300w, https:\/\/lescincllunes.apuntmedia.es\/wp-content\/uploads\/2021\/03\/AmparoIturbiWeb-768x384.jpg 768w\" sizes=\"(max-width: 1000px) 100vw, 1000px\" \/><\/figure><\/div>\n\n\n\n<p id=\"block-63c3d14a-e352-43ad-97dd-59f012d7088d\">En aquest v\u00eddeo escoltem l\u2019obra <em>Dansa Valenciana<\/em> interpretada per la mateixa <strong>Amparo Iturbi<\/strong>.<\/p>\n\n\n\n<figure class=\"wp-block-embed aligncenter is-type-video is-provider-youtube wp-block-embed-youtube wp-embed-aspect-4-3 wp-has-aspect-ratio\"><div class=\"wp-block-embed__wrapper\">\n<iframe title=\"Danse Valencienne\" width=\"750\" height=\"563\" src=\"https:\/\/www.youtube.com\/embed\/C0bM0H-bKaE?feature=oembed\" frameborder=\"0\" allow=\"accelerometer; autoplay; clipboard-write; encrypted-media; gyroscope; picture-in-picture\" allowfullscreen><\/iframe>\n<\/div><\/figure>\n\n\n\n<p id=\"block-0f4b8ef4-c224-446a-b56f-1138312bddd6\"><\/p>\n\n\n\n<div id=\"block-a25b2b07-afcd-47bb-86a7-ed9faafc0346\" class=\"wp-block-image\"><figure class=\"aligncenter size-full\"><img loading=\"lazy\" decoding=\"async\" width=\"1000\" height=\"151\" src=\"https:\/\/lescincllunes.apuntmedia.es\/wp-content\/uploads\/2021\/03\/BannerCIRC.jpg\" alt=\"\" class=\"wp-image-43\" srcset=\"https:\/\/lescincllunes.apuntmedia.es\/wp-content\/uploads\/2021\/03\/BannerCIRC.jpg 1000w, https:\/\/lescincllunes.apuntmedia.es\/wp-content\/uploads\/2021\/03\/BannerCIRC-300x45.jpg 300w, https:\/\/lescincllunes.apuntmedia.es\/wp-content\/uploads\/2021\/03\/BannerCIRC-768x116.jpg 768w\" sizes=\"(max-width: 1000px) 100vw, 1000px\" \/><\/figure><\/div>\n\n\n\n<div id=\"block-8d975dc5-aa9b-4cf2-a932-7504d016d031\" class=\"wp-block-image\"><figure class=\"aligncenter size-full\"><img loading=\"lazy\" decoding=\"async\" width=\"1001\" height=\"101\" src=\"https:\/\/lescincllunes.apuntmedia.es\/wp-content\/uploads\/2021\/03\/COLORS-03.jpg\" alt=\"\" class=\"wp-image-52\" srcset=\"https:\/\/lescincllunes.apuntmedia.es\/wp-content\/uploads\/2021\/03\/COLORS-03.jpg 1001w, https:\/\/lescincllunes.apuntmedia.es\/wp-content\/uploads\/2021\/03\/COLORS-03-300x30.jpg 300w, https:\/\/lescincllunes.apuntmedia.es\/wp-content\/uploads\/2021\/03\/COLORS-03-768x77.jpg 768w\" sizes=\"(max-width: 1001px) 100vw, 1001px\" \/><\/figure><\/div>\n\n\n\n<h2 class=\"wp-block-heading\" id=\"block-3a74f776-d9f4-411f-aafc-20bd81adc78e\"><em>Cirqueres.<\/em><\/h2>\n\n\n\n<p id=\"block-c33150fd-44a8-42ff-9e98-cea85ff31f14\">El m\u00f3n del circ ha sigut tradicionalment un camp dominat per figures masculines: pallassos, acr\u00f2bates, equilibristes, trapezistes, domadors i altres personalitats semblants han protagonitzat l\u2019imaginari circense. No obstant, el perfil ha canviat en els \u00faltims anys i cada vegada s\u00f3n m\u00e9s les dones que es presenten al p\u00fablic amb el seu nas de pallassa, o que s\u2019atreveixen amb les masses i els malabarismes m\u00e9s arriscats, o que s\u2019enfilen per estructures impossibles fins a deixar el p\u00fablic bocabadat. El paradigma ha canviat i les protagonistes ens ho expliquen.<\/p>\n\n\n\n<div style=\"max-width: 960px;\"><video-js data-account=\"6057955885001\" data-player=\"kxOJQ6zBrc\" data-embed=\"default\" controls=\"\" data-video-id=\"1693759241135844663\" data-playlist-id=\"\" data-application-id=\"\" class=\"vjs-fluid\"><\/video-js><\/div>\n\n\n\n<p><\/p>\n\n\n\n<p id=\"block-8803dd9a-09f2-4aee-9706-88fd50c55050\"><strong><strong>Maria Colomer<\/strong><\/strong> \u00e9s la presidenta de l\u2019Associaci\u00f3 Valenciana de Professionals del Circ, <strong><strong>Marisa Ib\u00e1\u00f1ez<\/strong><\/strong> va rebre en 2020 el premi a la millor artista de circ en la gala de les arts esc\u00e8niques valencianes i <strong><strong>TxeTxe Folch<\/strong><\/strong> fa molts anys que representa tota classe d\u2019espectacles de circ. Elles tenen clar que les dones han de buscar els seus espais, tamb\u00e9 en el m\u00f3n del circ, com passa en totes les altres disciplines art\u00edstiques.&nbsp;<\/p>\n\n\n\n<div style=\"max-width: 960px;\"><video-js data-account=\"6057955885001\" data-player=\"kxOJQ6zBrc\" data-embed=\"default\" controls=\"\" data-video-id=\"1693759242619575883\" data-playlist-id=\"\" data-application-id=\"\" class=\"vjs-fluid\"><\/video-js><\/div>\n\n\n\n<p><\/p>\n\n\n\n<p id=\"block-25fd64b4-ecdb-4503-a909-f02890dd0db1\">Tradicionalment, el m\u00f3n del circ ha destacat la figura d\u2019homes valents, de for\u00e7uts i de domadors, mentre que les dones del circ sempre s\u2019han presentat com a actrius secund\u00e0ries d\u2019aquest m\u00f3n. Hui, elles reclamen la capacitat de contar tota mena d\u2019hist\u00f2ries.&nbsp;<\/p>\n\n\n\n<p id=\"block-201dd180-a63a-4411-a2ee-a4f8dde7e3f0\">Cantar, ballar, saltar, improvisar, fer m\u00fasica\u2026 Tot serveix a l\u2019hora de presentar-se en p\u00fablic i fer possible un dels principals objectius del circ, sorprendre a grans i menuts en una relaci\u00f3 \u00edntima que busca, sobretot, fer feli\u00e7 els dos actors que intervenen en el proc\u00e9s. Aix\u00f2 <strong>Marisa Ib\u00e1\u00f1ez<\/strong> i <strong>TxeTxe Folch<\/strong> ho tenen molt clar.A poc a poc, les actrius i les empres\u00e0ries del circ han aconseguit fer-se un lloc en l\u2019escena. Els seus espectacles donen fe de la seua qualitat. Aquest, Sophie, de La Troupe Malab\u00f3, protagonitzat per tres actrius, n\u2019\u00e9s una prova.<\/p>\n\n\n\n<div style=\"max-width: 960px;\"><video-js data-account=\"6057955885001\" data-player=\"kxOJQ6zBrc\" data-embed=\"default\" controls=\"\" data-video-id=\"1693759239924686945\" data-playlist-id=\"\" data-application-id=\"\" class=\"vjs-fluid\"><\/video-js><\/div><script src=\"https:\/\/players.brightcove.net\/6057955885001\/kxOJQ6zBrc_default\/index.min.js\"><\/script>\n\n\n\n<p><\/p>\n\n\n\n<p id=\"block-561664f6-cd5b-4535-b8af-0f66be779992\">A poc a poc, les actrius i les empres\u00e0ries del circ han aconseguit fer-se un lloc en l\u2019escena. Els seus espectacles donen fe de la seua qualitat. L&#8217;obra <em>Sophie<\/em>, de <strong>La<\/strong> <strong>Troupe Malab\u00f3<\/strong>, protagonitzada per tres actrius, n\u2019\u00e9s una prova.<\/p>\n\n\n\n<figure class=\"wp-block-embed aligncenter is-type-video is-provider-youtube wp-block-embed-youtube wp-embed-aspect-16-9 wp-has-aspect-ratio\"><div class=\"wp-block-embed__wrapper\">\n<iframe title=\"Teaser Sophie (2)\" width=\"750\" height=\"422\" src=\"https:\/\/www.youtube.com\/embed\/mPjqzJnRZFY?feature=oembed\" frameborder=\"0\" allow=\"accelerometer; autoplay; clipboard-write; encrypted-media; gyroscope; picture-in-picture\" allowfullscreen><\/iframe>\n<\/div><\/figure>\n\n\n\n<p><\/p>\n\n\n\n<p class=\"has-text-align-right\"><strong>Redacci\u00f3<\/strong>  Cristina Qu\u00edlez, Saray Puchades i Guillem Nicol\u00e0s<br><strong>Producci\u00f3<\/strong>  Estela Mart\u00ednez<br><strong>Assessorament ling\u00fc\u00edstic<\/strong>  Gl\u00f2ria Banyuls<br><strong>Edici\u00f3<\/strong>  Francesc Bosch<br><strong>Realitzaci\u00f3<em>  <\/em><\/strong>Arnau M\u00faria<br><strong>Disseny sonor<\/strong>  Tere N\u00fa\u00f1ez<br><strong>Direcci\u00f3<\/strong>  Am\u00e0lia Garrig\u00f3s<\/p>\n\n\n\n<p class=\"has-text-align-right\"><strong>Continguts multim\u00e8dia<\/strong>  Borja Pons<\/p>\n\n\n\n<p><\/p>\n\n\n\n<div class=\"wp-block-image\"><figure class=\"aligncenter size-full\"><img loading=\"lazy\" decoding=\"async\" width=\"1001\" height=\"179\" src=\"https:\/\/lescincllunes.apuntmedia.es\/wp-content\/uploads\/2021\/03\/LOGOS_Mesa-de-trabajo-1-3.png\" alt=\"\" class=\"wp-image-643\" srcset=\"https:\/\/lescincllunes.apuntmedia.es\/wp-content\/uploads\/2021\/03\/LOGOS_Mesa-de-trabajo-1-3.png 1001w, https:\/\/lescincllunes.apuntmedia.es\/wp-content\/uploads\/2021\/03\/LOGOS_Mesa-de-trabajo-1-3-300x54.png 300w, https:\/\/lescincllunes.apuntmedia.es\/wp-content\/uploads\/2021\/03\/LOGOS_Mesa-de-trabajo-1-3-768x137.png 768w\" sizes=\"(max-width: 1001px) 100vw, 1001px\" \/><\/figure><\/div>\n","protected":false},"excerpt":{"rendered":"<div style=\"max-width: 960px;\"><video-js data-account=\"6057955885001\" data-player=\"kxOJQ6zBrc\" data-embed=\"default\" controls=\"\" data-video-id=\"1693297697826429137\" data-playlist-id=\"\" data-application-id=\"\" class=\"vjs-fluid\"><\/video-js><\/div>\n<p><script src=\"https:\/\/players.brightcove.net\/6057955885001\/kxOJQ6zBrc_default\/index.min.js\"><\/script><\/p>\n","protected":false},"author":1,"featured_media":0,"comment_status":"closed","ping_status":"closed","sticky":false,"template":"","format":"standard","meta":{"footnotes":""},"categories":[4],"tags":[],"class_list":["post-219","post","type-post","status-publish","format-standard","hentry","category-programes-complets"],"yoast_head":"<!-- This site is optimized with the Yoast SEO plugin v15.9 - https:\/\/yoast.com\/wordpress\/plugins\/seo\/ -->\n<title>Cap\u00edtol 9 - Cirqueres i afinaci\u00f3 - Les cinc llunes<\/title>\n<meta name=\"robots\" content=\"index, follow, max-snippet:-1, max-image-preview:large, max-video-preview:-1\" \/>\n<link rel=\"canonical\" href=\"https:\/\/lescincllunes.apuntmedia.es\/index.php\/2021\/08\/17\/capitol-9-cirqueres-afinacio\/\" \/>\n<meta property=\"og:locale\" content=\"ca_ES\" \/>\n<meta property=\"og:type\" content=\"article\" \/>\n<meta property=\"og:title\" content=\"Cap\u00edtol 9 - Cirqueres i afinaci\u00f3 - Les cinc llunes\" \/>\n<meta property=\"og:url\" content=\"https:\/\/lescincllunes.apuntmedia.es\/index.php\/2021\/08\/17\/capitol-9-cirqueres-afinacio\/\" \/>\n<meta property=\"og:site_name\" content=\"Les cinc llunes\" \/>\n<meta property=\"article:publisher\" content=\"https:\/\/www.facebook.com\/lescincllunes\" \/>\n<meta property=\"article:published_time\" content=\"2021-08-17T19:00:00+00:00\" \/>\n<meta property=\"article:modified_time\" content=\"2021-08-18T08:11:20+00:00\" \/>\n<meta property=\"og:image\" content=\"https:\/\/lescincllunes.apuntmedia.es\/wp-content\/uploads\/2021\/03\/BannerMUSICA.jpg\" \/>\n<meta name=\"twitter:card\" content=\"summary_large_image\" \/>\n<meta name=\"twitter:creator\" content=\"@lescincllunes\" \/>\n<meta name=\"twitter:site\" content=\"@lescincllunes\" \/>\n<meta name=\"twitter:label1\" content=\"Temps estimat de lectura\">\n\t<meta name=\"twitter:data1\" content=\"4 minuts\">\n<script type=\"application\/ld+json\" class=\"yoast-schema-graph\">{\"@context\":\"https:\/\/schema.org\",\"@graph\":[{\"@type\":\"WebSite\",\"@id\":\"https:\/\/lescincllunes.apuntmedia.es\/#website\",\"url\":\"https:\/\/lescincllunes.apuntmedia.es\/\",\"name\":\"Les cinc llunes\",\"description\":\"Un podcast de cultura radial\",\"potentialAction\":[{\"@type\":\"SearchAction\",\"target\":\"https:\/\/lescincllunes.apuntmedia.es\/?s={search_term_string}\",\"query-input\":\"required name=search_term_string\"}],\"inLanguage\":\"ca\"},{\"@type\":\"ImageObject\",\"@id\":\"https:\/\/lescincllunes.apuntmedia.es\/index.php\/2021\/08\/17\/capitol-9-cirqueres-afinacio\/#primaryimage\",\"inLanguage\":\"ca\",\"url\":\"https:\/\/lescincllunes.apuntmedia.es\/wp-content\/uploads\/2021\/03\/BannerMUSICA.jpg\",\"width\":1000,\"height\":151},{\"@type\":\"WebPage\",\"@id\":\"https:\/\/lescincllunes.apuntmedia.es\/index.php\/2021\/08\/17\/capitol-9-cirqueres-afinacio\/#webpage\",\"url\":\"https:\/\/lescincllunes.apuntmedia.es\/index.php\/2021\/08\/17\/capitol-9-cirqueres-afinacio\/\",\"name\":\"Cap\\u00edtol 9 - Cirqueres i afinaci\\u00f3 - Les cinc llunes\",\"isPartOf\":{\"@id\":\"https:\/\/lescincllunes.apuntmedia.es\/#website\"},\"primaryImageOfPage\":{\"@id\":\"https:\/\/lescincllunes.apuntmedia.es\/index.php\/2021\/08\/17\/capitol-9-cirqueres-afinacio\/#primaryimage\"},\"datePublished\":\"2021-08-17T19:00:00+00:00\",\"dateModified\":\"2021-08-18T08:11:20+00:00\",\"author\":{\"@id\":\"https:\/\/lescincllunes.apuntmedia.es\/#\/schema\/person\/f8e959baa4607fac92352114336d23bd\"},\"breadcrumb\":{\"@id\":\"https:\/\/lescincllunes.apuntmedia.es\/index.php\/2021\/08\/17\/capitol-9-cirqueres-afinacio\/#breadcrumb\"},\"inLanguage\":\"ca\",\"potentialAction\":[{\"@type\":\"ReadAction\",\"target\":[\"https:\/\/lescincllunes.apuntmedia.es\/index.php\/2021\/08\/17\/capitol-9-cirqueres-afinacio\/\"]}]},{\"@type\":\"BreadcrumbList\",\"@id\":\"https:\/\/lescincllunes.apuntmedia.es\/index.php\/2021\/08\/17\/capitol-9-cirqueres-afinacio\/#breadcrumb\",\"itemListElement\":[{\"@type\":\"ListItem\",\"position\":1,\"item\":{\"@type\":\"WebPage\",\"@id\":\"https:\/\/lescincllunes.apuntmedia.es\/\",\"url\":\"https:\/\/lescincllunes.apuntmedia.es\/\",\"name\":\"Inici\"}},{\"@type\":\"ListItem\",\"position\":2,\"item\":{\"@type\":\"WebPage\",\"@id\":\"https:\/\/lescincllunes.apuntmedia.es\/index.php\/2021\/08\/17\/capitol-9-cirqueres-afinacio\/\",\"url\":\"https:\/\/lescincllunes.apuntmedia.es\/index.php\/2021\/08\/17\/capitol-9-cirqueres-afinacio\/\",\"name\":\"Cap\\u00edtol 9 &#8211; Cirqueres i afinaci\\u00f3\"}}]},{\"@type\":\"Person\",\"@id\":\"https:\/\/lescincllunes.apuntmedia.es\/#\/schema\/person\/f8e959baa4607fac92352114336d23bd\",\"name\":\"admin\",\"image\":{\"@type\":\"ImageObject\",\"@id\":\"https:\/\/lescincllunes.apuntmedia.es\/#personlogo\",\"inLanguage\":\"ca\",\"url\":\"https:\/\/secure.gravatar.com\/avatar\/dcd85d3d685af586f211eb122e24b51bd5be615b2e57181f1910a74104899533?s=96&d=mm&r=g\",\"caption\":\"admin\"},\"sameAs\":[\"https:\/\/lescincllunes.apuntmedia.es\"]}]}<\/script>\n<!-- \/ Yoast SEO plugin. -->","_links":{"self":[{"href":"https:\/\/lescincllunes.apuntmedia.es\/index.php\/wp-json\/wp\/v2\/posts\/219","targetHints":{"allow":["GET"]}}],"collection":[{"href":"https:\/\/lescincllunes.apuntmedia.es\/index.php\/wp-json\/wp\/v2\/posts"}],"about":[{"href":"https:\/\/lescincllunes.apuntmedia.es\/index.php\/wp-json\/wp\/v2\/types\/post"}],"author":[{"embeddable":true,"href":"https:\/\/lescincllunes.apuntmedia.es\/index.php\/wp-json\/wp\/v2\/users\/1"}],"replies":[{"embeddable":true,"href":"https:\/\/lescincllunes.apuntmedia.es\/index.php\/wp-json\/wp\/v2\/comments?post=219"}],"version-history":[{"count":29,"href":"https:\/\/lescincllunes.apuntmedia.es\/index.php\/wp-json\/wp\/v2\/posts\/219\/revisions"}],"predecessor-version":[{"id":2745,"href":"https:\/\/lescincllunes.apuntmedia.es\/index.php\/wp-json\/wp\/v2\/posts\/219\/revisions\/2745"}],"wp:attachment":[{"href":"https:\/\/lescincllunes.apuntmedia.es\/index.php\/wp-json\/wp\/v2\/media?parent=219"}],"wp:term":[{"taxonomy":"category","embeddable":true,"href":"https:\/\/lescincllunes.apuntmedia.es\/index.php\/wp-json\/wp\/v2\/categories?post=219"},{"taxonomy":"post_tag","embeddable":true,"href":"https:\/\/lescincllunes.apuntmedia.es\/index.php\/wp-json\/wp\/v2\/tags?post=219"}],"curies":[{"name":"wp","href":"https:\/\/api.w.org\/{rel}","templated":true}]}}