{"id":222,"date":"2021-08-20T21:00:00","date_gmt":"2021-08-20T19:00:00","guid":{"rendered":"https:\/\/lescincllunes.apuntmedia.es\/?p=222"},"modified":"2021-08-13T21:11:35","modified_gmt":"2021-08-13T19:11:35","slug":"capitol-12-oficis","status":"publish","type":"post","link":"https:\/\/lescincllunes.apuntmedia.es\/index.php\/2021\/08\/20\/capitol-12-oficis\/","title":{"rendered":"Cap\u00edtol 12 &#8211; Oficis"},"content":{"rendered":"\n<div style=\"max-width: 960px;\"><video-js data-account=\"6057955885001\" data-player=\"kxOJQ6zBrc\" data-embed=\"default\" controls=\"\" data-video-id=\"1693297824102220527\" data-playlist-id=\"\" data-application-id=\"\" class=\"vjs-fluid\"><\/video-js><\/div>\n\n\n\n<p><\/p>\n\n\n\n<div class=\"wp-block-image\"><figure class=\"aligncenter size-full\"><img fetchpriority=\"high\" decoding=\"async\" width=\"1000\" height=\"151\" src=\"https:\/\/lescincllunes.apuntmedia.es\/wp-content\/uploads\/2021\/03\/BannerCINEMA.jpg\" alt=\"\" class=\"wp-image-42\" srcset=\"https:\/\/lescincllunes.apuntmedia.es\/wp-content\/uploads\/2021\/03\/BannerCINEMA.jpg 1000w, https:\/\/lescincllunes.apuntmedia.es\/wp-content\/uploads\/2021\/03\/BannerCINEMA-300x45.jpg 300w, https:\/\/lescincllunes.apuntmedia.es\/wp-content\/uploads\/2021\/03\/BannerCINEMA-768x116.jpg 768w\" sizes=\"(max-width: 1000px) 100vw, 1000px\" \/><\/figure><\/div>\n\n\n\n<div class=\"wp-block-image\"><figure class=\"aligncenter size-full\"><img decoding=\"async\" width=\"1001\" height=\"101\" src=\"https:\/\/lescincllunes.apuntmedia.es\/wp-content\/uploads\/2021\/03\/SonaLaFilmo-03.jpg\" alt=\"\" class=\"wp-image-148\" srcset=\"https:\/\/lescincllunes.apuntmedia.es\/wp-content\/uploads\/2021\/03\/SonaLaFilmo-03.jpg 1001w, https:\/\/lescincllunes.apuntmedia.es\/wp-content\/uploads\/2021\/03\/SonaLaFilmo-03-300x30.jpg 300w, https:\/\/lescincllunes.apuntmedia.es\/wp-content\/uploads\/2021\/03\/SonaLaFilmo-03-768x77.jpg 768w\" sizes=\"(max-width: 1001px) 100vw, 1001px\" \/><\/figure><\/div>\n\n\n\n<p>La programaci\u00f3 de la Filmoteca difereix molt de la de qualsevol sala de cinema comercial. Com s\u2019estableix aquest programa? Amb quins criteris es realitza la selecci\u00f3 dels films, cicles i altres propostes de la seua agenda? <strong>Jos\u00e9<\/strong> <strong>Antonio Hurtado<\/strong>, cap de Programaci\u00f3 de la Filmoteca, respon a aquestes q\u00fcestions.<\/p>\n\n\n\n<div style=\"max-width: 960px;\"><video-js data-account=\"6057955885001\" data-player=\"kxOJQ6zBrc\" data-embed=\"default\" controls=\"\" data-video-id=\"1697824160886922543\" data-playlist-id=\"\" data-application-id=\"\" class=\"vjs-fluid\"><\/video-js><\/div><script src=\"https:\/\/players.brightcove.net\/6057955885001\/kxOJQ6zBrc_default\/index.min.js\"><\/script>\n\n\n\n<hr class=\"wp-block-separator\"\/>\n\n\n\n<p><\/p>\n\n\n\n<div class=\"wp-block-image\"><figure class=\"aligncenter size-full\"><img decoding=\"async\" width=\"1000\" height=\"151\" src=\"https:\/\/lescincllunes.apuntmedia.es\/wp-content\/uploads\/2021\/03\/BannerTEATRE.jpg\" alt=\"\" class=\"wp-image-46\" srcset=\"https:\/\/lescincllunes.apuntmedia.es\/wp-content\/uploads\/2021\/03\/BannerTEATRE.jpg 1000w, https:\/\/lescincllunes.apuntmedia.es\/wp-content\/uploads\/2021\/03\/BannerTEATRE-300x45.jpg 300w, https:\/\/lescincllunes.apuntmedia.es\/wp-content\/uploads\/2021\/03\/BannerTEATRE-768x116.jpg 768w\" sizes=\"(max-width: 1000px) 100vw, 1000px\" \/><\/figure><\/div>\n\n\n\n<p>Qualsevol obra de teatre suposa un exercici col\u00b7lectiu \u00fanic i irrepetible. Un moment m\u00e0gic en qu\u00e8 actors, p\u00fablic i treballadors participen tots junts en un proc\u00e9s de comunicaci\u00f3 que mai m\u00e9s tornar\u00e0 a succeir. Per aix\u00f2 cada funci\u00f3 \u00e9s tan important, perqu\u00e8 cada detall compta a l\u2019hora de convertir cada escena en un record inesborrable.&nbsp;<\/p>\n\n\n\n<p>Per\u00f2 la de seduir el p\u00fablic no \u00e9s una tasca senzilla. Perqu\u00e8 tinga \u00e8xit cal el treball de moltes persones que, entre bambolines, s\u2019ocupen de fer que cada funci\u00f3 siga \u00fanica i inigualable. Els de la t\u00e8cnica, la regidoria, la venda d\u2019entrades, o l\u2019atenci\u00f3 en la sala, s\u00f3n nom\u00e9s alguns dels oficis del teatre que moltes vegades passen desapercebuts, per\u00f2 que resulten imprescindibles perqu\u00e8 la funci\u00f3 puga tindre lloc. Cal parar l\u2019atenci\u00f3 necess\u00e0ria a tots aquests professionals del teatre, ja que, al cap i a la fi, el seu treball condiciona l\u2019experi\u00e8ncia de l\u2019espectador des de l\u2019instant mateix en qu\u00e8 posa un peu en el teatre\u2026<\/p>\n\n\n\n<div class=\"wp-block-image\"><figure class=\"aligncenter size-full\"><img loading=\"lazy\" decoding=\"async\" width=\"1000\" height=\"665\" src=\"https:\/\/lescincllunes.apuntmedia.es\/wp-content\/uploads\/2021\/03\/90624477_205230190915871_6187289264816914432_o.jpg\" alt=\"\" class=\"wp-image-1764\" srcset=\"https:\/\/lescincllunes.apuntmedia.es\/wp-content\/uploads\/2021\/03\/90624477_205230190915871_6187289264816914432_o.jpg 1000w, https:\/\/lescincllunes.apuntmedia.es\/wp-content\/uploads\/2021\/03\/90624477_205230190915871_6187289264816914432_o-300x200.jpg 300w, https:\/\/lescincllunes.apuntmedia.es\/wp-content\/uploads\/2021\/03\/90624477_205230190915871_6187289264816914432_o-768x511.jpg 768w\" sizes=\"(max-width: 1000px) 100vw, 1000px\" \/><\/figure><\/div>\n\n\n\n<p>Cada visita a un teatre comen\u00e7a pel mateix lloc, per la taquilla. <strong>Carmen Garcia<\/strong> fa d\u00e8cades que at\u00e9n els espectadors del <strong>Teatre Talia<\/strong> de Val\u00e8ncia, un tracte que de vegades ha acabat donant lloc a una bonica amistat.<\/p>\n\n\n\n<div class=\"wp-block-image\"><figure class=\"aligncenter size-full\"><img loading=\"lazy\" decoding=\"async\" width=\"1000\" height=\"796\" src=\"https:\/\/lescincllunes.apuntmedia.es\/wp-content\/uploads\/2021\/03\/IMG-20210224-WA0006.jpg\" alt=\"\" class=\"wp-image-1774\" srcset=\"https:\/\/lescincllunes.apuntmedia.es\/wp-content\/uploads\/2021\/03\/IMG-20210224-WA0006.jpg 1000w, https:\/\/lescincllunes.apuntmedia.es\/wp-content\/uploads\/2021\/03\/IMG-20210224-WA0006-300x239.jpg 300w, https:\/\/lescincllunes.apuntmedia.es\/wp-content\/uploads\/2021\/03\/IMG-20210224-WA0006-768x611.jpg 768w\" sizes=\"(max-width: 1000px) 100vw, 1000px\" \/><\/figure><\/div>\n\n\n\n<p>Hui la feina de les taquilleres abra\u00e7a tamb\u00e9 la venda en l\u00ednia i l\u2019atenci\u00f3 telef\u00f2nica, un fet que demostra la seua implicaci\u00f3 en tot el que afecta la relaci\u00f3 amb el p\u00fablic. I clar, despr\u00e9s de tants anys, <strong>Carmen<\/strong> n\u2019ha viscut de tots els colors, per\u00f2 la seua an\u00e8cdota preferida est\u00e0 relacionada amb un actor de la talla de <strong>Josep Maria Pou<\/strong>.<\/p>\n\n\n\n<figure class=\"wp-block-audio\"><audio controls src=\"https:\/\/lescincllunes.apuntmedia.es\/wp-content\/uploads\/2021\/03\/TALL-Taquillera-Pou.mp3\"><\/audio><\/figure>\n\n\n\n<p>L\u2019entrada al teatre \u00e9s un fet carregat de simbolisme. Un cam\u00ed que et transporta a un m\u00f3n ple d\u2019imaginaci\u00f3, on cada detall compta a l\u2019hora de portar-te a dins mateix de la dramat\u00fargia que proposa l\u2019obra. En aquest laberint, les persones que treballen a la sala s\u00f3n capaces de guiar-te quasi a cegues entre les fileres i fileres de butaques fins a trobar la finestra corresponent des d\u2019on contemplar tot el m\u00f3n que creix a l\u2019escenari. Al Talia, <strong>Mart\u00edn<\/strong> i <strong>Mar\u00eda \u00c1ngeles<\/strong> s\u00f3n els qui s\u2019encarreguen d\u2019atendre totes les necessitats que s\u2019hi puguen presentar.<\/p>\n\n\n\n<div class=\"wp-block-image\"><figure class=\"aligncenter size-full\"><img loading=\"lazy\" decoding=\"async\" width=\"1536\" height=\"2048\" src=\"https:\/\/lescincllunes.apuntmedia.es\/wp-content\/uploads\/2021\/03\/IMG-20210224-WA0009.jpg\" alt=\"\" class=\"wp-image-1781\" srcset=\"https:\/\/lescincllunes.apuntmedia.es\/wp-content\/uploads\/2021\/03\/IMG-20210224-WA0009.jpg 1536w, https:\/\/lescincllunes.apuntmedia.es\/wp-content\/uploads\/2021\/03\/IMG-20210224-WA0009-225x300.jpg 225w, https:\/\/lescincllunes.apuntmedia.es\/wp-content\/uploads\/2021\/03\/IMG-20210224-WA0009-768x1024.jpg 768w, https:\/\/lescincllunes.apuntmedia.es\/wp-content\/uploads\/2021\/03\/IMG-20210224-WA0009-1152x1536.jpg 1152w\" sizes=\"(max-width: 1536px) 100vw, 1536px\" \/><\/figure><\/div>\n\n\n\n<p>La taquillera i el personal de sala s\u00f3n els encarregats d\u2019atendre totes les q\u00fcestions pr\u00e8vies a l\u2019inici de l\u2019obra. Un pre\u00e0mbul que acaba en el moment mateix en qu\u00e8 s\u2019al\u00e7a el tel\u00f3. \u00c9s en eixe moment quan els t\u00e8cnics prenen les rendes de la funci\u00f3. El maquinista, el t\u00e8cnic de llums i el t\u00e8cnic de so s\u2019encarreguen, walkie-talkie en m\u00e0, que tot a l\u2019escenari passe segons estava previst. En aquest viatge a les interioritats del Talia, Iv\u00e1n \u00e9s qui est\u00e0 als comandaments.<\/p>\n\n\n\n<div class=\"wp-block-image\"><figure class=\"aligncenter size-full\"><img loading=\"lazy\" decoding=\"async\" width=\"2048\" height=\"1536\" src=\"https:\/\/lescincllunes.apuntmedia.es\/wp-content\/uploads\/2021\/03\/IMG-20210224-WA0012.jpg\" alt=\"\" class=\"wp-image-1777\" srcset=\"https:\/\/lescincllunes.apuntmedia.es\/wp-content\/uploads\/2021\/03\/IMG-20210224-WA0012.jpg 2048w, https:\/\/lescincllunes.apuntmedia.es\/wp-content\/uploads\/2021\/03\/IMG-20210224-WA0012-300x225.jpg 300w, https:\/\/lescincllunes.apuntmedia.es\/wp-content\/uploads\/2021\/03\/IMG-20210224-WA0012-1024x768.jpg 1024w, https:\/\/lescincllunes.apuntmedia.es\/wp-content\/uploads\/2021\/03\/IMG-20210224-WA0012-768x576.jpg 768w, https:\/\/lescincllunes.apuntmedia.es\/wp-content\/uploads\/2021\/03\/IMG-20210224-WA0012-1536x1152.jpg 1536w\" sizes=\"(max-width: 2048px) 100vw, 2048px\" \/><\/figure><\/div>\n\n\n\n<p>Si els t\u00e8cnics s\u00f3n els qui s\u2019encarreguen que tot passe com marca el gui\u00f3, i els actors s\u00f3n els encarregats d&#8217;interpretar l\u2019acci\u00f3, un regidor o regidora \u00e9s la persona encarregada de garantir la comunicaci\u00f3 entre aquestes dues potes fonamentals per a qualsevol obra de teatre. Entrades, eixides, marques, instruccions, un bon regidor sempre est\u00e0 a l\u2019aguait per a donar soluci\u00f3 a qualsevol imprevist que puga sorgir. Una feina invisible per\u00f2 que tant actors com t\u00e8cnics agraeixen molt. Yolanda Garcia \u00e9s una de les qui sap de qu\u00e8 va aquest ofici.<\/p>\n\n\n\n<div class=\"wp-block-image\"><figure class=\"aligncenter size-full\"><img loading=\"lazy\" decoding=\"async\" width=\"1000\" height=\"750\" src=\"https:\/\/lescincllunes.apuntmedia.es\/wp-content\/uploads\/2021\/03\/backstageTheatre.jpeg\" alt=\"\" class=\"wp-image-1796\" srcset=\"https:\/\/lescincllunes.apuntmedia.es\/wp-content\/uploads\/2021\/03\/backstageTheatre.jpeg 1000w, https:\/\/lescincllunes.apuntmedia.es\/wp-content\/uploads\/2021\/03\/backstageTheatre-300x225.jpeg 300w, https:\/\/lescincllunes.apuntmedia.es\/wp-content\/uploads\/2021\/03\/backstageTheatre-768x576.jpeg 768w\" sizes=\"(max-width: 1000px) 100vw, 1000px\" \/><\/figure><\/div>\n\n\n\n<p>En una obra teatral es necessiten artilugis i maquin\u00e0ries de tota classe. Alguns es poden trobar al carrer, altres es compren a una tenda qualsevol, i alguns cal buscar-los en llocs m\u00e9s especialitzats. Per\u00f2 n\u2019hi ha de molt especials que cal construir-los, fer-los a m\u00e0, de forma que s\u2019adapten a la perfecci\u00f3 a la utilitat que el director haja dissenyat per a ells. En aquests casos cal fer els productes a m\u00e0, modelar-los perqu\u00e8 s\u2019ajusten a la realitat de cada escena. I \u00e9s l\u2019attrezzista qui s\u2019ocupa de donar-los, de construir el que fins al moment nom\u00e9s existia en la ment de l\u2019autor. Per aix\u00f2 la seua tasca \u00e9s tan important, perqu\u00e8 nom\u00e9s l\u2019experi\u00e8ncia ens ensenya qu\u00e8 ens cal per a cada situaci\u00f3 particular i on trobar el que ens fa falta. <strong>Toni Carpi<\/strong> \u00e9s una de les persones que li ha dedicat bona part de la seua vida a aquesta disciplina.<\/p>\n\n\n\n<div class=\"wp-block-image\"><figure class=\"aligncenter size-full\"><img loading=\"lazy\" decoding=\"async\" width=\"1000\" height=\"638\" src=\"https:\/\/lescincllunes.apuntmedia.es\/wp-content\/uploads\/2021\/03\/TeatreProps.jpeg\" alt=\"\" class=\"wp-image-1797\" srcset=\"https:\/\/lescincllunes.apuntmedia.es\/wp-content\/uploads\/2021\/03\/TeatreProps.jpeg 1000w, https:\/\/lescincllunes.apuntmedia.es\/wp-content\/uploads\/2021\/03\/TeatreProps-300x191.jpeg 300w, https:\/\/lescincllunes.apuntmedia.es\/wp-content\/uploads\/2021\/03\/TeatreProps-768x490.jpeg 768w\" sizes=\"(max-width: 1000px) 100vw, 1000px\" \/><\/figure><\/div>\n\n\n\n<p>Si l\u2019attrezzo \u00e9s una part fonamental en algunes produccions de teatre, la dels encarregats del vestuari no ho \u00e9s menys. El seu treball \u00e9s fonamental perqu\u00e8 cada actor vista d\u2019acord amb els gustos del personatge a qui interpreta. Lluny de ser una feina f\u00e0cil, en cada producci\u00f3 hi ha moltes peces de roba i elements dels quals cal tindre cura. Una dedicaci\u00f3 cont\u00ednua que requereix una vertadera passi\u00f3 pel que fas. <strong>Ana G\u00f3mez<\/strong>, m\u00e9s coneguda com <em>Anita<\/em>, \u00e9s una de les persones que m\u00e9s ha treballat en aquest m\u00f3n i despr\u00e9s de tants anys de dedicaci\u00f3, t\u00e9 un fum d\u2019an\u00e8cdotes per contar.<\/p>\n\n\n\n<figure class=\"wp-block-audio\"><audio controls src=\"https:\/\/lescincllunes.apuntmedia.es\/wp-content\/uploads\/2021\/03\/TALL-Anita-Web-1.mp3\"><\/audio><\/figure>\n\n\n\n<div class=\"wp-block-image\"><figure class=\"aligncenter size-full\"><img loading=\"lazy\" decoding=\"async\" width=\"1000\" height=\"667\" src=\"https:\/\/lescincllunes.apuntmedia.es\/wp-content\/uploads\/2021\/03\/138801443_446359483469606_3473063850116795766_o.jpg\" alt=\"\" class=\"wp-image-1790\" srcset=\"https:\/\/lescincllunes.apuntmedia.es\/wp-content\/uploads\/2021\/03\/138801443_446359483469606_3473063850116795766_o.jpg 1000w, https:\/\/lescincllunes.apuntmedia.es\/wp-content\/uploads\/2021\/03\/138801443_446359483469606_3473063850116795766_o-300x200.jpg 300w, https:\/\/lescincllunes.apuntmedia.es\/wp-content\/uploads\/2021\/03\/138801443_446359483469606_3473063850116795766_o-768x512.jpg 768w\" sizes=\"(max-width: 1000px) 100vw, 1000px\" \/><\/figure><\/div>\n\n\n\n<p>Els encarregats de sala, els de la taquilla, t\u00e8cnics, attrezzo, regidoria, sastreria\u2026 tots ells s\u00f3n imprescindibles per tal que els actors puguen fer la seua feina; aix\u00f2 \u00e9s donar vida a personatges de tota mena que quan baixa el tel\u00f3, comencen una segona vida en la ment dels espectadors.<\/p>\n\n\n\n<p>Per a con\u00e8ixer en profunditat el Talia podeu fer una visita virtual al Teatre i rec\u00f3rrer el pati de butaques en la imatge tridimensional seg\u00fcent. O millor encara, podeu anar al teatre i veure en directe alguna de les obres que hi programen.<\/p>\n\n\n\n<iframe src=\"https:\/\/www.google.com\/maps\/embed?pb=!1m0!3m2!1ses!2sus!4v1420219585385!6m8!1m7!1sh4uSz98pl82Li3osahuZ3g!2m2!1d39.47645335498561!2d-0.3780805714130793!3f321.5445116854467!4f-1.5773100201920016!5f0.7820865974627469\" width=\"100%\" height=\"600\" frameborder=\"0\" style=\"border:0\" allowfullscreen=\"\"><\/iframe>\n\n\n\n<p><\/p>\n\n\n\n<div id=\"block-b383a079-45f4-4e47-b584-ec82aefd7efe\" class=\"wp-block-image\"><figure class=\"aligncenter size-full\"><img loading=\"lazy\" decoding=\"async\" width=\"1000\" height=\"151\" src=\"https:\/\/lescincllunes.apuntmedia.es\/wp-content\/uploads\/2021\/03\/BannerMUSICA.jpg\" alt=\"\" class=\"wp-image-45\" srcset=\"https:\/\/lescincllunes.apuntmedia.es\/wp-content\/uploads\/2021\/03\/BannerMUSICA.jpg 1000w, https:\/\/lescincllunes.apuntmedia.es\/wp-content\/uploads\/2021\/03\/BannerMUSICA-300x45.jpg 300w, https:\/\/lescincllunes.apuntmedia.es\/wp-content\/uploads\/2021\/03\/BannerMUSICA-768x116.jpg 768w\" sizes=\"(max-width: 1000px) 100vw, 1000px\" \/><\/figure><\/div>\n\n\n\n<div class=\"wp-block-image\"><figure class=\"aligncenter size-full\"><img loading=\"lazy\" decoding=\"async\" width=\"1001\" height=\"101\" src=\"https:\/\/lescincllunes.apuntmedia.es\/wp-content\/uploads\/2021\/03\/jazz-02.jpg\" alt=\"\" class=\"wp-image-98\" srcset=\"https:\/\/lescincllunes.apuntmedia.es\/wp-content\/uploads\/2021\/03\/jazz-02.jpg 1001w, https:\/\/lescincllunes.apuntmedia.es\/wp-content\/uploads\/2021\/03\/jazz-02-300x30.jpg 300w, https:\/\/lescincllunes.apuntmedia.es\/wp-content\/uploads\/2021\/03\/jazz-02-768x77.jpg 768w\" sizes=\"(max-width: 1001px) 100vw, 1001px\" \/><\/figure><\/div>\n\n\n\n<p>Parlem del present i el futur.<strong> <\/strong>Des de les noves promeses del jazz valenci\u00e0. Els protagonistes ens conten quins han sigut els seus mentors i recorden els seus inicis.<\/p>\n\n\n\n<p><strong>Chevi Mart\u00ednez<\/strong>, programador del prestigi\u00f3s club de jazz Jimmy Glass, destaca el gran paper que juga la formaci\u00f3 en el desenvolupament de l\u2019escena valenciana. Tant \u00e9s aix\u00ed que una de les escoles de m\u00fasica m\u00e9s prestigioses del m\u00f3n, la <strong>Berklee College of Music<\/strong>, va obrir una seu a Val\u00e8ncia, i va multiplicar aix\u00ed el creixement internacional de la nostra escena.<\/p>\n\n\n\n<figure class=\"wp-block-embed aligncenter is-type-video is-provider-youtube wp-block-embed-youtube wp-embed-aspect-16-9 wp-has-aspect-ratio\"><div class=\"wp-block-embed__wrapper\">\n<iframe title=\"BERKLEE, el sue\u00f1o de la m\u00fasica empieza en VALENCIA | Cultura\" width=\"750\" height=\"422\" src=\"https:\/\/www.youtube.com\/embed\/fFInSvluQUE?feature=oembed\" frameborder=\"0\" allow=\"accelerometer; autoplay; clipboard-write; encrypted-media; gyroscope; picture-in-picture\" allowfullscreen><\/iframe>\n<\/div><\/figure>\n\n\n\n<p><\/p>\n\n\n\n<p>Escoltem a la cantant d&#8217;origen litu\u00e0 <strong>Viktorija Pilatovic<\/strong>, professora de cant de Berklee Val\u00e8ncia.<\/p>\n\n\n\n<figure class=\"wp-block-embed aligncenter is-type-video is-provider-youtube wp-block-embed-youtube wp-embed-aspect-16-9 wp-has-aspect-ratio\"><div class=\"wp-block-embed__wrapper\">\n<iframe title=\"Viktorija Pilatovic - We Were Not Born Yesterday (Live)\" width=\"750\" height=\"422\" src=\"https:\/\/www.youtube.com\/embed\/PFSTt15vyXA?feature=oembed\" frameborder=\"0\" allow=\"accelerometer; autoplay; clipboard-write; encrypted-media; gyroscope; picture-in-picture\" allowfullscreen><\/iframe>\n<\/div><\/figure>\n\n\n\n<p><\/p>\n\n\n\n<p>Per\u00f2 el principal punt de trobada i formaci\u00f3 del jazz<em> <\/em>a Val\u00e8ncia es va crear molt abans que la Berklee Valencia. Des de fa ara trenta anys, el col\u00b7lectiu de m\u00fasics <strong>Sedajazz<\/strong> ha estat el gran impulsor de la formaci\u00f3 jazz\u00edstica no reglada a Val\u00e8ncia. Un dels seus projectes estrela \u00e9s la <strong>Sedajazz Big Band<\/strong>, que compta amb una sel\u00b7lecci\u00f3 de m\u00fasics de luxe, entre els quals destaquen noms com el de <strong>David Pastor<\/strong> a la trompeta, <strong>Jes\u00fas Santandreu<\/strong> i <strong>Perico Sambeat<\/strong> al saxo o <strong>Francisco Blanco<\/strong> <em><strong>Latino<\/strong><\/em> al saxo bar\u00edton i la flauta.<\/p>\n\n\n\n<figure class=\"wp-block-embed aligncenter is-type-video is-provider-youtube wp-block-embed-youtube wp-embed-aspect-16-9 wp-has-aspect-ratio\"><div class=\"wp-block-embed__wrapper\">\n<iframe title=\"Big Band Sedajazz - CUBAUZA - Festival M\u00fasica a la Mar\" width=\"750\" height=\"422\" src=\"https:\/\/www.youtube.com\/embed\/Yh-0uaW615I?feature=oembed\" frameborder=\"0\" allow=\"accelerometer; autoplay; clipboard-write; encrypted-media; gyroscope; picture-in-picture\" allowfullscreen><\/iframe>\n<\/div><\/figure>\n\n\n\n<p><\/p>\n\n\n\n<p>El col\u00b7lectiu Sedajazz s\u2019ha convertit en una empresa de gesti\u00f3 musical que compta amb una oferta de m\u00e9s d\u2019un centenar de m\u00fasics professionals. Una de les grans referents vocals del jazz d&#8217;esta fornada \u00e9s <strong>Eva Romero<\/strong>, a qui escoltem interpretant el bolero <em>Algo contigo<\/em> de <strong>Chico Novarro<\/strong>. La cantant est\u00e0 acompanyada de <strong>Mois\u00e9s Olcina<\/strong> al saxo, <strong>Lucas Ib\u00e1\u00f1ez<\/strong> a la guitarra, <strong>Ren\u00e9 Dossin<\/strong> al contrabaix i <strong>Miquel Lluch<\/strong> a la conga. Gravat en directe a casa de <strong>Ren\u00e9 Dossin<\/strong>, a Alcoi, el 19 de febrer de 2017, per al projecte <strong>Som Bolero<\/strong>.<\/p>\n\n\n\n<figure class=\"wp-block-embed aligncenter is-type-video is-provider-youtube wp-block-embed-youtube wp-embed-aspect-16-9 wp-has-aspect-ratio\"><div class=\"wp-block-embed__wrapper\">\n<iframe title=\"ALGO CONTIGO - Som Bolero\" width=\"750\" height=\"422\" src=\"https:\/\/www.youtube.com\/embed\/wB41SFS-KRs?feature=oembed\" frameborder=\"0\" allow=\"accelerometer; autoplay; clipboard-write; encrypted-media; gyroscope; picture-in-picture\" allowfullscreen><\/iframe>\n<\/div><\/figure>\n\n\n\n<p><\/p>\n\n\n\n<p><strong>V\u00edctor Jim\u00e9nez<\/strong> \u00e9s un altre dels talents valencians emergents com a saxofonista. Considerat per la cr\u00edtica especialitzada com la gran promesa del jazz espanyol podem veure un fragment del seu concert al <strong>Jimmy Glass Jazz Bar<\/strong>.<\/p>\n\n\n\n<iframe width=\"700\" height=\"400\" src=\"https:\/\/www.youtube.com\/embed\/t4JI0GbXKq8?start=335\" frameborder=\"0\" allow=\"accelerometer; autoplay; clipboard-write; encrypted-media; gyroscope; picture-in-picture\" allowfullscreen=\"\"><\/iframe>\n\n\n\n<p><\/p>\n\n\n\n<p class=\"has-text-align-right\"><strong>Redacci\u00f3<\/strong>  Cristina Qu\u00edlez, Saray Puchades i Guillem Nicol\u00e0s<br><strong>Producci\u00f3<\/strong>  Estela Mart\u00ednez<br><strong>Assessorament ling\u00fc\u00edstic<\/strong>  Gl\u00f2ria Banyuls<br><strong>Edici\u00f3<\/strong>  Francesc Bosch<br><strong>Realitzaci\u00f3<em>  <\/em><\/strong>Arnau M\u00faria<br><strong>Disseny sonor<\/strong>  Tere N\u00fa\u00f1ez<br><strong>Direcci\u00f3<\/strong>  Am\u00e0lia Garrig\u00f3s<\/p>\n\n\n\n<p class=\"has-text-align-right\"><strong>Continguts multim\u00e8dia<\/strong>  Borja Pons<\/p>\n\n\n\n<p><\/p>\n\n\n\n<div class=\"wp-block-image\"><figure class=\"aligncenter size-full\"><img loading=\"lazy\" decoding=\"async\" width=\"1001\" height=\"179\" src=\"https:\/\/lescincllunes.apuntmedia.es\/wp-content\/uploads\/2021\/03\/LOGOS_Mesa-de-trabajo-1-3.png\" alt=\"\" class=\"wp-image-643\" srcset=\"https:\/\/lescincllunes.apuntmedia.es\/wp-content\/uploads\/2021\/03\/LOGOS_Mesa-de-trabajo-1-3.png 1001w, https:\/\/lescincllunes.apuntmedia.es\/wp-content\/uploads\/2021\/03\/LOGOS_Mesa-de-trabajo-1-3-300x54.png 300w, https:\/\/lescincllunes.apuntmedia.es\/wp-content\/uploads\/2021\/03\/LOGOS_Mesa-de-trabajo-1-3-768x137.png 768w\" sizes=\"(max-width: 1001px) 100vw, 1001px\" \/><\/figure><\/div>\n","protected":false},"excerpt":{"rendered":"<div style=\"max-width: 960px;\"><video-js data-account=\"6057955885001\" data-player=\"kxOJQ6zBrc\" data-embed=\"default\" controls=\"\" data-video-id=\"1693297824102220527\" data-playlist-id=\"\" data-application-id=\"\" class=\"vjs-fluid\"><\/video-js><\/div>\n<p><script src=\"https:\/\/players.brightcove.net\/6057955885001\/kxOJQ6zBrc_default\/index.min.js\"><\/script><\/p>\n","protected":false},"author":1,"featured_media":0,"comment_status":"closed","ping_status":"closed","sticky":false,"template":"","format":"standard","meta":{"footnotes":""},"categories":[4],"tags":[],"class_list":["post-222","post","type-post","status-publish","format-standard","hentry","category-programes-complets"],"yoast_head":"<!-- This site is optimized with the Yoast SEO plugin v15.9 - https:\/\/yoast.com\/wordpress\/plugins\/seo\/ -->\n<title>Cap\u00edtol 12 - Oficis - Les cinc llunes<\/title>\n<meta name=\"robots\" content=\"index, follow, max-snippet:-1, max-image-preview:large, max-video-preview:-1\" \/>\n<link rel=\"canonical\" href=\"https:\/\/lescincllunes.apuntmedia.es\/index.php\/2021\/08\/20\/capitol-12-oficis\/\" \/>\n<meta property=\"og:locale\" content=\"ca_ES\" \/>\n<meta property=\"og:type\" content=\"article\" \/>\n<meta property=\"og:title\" content=\"Cap\u00edtol 12 - Oficis - Les cinc llunes\" \/>\n<meta property=\"og:url\" content=\"https:\/\/lescincllunes.apuntmedia.es\/index.php\/2021\/08\/20\/capitol-12-oficis\/\" \/>\n<meta property=\"og:site_name\" content=\"Les cinc llunes\" \/>\n<meta property=\"article:publisher\" content=\"https:\/\/www.facebook.com\/lescincllunes\" \/>\n<meta property=\"article:published_time\" content=\"2021-08-20T19:00:00+00:00\" \/>\n<meta property=\"article:modified_time\" content=\"2021-08-13T19:11:35+00:00\" \/>\n<meta property=\"og:image\" content=\"https:\/\/lescincllunes.apuntmedia.es\/wp-content\/uploads\/2021\/03\/BannerCINEMA.jpg\" \/>\n<meta name=\"twitter:card\" content=\"summary_large_image\" \/>\n<meta name=\"twitter:creator\" content=\"@lescincllunes\" \/>\n<meta name=\"twitter:site\" content=\"@lescincllunes\" \/>\n<meta name=\"twitter:label1\" content=\"Temps estimat de lectura\">\n\t<meta name=\"twitter:data1\" content=\"9 minuts\">\n<script type=\"application\/ld+json\" class=\"yoast-schema-graph\">{\"@context\":\"https:\/\/schema.org\",\"@graph\":[{\"@type\":\"WebSite\",\"@id\":\"https:\/\/lescincllunes.apuntmedia.es\/#website\",\"url\":\"https:\/\/lescincllunes.apuntmedia.es\/\",\"name\":\"Les cinc llunes\",\"description\":\"Un podcast de cultura radial\",\"potentialAction\":[{\"@type\":\"SearchAction\",\"target\":\"https:\/\/lescincllunes.apuntmedia.es\/?s={search_term_string}\",\"query-input\":\"required name=search_term_string\"}],\"inLanguage\":\"ca\"},{\"@type\":\"ImageObject\",\"@id\":\"https:\/\/lescincllunes.apuntmedia.es\/index.php\/2021\/08\/20\/capitol-12-oficis\/#primaryimage\",\"inLanguage\":\"ca\",\"url\":\"https:\/\/lescincllunes.apuntmedia.es\/wp-content\/uploads\/2021\/03\/BannerCINEMA.jpg\",\"width\":1000,\"height\":151},{\"@type\":\"WebPage\",\"@id\":\"https:\/\/lescincllunes.apuntmedia.es\/index.php\/2021\/08\/20\/capitol-12-oficis\/#webpage\",\"url\":\"https:\/\/lescincllunes.apuntmedia.es\/index.php\/2021\/08\/20\/capitol-12-oficis\/\",\"name\":\"Cap\\u00edtol 12 - Oficis - Les cinc llunes\",\"isPartOf\":{\"@id\":\"https:\/\/lescincllunes.apuntmedia.es\/#website\"},\"primaryImageOfPage\":{\"@id\":\"https:\/\/lescincllunes.apuntmedia.es\/index.php\/2021\/08\/20\/capitol-12-oficis\/#primaryimage\"},\"datePublished\":\"2021-08-20T19:00:00+00:00\",\"dateModified\":\"2021-08-13T19:11:35+00:00\",\"author\":{\"@id\":\"https:\/\/lescincllunes.apuntmedia.es\/#\/schema\/person\/f8e959baa4607fac92352114336d23bd\"},\"breadcrumb\":{\"@id\":\"https:\/\/lescincllunes.apuntmedia.es\/index.php\/2021\/08\/20\/capitol-12-oficis\/#breadcrumb\"},\"inLanguage\":\"ca\",\"potentialAction\":[{\"@type\":\"ReadAction\",\"target\":[\"https:\/\/lescincllunes.apuntmedia.es\/index.php\/2021\/08\/20\/capitol-12-oficis\/\"]}]},{\"@type\":\"BreadcrumbList\",\"@id\":\"https:\/\/lescincllunes.apuntmedia.es\/index.php\/2021\/08\/20\/capitol-12-oficis\/#breadcrumb\",\"itemListElement\":[{\"@type\":\"ListItem\",\"position\":1,\"item\":{\"@type\":\"WebPage\",\"@id\":\"https:\/\/lescincllunes.apuntmedia.es\/\",\"url\":\"https:\/\/lescincllunes.apuntmedia.es\/\",\"name\":\"Inici\"}},{\"@type\":\"ListItem\",\"position\":2,\"item\":{\"@type\":\"WebPage\",\"@id\":\"https:\/\/lescincllunes.apuntmedia.es\/index.php\/2021\/08\/20\/capitol-12-oficis\/\",\"url\":\"https:\/\/lescincllunes.apuntmedia.es\/index.php\/2021\/08\/20\/capitol-12-oficis\/\",\"name\":\"Cap\\u00edtol 12 &#8211; Oficis\"}}]},{\"@type\":\"Person\",\"@id\":\"https:\/\/lescincllunes.apuntmedia.es\/#\/schema\/person\/f8e959baa4607fac92352114336d23bd\",\"name\":\"admin\",\"image\":{\"@type\":\"ImageObject\",\"@id\":\"https:\/\/lescincllunes.apuntmedia.es\/#personlogo\",\"inLanguage\":\"ca\",\"url\":\"https:\/\/secure.gravatar.com\/avatar\/dcd85d3d685af586f211eb122e24b51bd5be615b2e57181f1910a74104899533?s=96&d=mm&r=g\",\"caption\":\"admin\"},\"sameAs\":[\"https:\/\/lescincllunes.apuntmedia.es\"]}]}<\/script>\n<!-- \/ Yoast SEO plugin. -->","_links":{"self":[{"href":"https:\/\/lescincllunes.apuntmedia.es\/index.php\/wp-json\/wp\/v2\/posts\/222","targetHints":{"allow":["GET"]}}],"collection":[{"href":"https:\/\/lescincllunes.apuntmedia.es\/index.php\/wp-json\/wp\/v2\/posts"}],"about":[{"href":"https:\/\/lescincllunes.apuntmedia.es\/index.php\/wp-json\/wp\/v2\/types\/post"}],"author":[{"embeddable":true,"href":"https:\/\/lescincllunes.apuntmedia.es\/index.php\/wp-json\/wp\/v2\/users\/1"}],"replies":[{"embeddable":true,"href":"https:\/\/lescincllunes.apuntmedia.es\/index.php\/wp-json\/wp\/v2\/comments?post=222"}],"version-history":[{"count":52,"href":"https:\/\/lescincllunes.apuntmedia.es\/index.php\/wp-json\/wp\/v2\/posts\/222\/revisions"}],"predecessor-version":[{"id":2767,"href":"https:\/\/lescincllunes.apuntmedia.es\/index.php\/wp-json\/wp\/v2\/posts\/222\/revisions\/2767"}],"wp:attachment":[{"href":"https:\/\/lescincllunes.apuntmedia.es\/index.php\/wp-json\/wp\/v2\/media?parent=222"}],"wp:term":[{"taxonomy":"category","embeddable":true,"href":"https:\/\/lescincllunes.apuntmedia.es\/index.php\/wp-json\/wp\/v2\/categories?post=222"},{"taxonomy":"post_tag","embeddable":true,"href":"https:\/\/lescincllunes.apuntmedia.es\/index.php\/wp-json\/wp\/v2\/tags?post=222"}],"curies":[{"name":"wp","href":"https:\/\/api.w.org\/{rel}","templated":true}]}}