{"id":223,"date":"2021-08-23T21:00:00","date_gmt":"2021-08-23T19:00:00","guid":{"rendered":"https:\/\/lescincllunes.apuntmedia.es\/?p=223"},"modified":"2021-08-23T18:47:10","modified_gmt":"2021-08-23T16:47:10","slug":"capitol-13-lluna-plena-de-musica","status":"publish","type":"post","link":"https:\/\/lescincllunes.apuntmedia.es\/index.php\/2021\/08\/23\/capitol-13-lluna-plena-de-musica\/","title":{"rendered":"Cap\u00edtol 13 &#8211; Lluna plena de m\u00fasica"},"content":{"rendered":"\n<div style=\"max-width: 960px;\"><video-js data-account=\"6057955885001\" data-player=\"kxOJQ6zBrc\" data-embed=\"default\" controls=\"\" data-video-id=\"1693297822876531601\" data-playlist-id=\"\" data-application-id=\"\" class=\"vjs-fluid\"><\/video-js><\/div>\n\n\n\n<p><\/p>\n\n\n\n<div class=\"wp-block-image\"><figure class=\"aligncenter size-full\"><img fetchpriority=\"high\" decoding=\"async\" width=\"1000\" height=\"151\" src=\"https:\/\/lescincllunes.apuntmedia.es\/wp-content\/uploads\/2021\/03\/BannerMUSICA.jpg\" alt=\"\" class=\"wp-image-45\" srcset=\"https:\/\/lescincllunes.apuntmedia.es\/wp-content\/uploads\/2021\/03\/BannerMUSICA.jpg 1000w, https:\/\/lescincllunes.apuntmedia.es\/wp-content\/uploads\/2021\/03\/BannerMUSICA-300x45.jpg 300w, https:\/\/lescincllunes.apuntmedia.es\/wp-content\/uploads\/2021\/03\/BannerMUSICA-768x116.jpg 768w\" sizes=\"(max-width: 1000px) 100vw, 1000px\" \/><\/figure><\/div>\n\n\n\n<div class=\"wp-block-image\"><figure class=\"aligncenter size-full\"><img decoding=\"async\" width=\"1001\" height=\"101\" src=\"https:\/\/lescincllunes.apuntmedia.es\/wp-content\/uploads\/2021\/03\/Pentagram.jpg\" alt=\"\" class=\"wp-image-127\" srcset=\"https:\/\/lescincllunes.apuntmedia.es\/wp-content\/uploads\/2021\/03\/Pentagram.jpg 1001w, https:\/\/lescincllunes.apuntmedia.es\/wp-content\/uploads\/2021\/03\/Pentagram-300x30.jpg 300w, https:\/\/lescincllunes.apuntmedia.es\/wp-content\/uploads\/2021\/03\/Pentagram-768x77.jpg 768w\" sizes=\"(max-width: 1001px) 100vw, 1001px\" \/><\/figure><\/div>\n\n\n\n<h2 class=\"wp-block-heading\">Cap\u00edtol 2: <em>Matilde Salvador<\/em><\/h2>\n\n\n\n<iframe width=\"1000\" height=\"400\" src=\"https:\/\/www.youtube.com\/embed\/J6WujVxuHBs?start=122&amp;end=196\" frameborder=\"0\" allow=\"accelerometer; autoplay; clipboard-write; encrypted-media; gyroscope; picture-in-picture\" allowfullscreen=\"\"><\/iframe>\n\n\n\n<p><\/p>\n\n\n\n<p><em><em>La filla del rei Barbut<\/em><\/em> \u00e9s el t\u00edtol de la primera \u00f2pera en valenci\u00e0. Estrenada al <strong>Teatre Principal de Castell\u00f3<\/strong> en 1943, l\u2019obra va ser escrita per <strong>Matilde Salvador<\/strong>, una de les dones compositores de major rellev\u00e0ncia en el panorama musical valenci\u00e0 del segle XX, a qui dediquem la nostra secci\u00f3 \u201cEl pentagrama\u201d.<\/p>\n\n\n\n<div class=\"wp-block-image\"><figure class=\"aligncenter size-full\"><img decoding=\"async\" width=\"1000\" height=\"647\" src=\"https:\/\/lescincllunes.apuntmedia.es\/wp-content\/uploads\/2021\/03\/Matilde-Salvador.jpg\" alt=\"\" class=\"wp-image-118\" srcset=\"https:\/\/lescincllunes.apuntmedia.es\/wp-content\/uploads\/2021\/03\/Matilde-Salvador.jpg 1000w, https:\/\/lescincllunes.apuntmedia.es\/wp-content\/uploads\/2021\/03\/Matilde-Salvador-300x194.jpg 300w, https:\/\/lescincllunes.apuntmedia.es\/wp-content\/uploads\/2021\/03\/Matilde-Salvador-768x497.jpg 768w\" sizes=\"(max-width: 1000px) 100vw, 1000px\" \/><\/figure><\/div>\n\n\n\n<p>Encara que la producci\u00f3 pian\u00edstica de <strong>Matilde Salvador<\/strong> va ser xicoteta en comparaci\u00f3 amb la dedicada a la m\u00fasica vocal, cal destacar la seua <em>Sonatina<\/em>. Una obra que va interpretar per primera vegada a <strong>Val\u00e8ncia <\/strong>una gran amiga de <strong>Matilde<\/strong>, la pianista <strong>Carmen Benimeli<\/strong>, tia del nostre pianista de cap\u00e7alera <strong>Antonio Galera<\/strong>. Seguidament podeu veure la c\u00f2pia manuscrita de la partitura pertanyent a l\u2019arxiu familiar.<\/p>\n\n\n\n<div class=\"wp-block-image\"><figure class=\"aligncenter size-full\"><img loading=\"lazy\" decoding=\"async\" width=\"771\" height=\"1024\" src=\"https:\/\/lescincllunes.apuntmedia.es\/wp-content\/uploads\/2021\/03\/Partitura-771x1024-1.jpg\" alt=\"\" class=\"wp-image-126\" srcset=\"https:\/\/lescincllunes.apuntmedia.es\/wp-content\/uploads\/2021\/03\/Partitura-771x1024-1.jpg 771w, https:\/\/lescincllunes.apuntmedia.es\/wp-content\/uploads\/2021\/03\/Partitura-771x1024-1-226x300.jpg 226w, https:\/\/lescincllunes.apuntmedia.es\/wp-content\/uploads\/2021\/03\/Partitura-771x1024-1-768x1020.jpg 768w\" sizes=\"(max-width: 771px) 100vw, 771px\" \/><\/figure><\/div>\n\n\n\n<p>I per descomptat, l\u2019escoltem en directe a l\u2019estudi de <em>Les cinc llunes<\/em>, interpretada per <strong>Antonio Galera<\/strong>.<\/p>\n\n\n\n<div style=\"max-width: 960px;\"><video-js data-account=\"6057955885001\" data-player=\"kxOJQ6zBrc\" data-embed=\"default\" controls=\"\" data-video-id=\"1693759238601383206\" data-playlist-id=\"\" data-application-id=\"\" class=\"vjs-fluid\"><\/video-js><\/div>\n\n\n\n<p><\/p>\n\n\n\n<div class=\"wp-block-image\"><figure class=\"aligncenter size-full\"><img loading=\"lazy\" decoding=\"async\" width=\"1001\" height=\"101\" src=\"https:\/\/lescincllunes.apuntmedia.es\/wp-content\/uploads\/2021\/03\/arrels-02.jpg\" alt=\"\" class=\"wp-image-39\" srcset=\"https:\/\/lescincllunes.apuntmedia.es\/wp-content\/uploads\/2021\/03\/arrels-02.jpg 1001w, https:\/\/lescincllunes.apuntmedia.es\/wp-content\/uploads\/2021\/03\/arrels-02-300x30.jpg 300w, https:\/\/lescincllunes.apuntmedia.es\/wp-content\/uploads\/2021\/03\/arrels-02-768x77.jpg 768w\" sizes=\"(max-width: 1001px) 100vw, 1001px\" \/><\/figure><\/div>\n\n\n\n<p>Ballar i cantar, riure, parlar, beure, jugar a les cartes\u2026 Els <em><strong>bureos<\/strong> <\/em>o <strong>saraus<\/strong> eren m\u00fasiques i balls tradicionals que els masovers de l\u2019interior de les comarques de Castell\u00f3<strong> <\/strong>interpretaven en les seues cuines amb la fam\u00edlia i els amics.<\/p>\n\n\n\n<div class=\"wp-block-image\"><figure class=\"aligncenter size-full\"><img loading=\"lazy\" decoding=\"async\" width=\"1000\" height=\"656\" src=\"https:\/\/lescincllunes.apuntmedia.es\/wp-content\/uploads\/2021\/03\/Masovers-de-pedra-seca-c.1958-Arxiu-de-Vistabella.-Fons-familiar-Eduarda-Traver-Moliner.jpg\" alt=\"\" class=\"wp-image-117\" srcset=\"https:\/\/lescincllunes.apuntmedia.es\/wp-content\/uploads\/2021\/03\/Masovers-de-pedra-seca-c.1958-Arxiu-de-Vistabella.-Fons-familiar-Eduarda-Traver-Moliner.jpg 1000w, https:\/\/lescincllunes.apuntmedia.es\/wp-content\/uploads\/2021\/03\/Masovers-de-pedra-seca-c.1958-Arxiu-de-Vistabella.-Fons-familiar-Eduarda-Traver-Moliner-300x197.jpg 300w, https:\/\/lescincllunes.apuntmedia.es\/wp-content\/uploads\/2021\/03\/Masovers-de-pedra-seca-c.1958-Arxiu-de-Vistabella.-Fons-familiar-Eduarda-Traver-Moliner-768x504.jpg 768w\" sizes=\"(max-width: 1000px) 100vw, 1000px\" \/><\/figure><\/div>\n\n\n\n<p>Unes tradicions que van tindre molt a veure amb la relaci\u00f3 que es va establir entre masovers i maquis, aquells guerrillers que, anys despr\u00e9s d\u2019acabada la Guerra, lluitaren contra la dictadura franquista.<\/p>\n\n\n\n<div class=\"wp-block-image\"><figure class=\"alignleft size-full\"><img loading=\"lazy\" decoding=\"async\" width=\"226\" height=\"223\" src=\"https:\/\/lescincllunes.apuntmedia.es\/wp-content\/uploads\/2021\/03\/AGLA-emblema.jpg\" alt=\"\" class=\"wp-image-1963\"\/><\/figure><\/div>\n\n\n\n<p>Els <em>bureos <\/em>constitueixen una manera de viure i de transmetre tot un saber popular en els quals la m\u00fasica ocupa un paper fonamental, especialment la seguidilla, la jota i el fandango, enlla\u00e7ats sense interrupci\u00f3<em>. <\/em>Una tradici\u00f3 que coneixem a trav\u00e9s de la fonoteca de materials de l\u2019<strong>Institut Valenci\u00e0 de la M\u00fasica<\/strong> de la m\u00e0 de l\u2019etnomusic\u00f2leg <strong>Jordi Reig<\/strong>.<\/p>\n\n\n\n<p>La recopilaci\u00f3 de materials de la fonoteca va comen\u00e7ar amb les campanyes escolars denominades \u201cTallers de m\u00fasica popular\u201d durant els cursos 84\/85 i 90\/91, on 14.000 xiquets i xiquetes gravarien totes les can\u00e7ons tradicionals que recordaven els seus majors.<\/p>\n\n\n\n<div class=\"wp-block-image\"><figure class=\"aligncenter size-full\"><img loading=\"lazy\" decoding=\"async\" width=\"1000\" height=\"455\" src=\"https:\/\/lescincllunes.apuntmedia.es\/wp-content\/uploads\/2021\/03\/Bureo-grup-castello.jpeg\" alt=\"\" class=\"wp-image-47\" srcset=\"https:\/\/lescincllunes.apuntmedia.es\/wp-content\/uploads\/2021\/03\/Bureo-grup-castello.jpeg 1000w, https:\/\/lescincllunes.apuntmedia.es\/wp-content\/uploads\/2021\/03\/Bureo-grup-castello-300x137.jpeg 300w, https:\/\/lescincllunes.apuntmedia.es\/wp-content\/uploads\/2021\/03\/Bureo-grup-castello-768x349.jpeg 768w\" sizes=\"(max-width: 1000px) 100vw, 1000px\" \/><\/figure><\/div>\n\n\n\n<p>Una tradici\u00f3 que cal protegir com fan entitats com el <strong>Grup Castell\u00f3<\/strong>, preocupats per saber i difondre aquest patrimoni. La seua principal tasca ha sigut sempre potenciar, promocionar, arreplegar i recuperar qualsevol tipus de manifestaci\u00f3 popular valenciana.<\/p>\n\n\n\n<figure class=\"wp-block-embed aligncenter is-type-video is-provider-youtube wp-block-embed-youtube wp-embed-aspect-16-9 wp-has-aspect-ratio\"><div class=\"wp-block-embed__wrapper\">\n<iframe title=\"Jotilla de Vinar\u00f2s - Grup Castell\u00f3\" width=\"750\" height=\"422\" src=\"https:\/\/www.youtube.com\/embed\/-3wcPP_zQTE?feature=oembed\" frameborder=\"0\" allow=\"accelerometer; autoplay; clipboard-write; encrypted-media; gyroscope; picture-in-picture\" allowfullscreen><\/iframe>\n<\/div><\/figure>\n\n\n\n<p>Per parlar dels <em>bureos<\/em>, comptem amb l\u2019entranyable testimoni d\u2019un masover de m\u00e9s de huitanta anys de <strong>Vistabella <\/strong>i una jove descendent de <strong>Benassal <\/strong>i <strong>Culla<\/strong>. Dues generacions que continuen gaudint i protegint aquest tresor popular.<\/p>\n\n\n\n<p><\/p>\n\n\n\n<div class=\"wp-block-image\"><figure class=\"aligncenter size-full\"><img fetchpriority=\"high\" decoding=\"async\" width=\"1000\" height=\"151\" src=\"https:\/\/lescincllunes.apuntmedia.es\/wp-content\/uploads\/2021\/03\/BannerMUSICA.jpg\" alt=\"\" class=\"wp-image-45\" srcset=\"https:\/\/lescincllunes.apuntmedia.es\/wp-content\/uploads\/2021\/03\/BannerMUSICA.jpg 1000w, https:\/\/lescincllunes.apuntmedia.es\/wp-content\/uploads\/2021\/03\/BannerMUSICA-300x45.jpg 300w, https:\/\/lescincllunes.apuntmedia.es\/wp-content\/uploads\/2021\/03\/BannerMUSICA-768x116.jpg 768w\" sizes=\"(max-width: 1000px) 100vw, 1000px\" \/><\/figure><\/div>\n\n\n\n<h2 class=\"wp-block-heading\"><em>De soprano i arpa<\/em><\/h2>\n\n\n\n<p>Us imagineu escoltar un concert de m\u00fasica cl\u00e0ssica en un bar o una terrassa mentre us preneu un aperitiu? O en una llibreria, en un mercat, un celler o enmig de la muntanya. No, no s\u00f3n llocs molt habituals on gaudir d\u2019una actuaci\u00f3 d\u2019aquest tipus per\u00f2, per qu\u00e8 no traure la m\u00fasica cl\u00e0ssica dels auditoris i apropar-la a tota classe de p\u00fablics d\u2019una manera atractiva?<\/p>\n\n\n\n<iframe width=\"1000\" height=\"400\" src=\"https:\/\/www.youtube.com\/embed\/YQnhOYQTygw?start=0&amp;end=49\" frameborder=\"0\" allow=\"accelerometer; autoplay; clipboard-write; encrypted-media; gyroscope; picture-in-picture\" allowfullscreen=\"\"><\/iframe>\n\n\n\n<p><\/p>\n\n\n\n<p>Aix\u00f2 \u00e9s el que fan <em>De soprano i arpa<\/em>, un duo integrat per <strong>Quiteria Mu\u00f1oz<\/strong> i <strong>\u00darsula Segarra<\/strong> que en el seu disc <em>Anemoc\u00f2ria<\/em> fan un viatge en el temps per la m\u00fasica espanyola de tradici\u00f3 sefardita i del qual escoltem <em>No vo comer ni beber<\/em>,<em> <\/em>que ens interpreten en el programa.<\/p>\n\n\n\n<div style=\"max-width: 960px;\"><video-js data-account=\"6057955885001\" data-player=\"kxOJQ6zBrc\" data-embed=\"default\" controls=\"\" data-video-id=\"1693759615860203084\" data-playlist-id=\"\" data-application-id=\"\" class=\"vjs-fluid\"><\/video-js><\/div>\n\n\n\n<p><\/p>\n\n\n\n<p>Despr\u00e9s de l&#8217;actuaci\u00f3 <strong>Quiteria<\/strong> i <strong>\u00darsula<\/strong> ens conten alguns detalls d&#8217;estes can\u00e7ons antigues, de les quals no existeixen partitures escrites.<\/p>\n\n\n\n<div style=\"max-width: 960px;\"><video-js data-account=\"6057955885001\" data-player=\"kxOJQ6zBrc\" data-embed=\"default\" controls=\"\" data-video-id=\"1693759618505665679\" data-playlist-id=\"\" data-application-id=\"\" class=\"vjs-fluid\"><\/video-js><\/div>\n\n\n\n<p><\/p>\n\n\n\n<p>La m\u00fasica \u00e9s clau per al creixement dels xiquets, per aix\u00f2 desenvolupen programes destinats a p\u00fablic infantil i familiar com per exemple <em>Peer Gynt,<\/em> amb m\u00fasica d\u2019<strong>Edvard Grieg<\/strong>, del qual podem veure una mostra en aquest v\u00eddeo.<\/p>\n\n\n\n<figure class=\"wp-block-embed aligncenter is-type-video is-provider-youtube wp-block-embed-youtube wp-embed-aspect-16-9 wp-has-aspect-ratio\"><div class=\"wp-block-embed__wrapper\">\n<iframe title=\"Teaser Peer Gynt De Soprano y Arpa\" width=\"750\" height=\"422\" src=\"https:\/\/www.youtube.com\/embed\/U_dpQuaLhb8?feature=oembed\" frameborder=\"0\" allow=\"accelerometer; autoplay; clipboard-write; encrypted-media; gyroscope; picture-in-picture\" allowfullscreen><\/iframe>\n<\/div><\/figure>\n\n\n\n<p><\/p>\n\n\n\n<p>En la l\u00ednia d\u2019innovar i modernitzar la m\u00fasica cl\u00e0ssica, <em>Irrever\u00e8ncia<\/em> \u00e9s un espectacle \u00fanic i diferent en el qual intervenen altres disciplines art\u00edstiques com la dansa contempor\u00e0nia o la moda.<\/p>\n\n\n\n<figure class=\"wp-block-embed aligncenter is-type-video is-provider-youtube wp-block-embed-youtube wp-embed-aspect-16-9 wp-has-aspect-ratio\"><div class=\"wp-block-embed__wrapper\">\n<iframe title=\"Teaser IRREVERENCIA\" width=\"750\" height=\"422\" src=\"https:\/\/www.youtube.com\/embed\/4HoprWFvWwU?feature=oembed\" frameborder=\"0\" allow=\"accelerometer; autoplay; clipboard-write; encrypted-media; gyroscope; picture-in-picture\" allowfullscreen><\/iframe>\n<\/div><\/figure>\n\n\n\n<p><\/p>\n\n\n\n<p><strong>\u00darsula Segarra<\/strong> ens descobreix alguns detalls de l\u2019arpa, un instrument molt antic i prou desconegut amb una s\u00e8rie de peculiaritats a causa del seu tamany i disseny.<\/p>\n\n\n\n<div style=\"max-width: 960px;\"><video-js data-account=\"6057955885001\" data-player=\"kxOJQ6zBrc\" data-embed=\"default\" controls=\"\" data-video-id=\"1693759617125739662\" data-playlist-id=\"\" data-application-id=\"\" class=\"vjs-fluid\"><\/video-js><\/div>\n\n\n\n<p><\/p>\n\n\n\n<p>Escoltem una altra pe\u00e7a en directe del seu disc <em>Anemoc\u00f2ria<\/em> que porta per t\u00edtol <em>A la una nac\u00ed yo.<\/em><\/p>\n\n\n\n<div style=\"max-width: 960px;\"><video-js data-account=\"6057955885001\" data-player=\"kxOJQ6zBrc\" data-embed=\"default\" controls=\"\" data-video-id=\"1693759619757581025\" data-playlist-id=\"\" data-application-id=\"\" class=\"vjs-fluid\"><\/video-js><\/div><script src=\"https:\/\/players.brightcove.net\/6057955885001\/kxOJQ6zBrc_default\/index.min.js\"><\/script>\n\n\n\n<p><\/p>\n\n\n\n<p>Podeu con\u00e8ixer m\u00e9s detalls d&#8217;aquest interessant projecte al <a href=\"https:\/\/www.desopranoyarpa.com\/\" target=\"_blank\" rel=\"noreferrer noopener\">web de De soprano i arpa<\/a> o al seu <a href=\"https:\/\/www.youtube.com\/channel\/UCHrXwh8yTu1nq9F4s6_mDvA\" target=\"_blank\" rel=\"noreferrer noopener\">canal de Youtube<\/a>.<\/p>\n\n\n\n<p><\/p>\n\n\n\n<p class=\"has-text-align-right\"><strong>Redacci\u00f3<\/strong>  Cristina Qu\u00edlez, Saray Puchades i Guillem Nicol\u00e0s<br><strong>Producci\u00f3<\/strong>  Estela Mart\u00ednez<br><strong>Assessorament ling\u00fc\u00edstic<\/strong>  Gl\u00f2ria Banyuls<br><strong>Edici\u00f3<\/strong>  Francesc Bosch<br><strong>Realitzaci\u00f3<em>  <\/em><\/strong>Arnau M\u00faria<br><strong>Disseny sonor<\/strong>  Tere N\u00fa\u00f1ez<br><strong>Direcci\u00f3<\/strong>  Am\u00e0lia Garrig\u00f3s<\/p>\n\n\n\n<p class=\"has-text-align-right\"><strong>Continguts multim\u00e8dia<\/strong>  Borja Pons<\/p>\n\n\n\n<p><\/p>\n\n\n\n<div class=\"wp-block-image\"><figure class=\"aligncenter size-full\"><img loading=\"lazy\" decoding=\"async\" width=\"1001\" height=\"179\" src=\"https:\/\/lescincllunes.apuntmedia.es\/wp-content\/uploads\/2021\/03\/LOGOS_Mesa-de-trabajo-1-3.png\" alt=\"\" class=\"wp-image-643\" srcset=\"https:\/\/lescincllunes.apuntmedia.es\/wp-content\/uploads\/2021\/03\/LOGOS_Mesa-de-trabajo-1-3.png 1001w, https:\/\/lescincllunes.apuntmedia.es\/wp-content\/uploads\/2021\/03\/LOGOS_Mesa-de-trabajo-1-3-300x54.png 300w, https:\/\/lescincllunes.apuntmedia.es\/wp-content\/uploads\/2021\/03\/LOGOS_Mesa-de-trabajo-1-3-768x137.png 768w\" sizes=\"(max-width: 1001px) 100vw, 1001px\" \/><\/figure><\/div>\n","protected":false},"excerpt":{"rendered":"<div style=\"max-width: 960px;\"><video-js data-account=\"6057955885001\" data-player=\"kxOJQ6zBrc\" data-embed=\"default\" controls=\"\" data-video-id=\"1693297822876531601\" data-playlist-id=\"\" data-application-id=\"\" class=\"vjs-fluid\"><\/video-js><\/div>\n<p><script src=\"https:\/\/players.brightcove.net\/6057955885001\/kxOJQ6zBrc_default\/index.min.js\"><\/script><\/p>\n","protected":false},"author":1,"featured_media":0,"comment_status":"closed","ping_status":"closed","sticky":false,"template":"","format":"standard","meta":{"footnotes":""},"categories":[4],"tags":[],"class_list":["post-223","post","type-post","status-publish","format-standard","hentry","category-programes-complets"],"yoast_head":"<!-- This site is optimized with the Yoast SEO plugin v15.9 - https:\/\/yoast.com\/wordpress\/plugins\/seo\/ -->\n<title>Cap\u00edtol 13 - Lluna plena de m\u00fasica - Les cinc llunes<\/title>\n<meta name=\"robots\" content=\"index, follow, max-snippet:-1, max-image-preview:large, max-video-preview:-1\" \/>\n<link rel=\"canonical\" href=\"https:\/\/lescincllunes.apuntmedia.es\/index.php\/2021\/08\/23\/capitol-13-lluna-plena-de-musica\/\" \/>\n<meta property=\"og:locale\" content=\"ca_ES\" \/>\n<meta property=\"og:type\" content=\"article\" \/>\n<meta property=\"og:title\" content=\"Cap\u00edtol 13 - Lluna plena de m\u00fasica - Les cinc llunes\" \/>\n<meta property=\"og:url\" content=\"https:\/\/lescincllunes.apuntmedia.es\/index.php\/2021\/08\/23\/capitol-13-lluna-plena-de-musica\/\" \/>\n<meta property=\"og:site_name\" content=\"Les cinc llunes\" \/>\n<meta property=\"article:publisher\" content=\"https:\/\/www.facebook.com\/lescincllunes\" \/>\n<meta property=\"article:published_time\" content=\"2021-08-23T19:00:00+00:00\" \/>\n<meta property=\"article:modified_time\" content=\"2021-08-23T16:47:10+00:00\" \/>\n<meta property=\"og:image\" content=\"https:\/\/lescincllunes.apuntmedia.es\/wp-content\/uploads\/2021\/03\/BannerMUSICA.jpg\" \/>\n<meta name=\"twitter:card\" content=\"summary_large_image\" \/>\n<meta name=\"twitter:creator\" content=\"@lescincllunes\" \/>\n<meta name=\"twitter:site\" content=\"@lescincllunes\" \/>\n<meta name=\"twitter:label1\" content=\"Temps estimat de lectura\">\n\t<meta name=\"twitter:data1\" content=\"6 minuts\">\n<script type=\"application\/ld+json\" class=\"yoast-schema-graph\">{\"@context\":\"https:\/\/schema.org\",\"@graph\":[{\"@type\":\"WebSite\",\"@id\":\"https:\/\/lescincllunes.apuntmedia.es\/#website\",\"url\":\"https:\/\/lescincllunes.apuntmedia.es\/\",\"name\":\"Les cinc llunes\",\"description\":\"Un podcast de cultura radial\",\"potentialAction\":[{\"@type\":\"SearchAction\",\"target\":\"https:\/\/lescincllunes.apuntmedia.es\/?s={search_term_string}\",\"query-input\":\"required name=search_term_string\"}],\"inLanguage\":\"ca\"},{\"@type\":\"ImageObject\",\"@id\":\"https:\/\/lescincllunes.apuntmedia.es\/index.php\/2021\/08\/23\/capitol-13-lluna-plena-de-musica\/#primaryimage\",\"inLanguage\":\"ca\",\"url\":\"https:\/\/lescincllunes.apuntmedia.es\/wp-content\/uploads\/2021\/03\/BannerMUSICA.jpg\",\"width\":1000,\"height\":151},{\"@type\":\"WebPage\",\"@id\":\"https:\/\/lescincllunes.apuntmedia.es\/index.php\/2021\/08\/23\/capitol-13-lluna-plena-de-musica\/#webpage\",\"url\":\"https:\/\/lescincllunes.apuntmedia.es\/index.php\/2021\/08\/23\/capitol-13-lluna-plena-de-musica\/\",\"name\":\"Cap\\u00edtol 13 - Lluna plena de m\\u00fasica - Les cinc llunes\",\"isPartOf\":{\"@id\":\"https:\/\/lescincllunes.apuntmedia.es\/#website\"},\"primaryImageOfPage\":{\"@id\":\"https:\/\/lescincllunes.apuntmedia.es\/index.php\/2021\/08\/23\/capitol-13-lluna-plena-de-musica\/#primaryimage\"},\"datePublished\":\"2021-08-23T19:00:00+00:00\",\"dateModified\":\"2021-08-23T16:47:10+00:00\",\"author\":{\"@id\":\"https:\/\/lescincllunes.apuntmedia.es\/#\/schema\/person\/f8e959baa4607fac92352114336d23bd\"},\"breadcrumb\":{\"@id\":\"https:\/\/lescincllunes.apuntmedia.es\/index.php\/2021\/08\/23\/capitol-13-lluna-plena-de-musica\/#breadcrumb\"},\"inLanguage\":\"ca\",\"potentialAction\":[{\"@type\":\"ReadAction\",\"target\":[\"https:\/\/lescincllunes.apuntmedia.es\/index.php\/2021\/08\/23\/capitol-13-lluna-plena-de-musica\/\"]}]},{\"@type\":\"BreadcrumbList\",\"@id\":\"https:\/\/lescincllunes.apuntmedia.es\/index.php\/2021\/08\/23\/capitol-13-lluna-plena-de-musica\/#breadcrumb\",\"itemListElement\":[{\"@type\":\"ListItem\",\"position\":1,\"item\":{\"@type\":\"WebPage\",\"@id\":\"https:\/\/lescincllunes.apuntmedia.es\/\",\"url\":\"https:\/\/lescincllunes.apuntmedia.es\/\",\"name\":\"Inici\"}},{\"@type\":\"ListItem\",\"position\":2,\"item\":{\"@type\":\"WebPage\",\"@id\":\"https:\/\/lescincllunes.apuntmedia.es\/index.php\/2021\/08\/23\/capitol-13-lluna-plena-de-musica\/\",\"url\":\"https:\/\/lescincllunes.apuntmedia.es\/index.php\/2021\/08\/23\/capitol-13-lluna-plena-de-musica\/\",\"name\":\"Cap\\u00edtol 13 &#8211; Lluna plena de m\\u00fasica\"}}]},{\"@type\":\"Person\",\"@id\":\"https:\/\/lescincllunes.apuntmedia.es\/#\/schema\/person\/f8e959baa4607fac92352114336d23bd\",\"name\":\"admin\",\"image\":{\"@type\":\"ImageObject\",\"@id\":\"https:\/\/lescincllunes.apuntmedia.es\/#personlogo\",\"inLanguage\":\"ca\",\"url\":\"https:\/\/secure.gravatar.com\/avatar\/dcd85d3d685af586f211eb122e24b51bd5be615b2e57181f1910a74104899533?s=96&d=mm&r=g\",\"caption\":\"admin\"},\"sameAs\":[\"https:\/\/lescincllunes.apuntmedia.es\"]}]}<\/script>\n<!-- \/ Yoast SEO plugin. -->","_links":{"self":[{"href":"https:\/\/lescincllunes.apuntmedia.es\/index.php\/wp-json\/wp\/v2\/posts\/223","targetHints":{"allow":["GET"]}}],"collection":[{"href":"https:\/\/lescincllunes.apuntmedia.es\/index.php\/wp-json\/wp\/v2\/posts"}],"about":[{"href":"https:\/\/lescincllunes.apuntmedia.es\/index.php\/wp-json\/wp\/v2\/types\/post"}],"author":[{"embeddable":true,"href":"https:\/\/lescincllunes.apuntmedia.es\/index.php\/wp-json\/wp\/v2\/users\/1"}],"replies":[{"embeddable":true,"href":"https:\/\/lescincllunes.apuntmedia.es\/index.php\/wp-json\/wp\/v2\/comments?post=223"}],"version-history":[{"count":51,"href":"https:\/\/lescincllunes.apuntmedia.es\/index.php\/wp-json\/wp\/v2\/posts\/223\/revisions"}],"predecessor-version":[{"id":2743,"href":"https:\/\/lescincllunes.apuntmedia.es\/index.php\/wp-json\/wp\/v2\/posts\/223\/revisions\/2743"}],"wp:attachment":[{"href":"https:\/\/lescincllunes.apuntmedia.es\/index.php\/wp-json\/wp\/v2\/media?parent=223"}],"wp:term":[{"taxonomy":"category","embeddable":true,"href":"https:\/\/lescincllunes.apuntmedia.es\/index.php\/wp-json\/wp\/v2\/categories?post=223"},{"taxonomy":"post_tag","embeddable":true,"href":"https:\/\/lescincllunes.apuntmedia.es\/index.php\/wp-json\/wp\/v2\/tags?post=223"}],"curies":[{"name":"wp","href":"https:\/\/api.w.org\/{rel}","templated":true}]}}