{"id":224,"date":"2021-08-24T21:00:51","date_gmt":"2021-08-24T19:00:51","guid":{"rendered":"https:\/\/lescincllunes.apuntmedia.es\/?p=224"},"modified":"2021-08-24T21:22:51","modified_gmt":"2021-08-24T19:22:51","slug":"capitol-14-bufeu-bufeu-que-el-mon-sacaba","status":"publish","type":"post","link":"https:\/\/lescincllunes.apuntmedia.es\/index.php\/2021\/08\/24\/capitol-14-bufeu-bufeu-que-el-mon-sacaba\/","title":{"rendered":"Cap\u00edtol 14 &#8211; Bufeu, bufeu, que el m\u00f3n s&#8217;acaba"},"content":{"rendered":"\n<div style=\"max-width: 960px;\"><video-js data-account=\"6057955885001\" data-player=\"kxOJQ6zBrc\" data-embed=\"default\" controls=\"\" data-video-id=\"1693297821672642974\" data-playlist-id=\"\" data-application-id=\"\" class=\"vjs-fluid\"><\/video-js><\/div>\n\n\n\n<p><\/p>\n\n\n\n<div class=\"wp-block-image\"><figure class=\"aligncenter size-full\"><img fetchpriority=\"high\" decoding=\"async\" width=\"1000\" height=\"151\" src=\"https:\/\/lescincllunes.apuntmedia.es\/wp-content\/uploads\/2021\/03\/BannerTEATRE.jpg\" alt=\"\" class=\"wp-image-46\" srcset=\"https:\/\/lescincllunes.apuntmedia.es\/wp-content\/uploads\/2021\/03\/BannerTEATRE.jpg 1000w, https:\/\/lescincllunes.apuntmedia.es\/wp-content\/uploads\/2021\/03\/BannerTEATRE-300x45.jpg 300w, https:\/\/lescincllunes.apuntmedia.es\/wp-content\/uploads\/2021\/03\/BannerTEATRE-768x116.jpg 768w\" sizes=\"(max-width: 1000px) 100vw, 1000px\" \/><\/figure><\/div>\n\n\n\n<p>Ser competitiu \u00e9s bo o \u00e9s dolent? Per qu\u00e8 quan pensem en l\u2019\u00e8xit ens oblidem de la resta i nom\u00e9s pensem en nosaltres mateixos? Fins on estem disposats a arribar per a aconseguir el nostre treball somiat? Quatre candidats a ocupar un lloc executiu en una multinacional s\u2019enfronten a l\u2019\u00faltima prova. Per\u00f2 no tot \u00e9s el que pareix i a poc a poc s\u2019aniran revelant les estrat\u00e8gies de cadascun per a aconseguir el seu objectiu.<\/p>\n\n\n\n<figure class=\"wp-block-embed aligncenter is-type-video is-provider-youtube wp-block-embed-youtube wp-embed-aspect-16-9 wp-has-aspect-ratio\"><div class=\"wp-block-embed__wrapper\">\n<iframe title=\"Teaser El M\u00e9todo Gr\u00f6nholm\" width=\"750\" height=\"422\" src=\"https:\/\/www.youtube.com\/embed\/gn6i-xIVKdg?feature=oembed\" frameborder=\"0\" allow=\"accelerometer; autoplay; clipboard-write; encrypted-media; gyroscope; picture-in-picture\" allowfullscreen><\/iframe>\n<\/div><\/figure>\n\n\n\n<p><em>El m\u00e9todo Gr\u00f6nholm<\/em> \u00e9s una obra teatral escrita per <strong>Jordi Galceran<\/strong> que el productor i actor <strong>Diego Braguinsky<\/strong> ha portat als escenaris valencians. L\u2019equip de <em>Les cinc llunes<\/em> va visitar el teatre i va parlar amb l\u2019elenc art\u00edstic en un dels assajos.<\/p>\n\n\n\n<p>L\u2019obra retrata la crueltat dels m\u00e8todes de selecci\u00f3 que fan servir alguns departaments de recursos humans. Guardonada amb un premi Max al millor text teatral, ha sigut representada en m\u00e9s de 60 pa\u00efsos i l\u2019han vista m\u00e9s de dos milions d\u2019espectadors.<\/p>\n\n\n\n<div style=\"max-width: 960px;\"><video-js data-account=\"6057955885001\" data-player=\"kxOJQ6zBrc\" data-embed=\"default\" controls=\"\" data-video-id=\"1693759740936317195\" data-playlist-id=\"\" data-application-id=\"\" class=\"vjs-fluid\"><\/video-js><\/div>\n\n\n\n<p><\/p>\n\n\n\n<p><\/p>\n\n\n\n<div class=\"wp-block-image\"><figure class=\"aligncenter size-full\"><img decoding=\"async\" width=\"1000\" height=\"151\" src=\"https:\/\/lescincllunes.apuntmedia.es\/wp-content\/uploads\/2021\/03\/BannerCINEMA.jpg\" alt=\"\" class=\"wp-image-42\" srcset=\"https:\/\/lescincllunes.apuntmedia.es\/wp-content\/uploads\/2021\/03\/BannerCINEMA.jpg 1000w, https:\/\/lescincllunes.apuntmedia.es\/wp-content\/uploads\/2021\/03\/BannerCINEMA-300x45.jpg 300w, https:\/\/lescincllunes.apuntmedia.es\/wp-content\/uploads\/2021\/03\/BannerCINEMA-768x116.jpg 768w\" sizes=\"(max-width: 1000px) 100vw, 1000px\" \/><\/figure><\/div>\n\n\n\n<p>El nostre \u00e9s un teixit \u00fanic de sales de cinema. La majoria de les sales valencianes estan regentades per empresaris tamb\u00e9 valencians, no per empreses multinacionals com ocorre habitualment en altres territoris. Un altre fet a destacar \u00e9s el nombre d\u2019autocines que tenim en relaci\u00f3 a tot l\u2019Estat espanyol. L\u2019objectiu de l\u2019IVAC (Institut Valenci\u00e0 de l\u2019Audiovisual i la Cinematografia) \u00e9s conservar la singularitat d\u2019aquest ecosistema particular d\u2019espais de projecci\u00f3.<\/p>\n\n\n\n<div style=\"max-width: 960px;\"><video-js data-account=\"6057955885001\" data-player=\"kxOJQ6zBrc\" data-embed=\"default\" controls=\"\" data-video-id=\"1697824165242829726\" data-playlist-id=\"\" data-application-id=\"\" class=\"vjs-fluid\"><\/video-js><\/div>\n\n\n\n<p><\/p>\n\n\n\n<div class=\"wp-block-image\"><figure class=\"aligncenter size-full\"><img decoding=\"async\" width=\"1000\" height=\"151\" src=\"https:\/\/lescincllunes.apuntmedia.es\/wp-content\/uploads\/2021\/03\/BannerMUSICA.jpg\" alt=\"\" class=\"wp-image-45\" srcset=\"https:\/\/lescincllunes.apuntmedia.es\/wp-content\/uploads\/2021\/03\/BannerMUSICA.jpg 1000w, https:\/\/lescincllunes.apuntmedia.es\/wp-content\/uploads\/2021\/03\/BannerMUSICA-300x45.jpg 300w, https:\/\/lescincllunes.apuntmedia.es\/wp-content\/uploads\/2021\/03\/BannerMUSICA-768x116.jpg 768w\" sizes=\"(max-width: 1000px) 100vw, 1000px\" \/><\/figure><\/div>\n\n\n\n<h2 class=\"wp-block-heading\">Carles D\u00e9nia i Spanish Brass<\/h2>\n\n\n\n<p>Aperitiu musical suculent de la m\u00e0 de <strong>Carles D\u00e9nia<\/strong>, icona del cant popular valenci\u00e0, compositor i guitarrista amb qui els <strong>Spanish Brass<\/strong> van publicar el disc <em>Mira si hem corregut terres,<\/em>&nbsp;distingit als Premis Carles Santos de la M\u00fasica<em>,<\/em>&nbsp;en la categoria de millor disc de m\u00fasica tradicional.&nbsp;<\/p>\n\n\n\n<div style=\"max-width: 960px;\"><video-js data-account=\"6057955885001\" data-player=\"kxOJQ6zBrc\" data-embed=\"default\" controls=\"\" data-video-id=\"1697824164173307701\" data-playlist-id=\"\" data-application-id=\"\" class=\"vjs-fluid\"><\/video-js><\/div>\n\n\n\n<p><\/p>\n\n\n\n<h2 class=\"wp-block-heading\">Spanish Brass<\/h2>\n\n\n\n<p>Una fuga de Bach, una can\u00e7\u00f3 popular, una pe\u00e7a coral, m\u00fasica contempor\u00e0nia, un concert per a xiquets, un pianista, una banda de m\u00fasica, un guitarrista, una orquestra o una balladora\u2026 No hi ha repertori o estil ni formaci\u00f3 o artista que es resistisca a <strong>Spanish Brass<\/strong>, el quintet de metall valenci\u00e0 m\u00e9s internacional, guardonat amb el Premi Nacional de M\u00fasica 2020 del Ministeri de Cultura.<\/p>\n\n\n\n<div class=\"wp-block-image\"><figure class=\"aligncenter size-full\"><img loading=\"lazy\" decoding=\"async\" width=\"1000\" height=\"667\" src=\"https:\/\/lescincllunes.apuntmedia.es\/wp-content\/uploads\/2021\/03\/Spanish-Brass-1200x800-1.jpeg\" alt=\"\" class=\"wp-image-2384\" srcset=\"https:\/\/lescincllunes.apuntmedia.es\/wp-content\/uploads\/2021\/03\/Spanish-Brass-1200x800-1.jpeg 1000w, https:\/\/lescincllunes.apuntmedia.es\/wp-content\/uploads\/2021\/03\/Spanish-Brass-1200x800-1-300x200.jpeg 300w, https:\/\/lescincllunes.apuntmedia.es\/wp-content\/uploads\/2021\/03\/Spanish-Brass-1200x800-1-768x512.jpeg 768w\" sizes=\"(max-width: 1000px) 100vw, 1000px\" \/><\/figure><\/div>\n\n\n\n<p>Parlem amb <strong>Carlos Benet\u00f3<\/strong> (trompeta),<strong> Juanjo Serna<\/strong> (trompeta), <strong>Manuel P\u00e9rez<\/strong> (trompa), <strong>Inda Bonet<\/strong> (tromb\u00f3) i <strong>Sergio Finca<\/strong> (tuba) i gaudim de la seua m\u00fasica en directe. En aquest cas escoltem la pe\u00e7a <em>Le Coucou <\/em>de Louis-Claude Daquin.<\/p>\n\n\n\n<div style=\"max-width: 960px;\"><video-js data-account=\"6057955885001\" data-player=\"kxOJQ6zBrc\" data-embed=\"default\" controls=\"\" data-video-id=\"1693759620967805092\" data-playlist-id=\"\" data-application-id=\"\" class=\"vjs-fluid\"><\/video-js><\/div><script src=\"https:\/\/players.brightcove.net\/6057955885001\/kxOJQ6zBrc_default\/index.min.js\"><\/script>\n\n\n\n<p><\/p>\n\n\n\n<p>Comprom\u00e9s amb la nova creaci\u00f3, el grup ha estrenat m\u00e9s de 150 obres per a quintet de metall dels m\u00e9s variats estils i ha tocat amb artistes i formacions de tota classe. Veiem una interessant mescla dels <strong>Spanish Brass<\/strong> i <strong>Al Tall<\/strong>, barrejant estils en una interpretaci\u00f3 del cl\u00e0ssic <em>Tio Canya<\/em>.<\/p>\n\n\n\n<p><\/p>\n\n\n\n<iframe width=\"700\" height=\"400\" src=\"https:\/\/www.youtube.com\/embed\/HkqW6tzryxI?start=7&amp;end=125\" frameborder=\"0\" allow=\"accelerometer; autoplay; clipboard-write; encrypted-media; gyroscope; picture-in-picture\" allowfullscreen=\"\"><\/iframe>\n\n\n\n<p><\/p>\n\n\n\n<p>Els festivals <strong><a href=\"https:\/\/sbalz.com\/inicio-sbalz\/\" target=\"_blank\" rel=\"noreferrer noopener\">SBALZ<\/a><\/strong> (acr\u00f2nim d&#8217;Spanish Brass Alzira) i <a href=\"https:\/\/brassurround.com\/\" target=\"_blank\" rel=\"noreferrer noopener\"><strong>Brassurround Torrent<\/strong><\/a> s\u2019han consolidat com dos esdeveniments formatius de primer ordre a escala internacional.<\/p>\n\n\n\n<figure class=\"wp-block-embed aligncenter is-type-video is-provider-youtube wp-block-embed-youtube wp-embed-aspect-16-9 wp-has-aspect-ratio\"><div class=\"wp-block-embed__wrapper\">\n<iframe title=\"Festival Spanish Brass Alzira.\" width=\"750\" height=\"422\" src=\"https:\/\/www.youtube.com\/embed\/Y30rdi7A8lA?feature=oembed\" frameborder=\"0\" allow=\"accelerometer; autoplay; clipboard-write; encrypted-media; gyroscope; picture-in-picture\" allowfullscreen><\/iframe>\n<\/div><\/figure>\n\n\n\n<p><\/p>\n\n\n\n<p>En el seu \u00faltim projecte per a p\u00fablic infantil i familiar, <em>Un po di Fellini,<\/em> <strong>Spanish Brass<\/strong> i l\u2019actriu <strong>Maite Gil<\/strong> fan un recorregut musical a trav\u00e9s dels somnis i els records de Giulietta Masina, esposa i musa del director de cine itali\u00e0 <strong>Federico Fellini<\/strong>.<\/p>\n\n\n\n<figure class=\"wp-block-embed aligncenter is-type-video is-provider-youtube wp-block-embed-youtube wp-embed-aspect-16-9 wp-has-aspect-ratio\"><div class=\"wp-block-embed__wrapper\">\n<iframe title=\"Un po&#039; di Fellini.- Spanish Brass y Maite Gil (Teaser Curt)\" width=\"750\" height=\"422\" src=\"https:\/\/www.youtube.com\/embed\/LIkh9hyznD0?feature=oembed\" frameborder=\"0\" allow=\"accelerometer; autoplay; clipboard-write; encrypted-media; gyroscope; picture-in-picture\" allowfullscreen><\/iframe>\n<\/div><\/figure>\n\n\n\n<p><\/p>\n\n\n\n<p>Gran part del seu treball es pot escoltar en els <a href=\"https:\/\/spanishbrass.com\/grabaciones\/\" target=\"_blank\" rel=\"noreferrer noopener\">vint-i-set treballs discogr\u00e0fics<\/a> que mostren les seues m\u00faltiples facetes.<\/p>\n\n\n\n<div class=\"wp-block-image\"><figure class=\"aligncenter size-full\"><a href=\"https:\/\/spanishbrass.com\/grabaciones\/\" target=\"_blank\" rel=\"noopener\"><img loading=\"lazy\" decoding=\"async\" width=\"1000\" height=\"561\" src=\"https:\/\/lescincllunes.apuntmedia.es\/wp-content\/uploads\/2021\/03\/SpanishDiscos.jpg\" alt=\"\" class=\"wp-image-2390\" srcset=\"https:\/\/lescincllunes.apuntmedia.es\/wp-content\/uploads\/2021\/03\/SpanishDiscos.jpg 1000w, https:\/\/lescincllunes.apuntmedia.es\/wp-content\/uploads\/2021\/03\/SpanishDiscos-300x168.jpg 300w, https:\/\/lescincllunes.apuntmedia.es\/wp-content\/uploads\/2021\/03\/SpanishDiscos-768x431.jpg 768w\" sizes=\"(max-width: 1000px) 100vw, 1000px\" \/><\/a><\/figure><\/div>\n\n\n\n<p>Alguns d\u2019ells han sigut guardonats amb els Premis Carles Santos de la M\u00fasica. Com <em>Les Aventures de Monsieur Jules <\/em>amb <strong>Albert Guinovart<\/strong>, premiat en l\u2019edici\u00f3 de 2020.<\/p>\n\n\n\n<figure class=\"wp-block-embed aligncenter is-type-video is-provider-youtube wp-block-embed-youtube wp-embed-aspect-16-9 wp-has-aspect-ratio\"><div class=\"wp-block-embed__wrapper\">\n<iframe title=\"Spanish Brass &amp; Albert Guinovart - Les Aventures de Monsieur Jules\" width=\"750\" height=\"422\" src=\"https:\/\/www.youtube.com\/embed\/FM2CTAph0RM?feature=oembed\" frameborder=\"0\" allow=\"accelerometer; autoplay; clipboard-write; encrypted-media; gyroscope; picture-in-picture\" allowfullscreen><\/iframe>\n<\/div><\/figure>\n\n\n\n<p><\/p>\n\n\n\n<p class=\"has-text-align-right\"><strong>Redacci\u00f3<\/strong>  Cristina Qu\u00edlez, Saray Puchades i Guillem Nicol\u00e0s<br><strong>Producci\u00f3<\/strong>  Estela Mart\u00ednez<br><strong>Assessorament ling\u00fc\u00edstic<\/strong>  Gl\u00f2ria Banyuls<br><strong>Edici\u00f3<\/strong>  Francesc Bosch<br><strong>Realitzaci\u00f3<em>  <\/em><\/strong>Arnau M\u00faria<br><strong>Disseny sonor<\/strong>  Tere N\u00fa\u00f1ez<br><strong>Direcci\u00f3<\/strong>  Am\u00e0lia Garrig\u00f3s<\/p>\n\n\n\n<p class=\"has-text-align-right\"><strong>Continguts multim\u00e8dia<\/strong>  Borja Pons<\/p>\n\n\n\n<p><\/p>\n\n\n\n<div class=\"wp-block-image\"><figure class=\"aligncenter size-full\"><img loading=\"lazy\" decoding=\"async\" width=\"1001\" height=\"179\" src=\"https:\/\/lescincllunes.apuntmedia.es\/wp-content\/uploads\/2021\/03\/LOGOS_Mesa-de-trabajo-1-3.png\" alt=\"\" class=\"wp-image-643\" srcset=\"https:\/\/lescincllunes.apuntmedia.es\/wp-content\/uploads\/2021\/03\/LOGOS_Mesa-de-trabajo-1-3.png 1001w, https:\/\/lescincllunes.apuntmedia.es\/wp-content\/uploads\/2021\/03\/LOGOS_Mesa-de-trabajo-1-3-300x54.png 300w, https:\/\/lescincllunes.apuntmedia.es\/wp-content\/uploads\/2021\/03\/LOGOS_Mesa-de-trabajo-1-3-768x137.png 768w\" sizes=\"(max-width: 1001px) 100vw, 1001px\" \/><\/figure><\/div>\n","protected":false},"excerpt":{"rendered":"<div style=\"max-width: 960px;\"><video-js data-account=\"6057955885001\" data-player=\"kxOJQ6zBrc\" data-embed=\"default\" controls=\"\" data-video-id=\"1693297821672642974\" data-playlist-id=\"\" data-application-id=\"\" class=\"vjs-fluid\"><\/video-js><\/div>\n<p><script src=\"https:\/\/players.brightcove.net\/6057955885001\/kxOJQ6zBrc_default\/index.min.js\"><\/script><\/p>\n","protected":false},"author":1,"featured_media":0,"comment_status":"closed","ping_status":"closed","sticky":false,"template":"","format":"standard","meta":{"footnotes":""},"categories":[4],"tags":[],"class_list":["post-224","post","type-post","status-publish","format-standard","hentry","category-programes-complets"],"yoast_head":"<!-- This site is optimized with the Yoast SEO plugin v15.9 - https:\/\/yoast.com\/wordpress\/plugins\/seo\/ -->\n<title>Cap\u00edtol 14 - Bufeu, bufeu, que el m\u00f3n s&#039;acaba - Les cinc llunes<\/title>\n<meta name=\"robots\" content=\"index, follow, max-snippet:-1, max-image-preview:large, max-video-preview:-1\" \/>\n<link rel=\"canonical\" href=\"https:\/\/lescincllunes.apuntmedia.es\/index.php\/2021\/08\/24\/capitol-14-bufeu-bufeu-que-el-mon-sacaba\/\" \/>\n<meta property=\"og:locale\" content=\"ca_ES\" \/>\n<meta property=\"og:type\" content=\"article\" \/>\n<meta property=\"og:title\" content=\"Cap\u00edtol 14 - Bufeu, bufeu, que el m\u00f3n s&#039;acaba - Les cinc llunes\" \/>\n<meta property=\"og:url\" content=\"https:\/\/lescincllunes.apuntmedia.es\/index.php\/2021\/08\/24\/capitol-14-bufeu-bufeu-que-el-mon-sacaba\/\" \/>\n<meta property=\"og:site_name\" content=\"Les cinc llunes\" \/>\n<meta property=\"article:publisher\" content=\"https:\/\/www.facebook.com\/lescincllunes\" \/>\n<meta property=\"article:published_time\" content=\"2021-08-24T19:00:51+00:00\" \/>\n<meta property=\"article:modified_time\" content=\"2021-08-24T19:22:51+00:00\" \/>\n<meta property=\"og:image\" content=\"https:\/\/lescincllunes.apuntmedia.es\/wp-content\/uploads\/2021\/03\/BannerTEATRE.jpg\" \/>\n<meta name=\"twitter:card\" content=\"summary_large_image\" \/>\n<meta name=\"twitter:creator\" content=\"@lescincllunes\" \/>\n<meta name=\"twitter:site\" content=\"@lescincllunes\" \/>\n<meta name=\"twitter:label1\" content=\"Temps estimat de lectura\">\n\t<meta name=\"twitter:data1\" content=\"4 minuts\">\n<script type=\"application\/ld+json\" class=\"yoast-schema-graph\">{\"@context\":\"https:\/\/schema.org\",\"@graph\":[{\"@type\":\"WebSite\",\"@id\":\"https:\/\/lescincllunes.apuntmedia.es\/#website\",\"url\":\"https:\/\/lescincllunes.apuntmedia.es\/\",\"name\":\"Les cinc llunes\",\"description\":\"Un podcast de cultura radial\",\"potentialAction\":[{\"@type\":\"SearchAction\",\"target\":\"https:\/\/lescincllunes.apuntmedia.es\/?s={search_term_string}\",\"query-input\":\"required name=search_term_string\"}],\"inLanguage\":\"ca\"},{\"@type\":\"ImageObject\",\"@id\":\"https:\/\/lescincllunes.apuntmedia.es\/index.php\/2021\/08\/24\/capitol-14-bufeu-bufeu-que-el-mon-sacaba\/#primaryimage\",\"inLanguage\":\"ca\",\"url\":\"https:\/\/lescincllunes.apuntmedia.es\/wp-content\/uploads\/2021\/03\/BannerTEATRE.jpg\",\"width\":1000,\"height\":151},{\"@type\":\"WebPage\",\"@id\":\"https:\/\/lescincllunes.apuntmedia.es\/index.php\/2021\/08\/24\/capitol-14-bufeu-bufeu-que-el-mon-sacaba\/#webpage\",\"url\":\"https:\/\/lescincllunes.apuntmedia.es\/index.php\/2021\/08\/24\/capitol-14-bufeu-bufeu-que-el-mon-sacaba\/\",\"name\":\"Cap\\u00edtol 14 - Bufeu, bufeu, que el m\\u00f3n s'acaba - Les cinc llunes\",\"isPartOf\":{\"@id\":\"https:\/\/lescincllunes.apuntmedia.es\/#website\"},\"primaryImageOfPage\":{\"@id\":\"https:\/\/lescincllunes.apuntmedia.es\/index.php\/2021\/08\/24\/capitol-14-bufeu-bufeu-que-el-mon-sacaba\/#primaryimage\"},\"datePublished\":\"2021-08-24T19:00:51+00:00\",\"dateModified\":\"2021-08-24T19:22:51+00:00\",\"author\":{\"@id\":\"https:\/\/lescincllunes.apuntmedia.es\/#\/schema\/person\/f8e959baa4607fac92352114336d23bd\"},\"breadcrumb\":{\"@id\":\"https:\/\/lescincllunes.apuntmedia.es\/index.php\/2021\/08\/24\/capitol-14-bufeu-bufeu-que-el-mon-sacaba\/#breadcrumb\"},\"inLanguage\":\"ca\",\"potentialAction\":[{\"@type\":\"ReadAction\",\"target\":[\"https:\/\/lescincllunes.apuntmedia.es\/index.php\/2021\/08\/24\/capitol-14-bufeu-bufeu-que-el-mon-sacaba\/\"]}]},{\"@type\":\"BreadcrumbList\",\"@id\":\"https:\/\/lescincllunes.apuntmedia.es\/index.php\/2021\/08\/24\/capitol-14-bufeu-bufeu-que-el-mon-sacaba\/#breadcrumb\",\"itemListElement\":[{\"@type\":\"ListItem\",\"position\":1,\"item\":{\"@type\":\"WebPage\",\"@id\":\"https:\/\/lescincllunes.apuntmedia.es\/\",\"url\":\"https:\/\/lescincllunes.apuntmedia.es\/\",\"name\":\"Inici\"}},{\"@type\":\"ListItem\",\"position\":2,\"item\":{\"@type\":\"WebPage\",\"@id\":\"https:\/\/lescincllunes.apuntmedia.es\/index.php\/2021\/08\/24\/capitol-14-bufeu-bufeu-que-el-mon-sacaba\/\",\"url\":\"https:\/\/lescincllunes.apuntmedia.es\/index.php\/2021\/08\/24\/capitol-14-bufeu-bufeu-que-el-mon-sacaba\/\",\"name\":\"Cap\\u00edtol 14 &#8211; Bufeu, bufeu, que el m\\u00f3n s&#8217;acaba\"}}]},{\"@type\":\"Person\",\"@id\":\"https:\/\/lescincllunes.apuntmedia.es\/#\/schema\/person\/f8e959baa4607fac92352114336d23bd\",\"name\":\"admin\",\"image\":{\"@type\":\"ImageObject\",\"@id\":\"https:\/\/lescincllunes.apuntmedia.es\/#personlogo\",\"inLanguage\":\"ca\",\"url\":\"https:\/\/secure.gravatar.com\/avatar\/dcd85d3d685af586f211eb122e24b51bd5be615b2e57181f1910a74104899533?s=96&d=mm&r=g\",\"caption\":\"admin\"},\"sameAs\":[\"https:\/\/lescincllunes.apuntmedia.es\"]}]}<\/script>\n<!-- \/ Yoast SEO plugin. -->","_links":{"self":[{"href":"https:\/\/lescincllunes.apuntmedia.es\/index.php\/wp-json\/wp\/v2\/posts\/224","targetHints":{"allow":["GET"]}}],"collection":[{"href":"https:\/\/lescincllunes.apuntmedia.es\/index.php\/wp-json\/wp\/v2\/posts"}],"about":[{"href":"https:\/\/lescincllunes.apuntmedia.es\/index.php\/wp-json\/wp\/v2\/types\/post"}],"author":[{"embeddable":true,"href":"https:\/\/lescincllunes.apuntmedia.es\/index.php\/wp-json\/wp\/v2\/users\/1"}],"replies":[{"embeddable":true,"href":"https:\/\/lescincllunes.apuntmedia.es\/index.php\/wp-json\/wp\/v2\/comments?post=224"}],"version-history":[{"count":36,"href":"https:\/\/lescincllunes.apuntmedia.es\/index.php\/wp-json\/wp\/v2\/posts\/224\/revisions"}],"predecessor-version":[{"id":2750,"href":"https:\/\/lescincllunes.apuntmedia.es\/index.php\/wp-json\/wp\/v2\/posts\/224\/revisions\/2750"}],"wp:attachment":[{"href":"https:\/\/lescincllunes.apuntmedia.es\/index.php\/wp-json\/wp\/v2\/media?parent=224"}],"wp:term":[{"taxonomy":"category","embeddable":true,"href":"https:\/\/lescincllunes.apuntmedia.es\/index.php\/wp-json\/wp\/v2\/categories?post=224"},{"taxonomy":"post_tag","embeddable":true,"href":"https:\/\/lescincllunes.apuntmedia.es\/index.php\/wp-json\/wp\/v2\/tags?post=224"}],"curies":[{"name":"wp","href":"https:\/\/api.w.org\/{rel}","templated":true}]}}