{"id":225,"date":"2021-08-25T21:00:00","date_gmt":"2021-08-25T19:00:00","guid":{"rendered":"https:\/\/lescincllunes.apuntmedia.es\/?p=225"},"modified":"2021-08-25T21:07:01","modified_gmt":"2021-08-25T19:07:01","slug":"capitol-15-improvisacions","status":"publish","type":"post","link":"https:\/\/lescincllunes.apuntmedia.es\/index.php\/2021\/08\/25\/capitol-15-improvisacions\/","title":{"rendered":"Cap\u00edtol 15 &#8211; Improvisacions"},"content":{"rendered":"\n<div style=\"max-width: 960px;\"><video-js data-account=\"6057955885001\" data-player=\"kxOJQ6zBrc\" data-embed=\"default\" controls=\"\" data-video-id=\"1693297953286855981\" data-playlist-id=\"\" data-application-id=\"\" class=\"vjs-fluid\"><\/video-js><\/div>\n\n\n\n<p><\/p>\n\n\n\n<div class=\"wp-block-image\"><figure class=\"aligncenter size-full\"><img fetchpriority=\"high\" decoding=\"async\" width=\"1000\" height=\"151\" src=\"https:\/\/lescincllunes.apuntmedia.es\/wp-content\/uploads\/2021\/03\/COLORS_Separadors-21.jpg\" alt=\"\" class=\"wp-image-951\" srcset=\"https:\/\/lescincllunes.apuntmedia.es\/wp-content\/uploads\/2021\/03\/COLORS_Separadors-21.jpg 1000w, https:\/\/lescincllunes.apuntmedia.es\/wp-content\/uploads\/2021\/03\/COLORS_Separadors-21-300x45.jpg 300w, https:\/\/lescincllunes.apuntmedia.es\/wp-content\/uploads\/2021\/03\/COLORS_Separadors-21-768x116.jpg 768w\" sizes=\"(max-width: 1000px) 100vw, 1000px\" \/><\/figure><\/div>\n\n\n\n<div class=\"wp-block-image\"><figure class=\"aligncenter size-full\"><img decoding=\"async\" width=\"1001\" height=\"101\" src=\"https:\/\/lescincllunes.apuntmedia.es\/wp-content\/uploads\/2021\/03\/COLORS_Separadors-08.jpg\" alt=\"\" class=\"wp-image-952\" srcset=\"https:\/\/lescincllunes.apuntmedia.es\/wp-content\/uploads\/2021\/03\/COLORS_Separadors-08.jpg 1001w, https:\/\/lescincllunes.apuntmedia.es\/wp-content\/uploads\/2021\/03\/COLORS_Separadors-08-300x30.jpg 300w, https:\/\/lescincllunes.apuntmedia.es\/wp-content\/uploads\/2021\/03\/COLORS_Separadors-08-768x77.jpg 768w\" sizes=\"(max-width: 1001px) 100vw, 1001px\" \/><\/figure><\/div>\n\n\n\n<h2 class=\"wp-block-heading\">Cap\u00edtol 4: <em>Let\u00edcia Argudo<\/em><\/h2>\n\n\n\n<p>El so cinematogr\u00e0fic rarament s\u2019aprecia a soles, per si mateix, ja que funciona fonamentalment com un real\u00e7ament del que \u00e9s visual: mitjan\u00e7ant alguna misteriosa alqu\u00edmia perceptiva, qualsevol virtut que el so brinde al film \u00e9s percebut i apreciat enormement per l\u2019audi\u00e8ncia en termes visuals. Com millor el so, millor la imatge\u201d. <strong>Walter Murch<\/strong>, muntador i dissenyador de so de pel\u00b7l\u00edcules com <em>Apocalypse now<\/em> o <em>El padr\u00ed<\/em>.<\/p>\n\n\n\n<div class=\"wp-block-image\"><figure class=\"aligncenter size-full\"><img decoding=\"async\" width=\"960\" height=\"720\" src=\"https:\/\/lescincllunes.apuntmedia.es\/wp-content\/uploads\/2021\/03\/Leti_Argudo_2.jpg\" alt=\"The Last Monkey\" class=\"wp-image-1423\" srcset=\"https:\/\/lescincllunes.apuntmedia.es\/wp-content\/uploads\/2021\/03\/Leti_Argudo_2.jpg 960w, https:\/\/lescincllunes.apuntmedia.es\/wp-content\/uploads\/2021\/03\/Leti_Argudo_2-300x225.jpg 300w, https:\/\/lescincllunes.apuntmedia.es\/wp-content\/uploads\/2021\/03\/Leti_Argudo_2-768x576.jpg 768w\" sizes=\"(max-width: 960px) 100vw, 960px\" \/><\/figure><\/div>\n\n\n\n<p>Ens passegem amb \u201cL\u2019estetoscopi\u201d en companyia de <strong>Leticia Argudo<\/strong>, cap de so de <strong>The Last Monkey<\/strong>, especialistes en so directe i postproducci\u00f3 per a cinema i creacions audiovisuals. Mentre ens conta les seues aventures, fem un pas m\u00e9s per tal de trencar el sostre de vidre.<\/p>\n\n\n\n<div class=\"wp-block-image\"><figure class=\"aligncenter size-full\"><img loading=\"lazy\" decoding=\"async\" width=\"960\" height=\"720\" src=\"https:\/\/lescincllunes.apuntmedia.es\/wp-content\/uploads\/2021\/03\/56314721_2299377293447178_3025246049859010560_n.jpeg\" alt=\"Let\u00edcia Argudo\" class=\"wp-image-1453\" srcset=\"https:\/\/lescincllunes.apuntmedia.es\/wp-content\/uploads\/2021\/03\/56314721_2299377293447178_3025246049859010560_n.jpeg 960w, https:\/\/lescincllunes.apuntmedia.es\/wp-content\/uploads\/2021\/03\/56314721_2299377293447178_3025246049859010560_n-300x225.jpeg 300w, https:\/\/lescincllunes.apuntmedia.es\/wp-content\/uploads\/2021\/03\/56314721_2299377293447178_3025246049859010560_n-768x576.jpeg 768w\" sizes=\"(max-width: 960px) 100vw, 960px\" \/><\/figure><\/div>\n\n\n\n<p>En l\u2019etapa de postproducci\u00f3 i muntatge, <strong>Leticia<\/strong> s\u2019encarrega de les edicions dels di\u00e0legs, de la realitzaci\u00f3 de transicions i de procurar una continu\u00eftat sonora en les narratives. El seu company d\u2019aventures, <strong>Jorge Flor<\/strong>, realitza ambientacions, edicions, mescles, masteritzacions. Tot un binomi creatiu que els ha portat a viure experi\u00e8ncies a Eti\u00f2pia, el Salvador, Ven\u00e8cia, els Estats Units i clar, arreu de tota la pen\u00ednsula Ib\u00e8rica.<\/p>\n\n\n\n<p>Veiem el tr\u00e0iler de la pel\u00b7l\u00edcula <em>The Mystery of the Pink Flamingo<\/em>, produ\u00efda pels <strong>germans Polo<\/strong> i <strong>Japonica Films<\/strong>, en la qual <strong>Let\u00edcia<\/strong> es va encarregar del so. Rodada als Estats Units, convida a fer un viatge d\u2019autodescobriment creatiu a partir de la vida, precisament, d\u2019un enginyer de so.<\/p>\n\n\n\n<figure class=\"wp-block-embed aligncenter is-type-video is-provider-youtube wp-block-embed-youtube wp-embed-aspect-16-9 wp-has-aspect-ratio\"><div class=\"wp-block-embed__wrapper\">\n<iframe title=\"Trailer de The Mystery of the Pink Flamingo subtitulado en espa\u00f1ol (HD)\" width=\"750\" height=\"422\" src=\"https:\/\/www.youtube.com\/embed\/5WD3ba0ymbE?feature=oembed\" frameborder=\"0\" allow=\"accelerometer; autoplay; clipboard-write; encrypted-media; gyroscope; picture-in-picture\" allowfullscreen><\/iframe>\n<\/div><\/figure>\n\n\n\n<p>Precisament per aquesta pel\u00b7l\u00edcula, <strong>Let\u00edcia<\/strong> va rebre el premi al millor so de la <strong>tercera edici\u00f3 dels Premis de l\u2019Audiovisual Valenci\u00e0<\/strong>. Aquest \u00e9s el moment en qu\u00e8 recollia el guard\u00f3 i reivindicava el treball de les dones professionals del seu sector.<\/p>\n\n\n\n<iframe src=\"https:\/\/www.facebook.com\/plugins\/video.php?height=320&amp;href=https%3A%2F%2Fwww.facebook.com%2FAPSAsonido%2Fvideos%2F192167509169644%2F&amp;show_text=false&amp;width=700\" width=\"700\" height=\"320\" style=\"border:none;overflow:hidden\" scrolling=\"no\" frameborder=\"0\" allowfullscreen=\"true\" allow=\"autoplay; clipboard-write; encrypted-media; picture-in-picture; web-share\"><\/iframe>\n\n\n\n<p><\/p>\n\n\n\n<p>Podeu veure alguns dels <a href=\"http:\/\/tlm-thelastmonkey.com\/proyectos\/\" target=\"_blank\" rel=\"noreferrer noopener\">projectes<\/a> en qu\u00e8 han participat <strong>Let\u00edcia Argudo<\/strong> i <strong>The Last Monkey<\/strong> en el seu <a href=\"http:\/\/tlm-thelastmonkey.com\/\" target=\"_blank\" rel=\"noreferrer noopener\">web<\/a> i en el seu <a href=\"https:\/\/www.imdb.com\/name\/nm4098183\/\" target=\"_blank\" rel=\"noreferrer noopener\">perfil d\u2019IMDB<\/a>.<\/p>\n\n\n\n<p><\/p>\n\n\n\n<div class=\"wp-block-image\"><figure class=\"aligncenter size-full\"><img loading=\"lazy\" decoding=\"async\" width=\"1000\" height=\"151\" src=\"https:\/\/lescincllunes.apuntmedia.es\/wp-content\/uploads\/2021\/03\/BannerMUSICA.jpg\" alt=\"\" class=\"wp-image-45\" srcset=\"https:\/\/lescincllunes.apuntmedia.es\/wp-content\/uploads\/2021\/03\/BannerMUSICA.jpg 1000w, https:\/\/lescincllunes.apuntmedia.es\/wp-content\/uploads\/2021\/03\/BannerMUSICA-300x45.jpg 300w, https:\/\/lescincllunes.apuntmedia.es\/wp-content\/uploads\/2021\/03\/BannerMUSICA-768x116.jpg 768w\" sizes=\"(max-width: 1000px) 100vw, 1000px\" \/><\/figure><\/div>\n\n\n\n<h2 class=\"wp-block-heading\">Improvisacions<\/h2>\n\n\n\n<p>Improvisar, crear, inventar, compondre, imaginar, sentir, escoltar, parar atenci\u00f3\u2026 Deixar-se portar, fer m\u00fasica lliurement, sense estructures, sense partitures, buscant i explorant la veu pr\u00f2pia. Abordem la improvisaci\u00f3 musical des de la composici\u00f3, la interpretaci\u00f3 i l\u2019educaci\u00f3 amb <strong>Josep Llu\u00eds Galiana<\/strong>, <strong>Isabel Latorre<\/strong> i <strong>Adolf Murillo<\/strong>, que ens apropen al m\u00f3n de la creaci\u00f3 sonora m\u00e9s lliure.<\/p>\n\n\n\n<div class=\"wp-block-image\"><figure class=\"aligncenter size-full\"><img loading=\"lazy\" decoding=\"async\" width=\"1000\" height=\"500\" src=\"https:\/\/lescincllunes.apuntmedia.es\/wp-content\/uploads\/2021\/03\/impros.png\" alt=\"\" class=\"wp-image-2403\" srcset=\"https:\/\/lescincllunes.apuntmedia.es\/wp-content\/uploads\/2021\/03\/impros.png 1000w, https:\/\/lescincllunes.apuntmedia.es\/wp-content\/uploads\/2021\/03\/impros-300x150.png 300w, https:\/\/lescincllunes.apuntmedia.es\/wp-content\/uploads\/2021\/03\/impros-768x384.png 768w\" sizes=\"(max-width: 1000px) 100vw, 1000px\" \/><\/figure><\/div>\n\n\n\n<p><strong>Isabel Latorre<\/strong> \u00e9s compositora i int\u00e8rpret, abastant molts camps: escriu m\u00fasica per a mitjans audiovisuals, arts esc\u00e8niques i concerts, i tamb\u00e9 es fica en el m\u00f3n de la improvisaci\u00f3 musical.<\/p>\n\n\n\n<div style=\"max-width: 960px;\"><video-js data-account=\"6057955885001\" data-player=\"kxOJQ6zBrc\" data-embed=\"default\" controls=\"\" data-video-id=\"1693759750118697229\" data-playlist-id=\"\" data-application-id=\"\" class=\"vjs-fluid\"><\/video-js><\/div>\n\n\n\n<p><\/p>\n\n\n\n<p>El saxofonista <strong>Josep Llu\u00eds Galiana<\/strong> proposa un viatge musical a partir de l\u2019exploraci\u00f3 de nous territoris sonors i emocionals en els seus concerts. Ens fa una mostra.<\/p>\n\n\n\n<div style=\"max-width: 960px;\"><video-js data-account=\"6057955885001\" data-player=\"kxOJQ6zBrc\" data-embed=\"default\" controls=\"\" data-video-id=\"1693759748724219470\" data-playlist-id=\"\" data-application-id=\"\" class=\"vjs-fluid\"><\/video-js><\/div>\n\n\n\n<p><\/p>\n\n\n\n<p>Per primera vegada, <strong>Isabel Latorre<\/strong> i <strong>Josep Llu\u00eds Galiana<\/strong> improvisen junts, i ho fan a l\u2019estudi de <em>Les cinc llunes<\/em>. Saxo i acordi\u00f3 exploren alhora territoris desconeguts.<\/p>\n\n\n\n<div style=\"max-width: 960px;\"><video-js data-account=\"6057955885001\" data-player=\"kxOJQ6zBrc\" data-embed=\"default\" controls=\"\" data-video-id=\"1693759747374661034\" data-playlist-id=\"\" data-application-id=\"\" class=\"vjs-fluid\"><\/video-js><\/div>\n\n\n\n<p><\/p>\n\n\n\n<p>Ens aproximem a altres projectes col\u00b7laboratius com <em>Bregues de Moixos<\/em> o <em>Tra\u00e7sonology<\/em>. Aquest \u00faltim treball, el qual inclou nou composicions a partir d\u2019una partitura gr\u00e0fica d\u2019<strong>Adolf Murillo<\/strong>, ha sigut reconegut entre els deu millors treballs de m\u00fasica cl\u00e0ssica publicats durant el 2020 pels Premis Enderrock.<\/p>\n\n\n\n<div class=\"wp-block-image\"><figure class=\"aligncenter size-full\"><img loading=\"lazy\" decoding=\"async\" width=\"1000\" height=\"350\" src=\"https:\/\/lescincllunes.apuntmedia.es\/wp-content\/uploads\/2021\/03\/Trac\u0327sonology_portada-1210x423-1.jpeg\" alt=\"\" class=\"wp-image-2038\" srcset=\"https:\/\/lescincllunes.apuntmedia.es\/wp-content\/uploads\/2021\/03\/Trac\u0327sonology_portada-1210x423-1.jpeg 1000w, https:\/\/lescincllunes.apuntmedia.es\/wp-content\/uploads\/2021\/03\/Trac\u0327sonology_portada-1210x423-1-300x105.jpeg 300w, https:\/\/lescincllunes.apuntmedia.es\/wp-content\/uploads\/2021\/03\/Trac\u0327sonology_portada-1210x423-1-768x269.jpeg 768w\" sizes=\"(max-width: 1000px) 100vw, 1000px\" \/><\/figure><\/div>\n\n\n\n<iframe src=\"https:\/\/open.spotify.com\/embed\/album\/07JAwWHqHNPHuL9vbe1bEt\" width=\"700\" height=\"400\" frameborder=\"0\" allowtransparency=\"true\" allow=\"encrypted-media\"><\/iframe>\n\n\n\n<p><\/p>\n\n\n\n<p>El professor de la Universitat de Val\u00e8ncia <strong>Adolf Murillo<\/strong> presenta el llibre <em>Escuelas creadoras. Escuelas del cambio<\/em>. <em>El arte como herramienta de transformaci\u00f3n<\/em>.<\/p>\n\n\n\n<figure class=\"wp-block-audio\"><audio controls src=\"https:\/\/lescincllunes.apuntmedia.es\/wp-content\/uploads\/2021\/03\/TALL-Llibre-Escuelas-Creadoras.mp3\"><\/audio><\/figure>\n\n\n\n<div class=\"wp-block-image\"><figure class=\"aligncenter size-full\"><img loading=\"lazy\" decoding=\"async\" width=\"1018\" height=\"698\" src=\"https:\/\/lescincllunes.apuntmedia.es\/wp-content\/uploads\/2021\/03\/EcuelasCreadoras.jpg\" alt=\"\" class=\"wp-image-2232\" srcset=\"https:\/\/lescincllunes.apuntmedia.es\/wp-content\/uploads\/2021\/03\/EcuelasCreadoras.jpg 1018w, https:\/\/lescincllunes.apuntmedia.es\/wp-content\/uploads\/2021\/03\/EcuelasCreadoras-300x206.jpg 300w, https:\/\/lescincllunes.apuntmedia.es\/wp-content\/uploads\/2021\/03\/EcuelasCreadoras-768x527.jpg 768w\" sizes=\"(max-width: 1018px) 100vw, 1018px\" \/><\/figure><\/div>\n\n\n\n<p>A <em>Les cinc llunes<\/em> tastem<em> La paella s\u00f2nica,<\/em> una creaci\u00f3 multidisciplin\u00e0ria d\u2019<strong>Adolf Murillo<\/strong> entorn del ritual de la paella, que va m\u00e9s enll\u00e0 de cuinar-la i que compta amb les reflexions de <strong>Josep Piera<\/strong>, autor d\u2019<em>El llibre daurat. La hist\u00f2ria de la paella com no s\u2019ha contat mai.<\/em><\/p>\n\n\n\n<div style=\"max-width: 960px;\"><video-js data-account=\"6057955885001\" data-player=\"kxOJQ6zBrc\" data-embed=\"default\" controls=\"\" data-video-id=\"1697824167028531297\" data-playlist-id=\"\" data-application-id=\"\" class=\"vjs-fluid\"><\/video-js><\/div>\n\n\n\n<p><\/p>\n\n\n\n<p>La paella, plat valenci\u00e0 per excel\u00b7l\u00e8ncia, es converteix en un suggeridor camp d&#8217;exploraci\u00f3 s\u00f2nica. El set de percussi\u00f3 \u00e9s converteix en una aut\u00e8ntica cu\u00efna per tal de seguir el proc\u00e9s d&#8217;execuci\u00f3 d&#8217;una paella, arrodonit amb el di\u00e0leg de les flautes de <strong>Rosa Soler<\/strong>, els saxos de <strong>Josep Llu\u00eds Galiana<\/strong>, la percussi\u00f3 de <strong>Joan Soriano<\/strong>, els visuals de <strong>Pere Vicalet<\/strong> i l&#8217;electr\u00f2nica d&#8217;<strong>Adolf Murillo<\/strong>. Veiem el proc\u00e9s de representaci\u00f3 de la partitura gr\u00e0fica de <em>La paella s\u00f2nica<\/em>.<\/p>\n\n\n\n<figure class=\"wp-block-embed aligncenter is-type-video is-provider-youtube wp-block-embed-youtube wp-embed-aspect-16-9 wp-has-aspect-ratio\"><div class=\"wp-block-embed__wrapper\">\n<iframe title=\"Grafic Score La Paella S\u00f2nica Timelapse - Adolf Murillo\" width=\"750\" height=\"422\" src=\"https:\/\/www.youtube.com\/embed\/UR1OoO07ehw?feature=oembed\" frameborder=\"0\" allow=\"accelerometer; autoplay; clipboard-write; encrypted-media; gyroscope; picture-in-picture\" allowfullscreen><\/iframe>\n<\/div><\/figure>\n\n\n\n<p><\/p>\n\n\n\n<p>Podeu seguir investigant el camp de la improvisaci\u00f3 musical i l&#8217;exploraci\u00f3 sonora als llocs web <a href=\"http:\/\/www.isabel-latorre.es\" target=\"_blank\" rel=\"noreferrer noopener\">d&#8217;Isabel Latorre<\/a>, <a href=\"http:\/\/joseplluisgaliana.com\" target=\"_blank\" rel=\"noreferrer noopener\">Josep Llu\u00eds Galiana<\/a> i <a href=\"http:\/\/adolfmurilloiribes.wixsite.com\/adolfmurillo\" target=\"_blank\" rel=\"noreferrer noopener\">Adolf Murillo<\/a>. Tamb\u00e9 podeu visitar la p\u00e0gina de <a href=\"http:\/\/liquenrecords.bandcamp.com\" target=\"_blank\" rel=\"noreferrer noopener\">Liquen Records<\/a> o la del <a href=\"https:\/\/adlabalda.wordpress.com\/\" target=\"_blank\" rel=\"noreferrer noopener\">Laboratori per a la Investigaci\u00f3 de Processos Creatius Contemporanis<\/a>. Tamb\u00e9 podeu veure el <a href=\"https:\/\/www.youtube.com\/watch?v=bKInB16gHes&amp;t=1s\" target=\"_blank\" rel=\"noreferrer noopener\">documental<\/a> complet de <em>La paella s\u00f2nica<\/em>.<\/p>\n\n\n\n<p><\/p>\n\n\n\n<div class=\"wp-block-image\"><figure class=\"aligncenter size-full\"><img loading=\"lazy\" decoding=\"async\" width=\"1001\" height=\"101\" src=\"https:\/\/lescincllunes.apuntmedia.es\/wp-content\/uploads\/2021\/03\/arrels-02.jpg\" alt=\"\" class=\"wp-image-39\" srcset=\"https:\/\/lescincllunes.apuntmedia.es\/wp-content\/uploads\/2021\/03\/arrels-02.jpg 1001w, https:\/\/lescincllunes.apuntmedia.es\/wp-content\/uploads\/2021\/03\/arrels-02-300x30.jpg 300w, https:\/\/lescincllunes.apuntmedia.es\/wp-content\/uploads\/2021\/03\/arrels-02-768x77.jpg 768w\" sizes=\"(max-width: 1001px) 100vw, 1001px\" \/><\/figure><\/div>\n\n\n\n<p>El Pa\u00eds Valenci\u00e0 compta amb un riqu\u00edssim patrimoni en la seua m\u00fasica tradicional. En aquest primer episodi analitzem els diferents nivells de tractament de la tradici\u00f3: vig\u00e8ncia contempor\u00e0nia, restauraci\u00f3 folkl\u00f2rica i intervenci\u00f3 folk.<\/p>\n\n\n\n<p>El versador <strong>Josemi S\u00e1nchez<\/strong> i el <em>cantaor <\/em><strong>Josep Aparicio, <em>Apa<\/em><\/strong>, interpreten una riberenca a Algemes\u00ed (la Ribera Alta), 19 de maig de 2006.<\/p>\n\n\n\n<figure class=\"wp-block-embed aligncenter is-type-video is-provider-youtube wp-block-embed-youtube wp-embed-aspect-4-3 wp-has-aspect-ratio\"><div class=\"wp-block-embed__wrapper\">\n<iframe title=\"Cant d&#039;estil 6\" width=\"750\" height=\"563\" src=\"https:\/\/www.youtube.com\/embed\/HR05owwP9B8?feature=oembed\" frameborder=\"0\" allow=\"accelerometer; autoplay; clipboard-write; encrypted-media; gyroscope; picture-in-picture\" allowfullscreen><\/iframe>\n<\/div><\/figure>\n\n\n\n<p><\/p>\n\n\n\n<p><em>Process\u00f3 <\/em>d\u2019<strong>Al Tall<\/strong> amb <strong>Miquel Gil<\/strong>, <strong>Xavi Sarri\u00e0<\/strong> i <strong>Miquel Giron\u00e8s<\/strong> al concert de comiat del grup a l\u2019Auditori de Barcelona.<\/p>\n\n\n\n<figure class=\"wp-block-embed aligncenter is-type-video is-provider-youtube wp-block-embed-youtube wp-embed-aspect-16-9 wp-has-aspect-ratio\"><div class=\"wp-block-embed__wrapper\">\n<iframe title=\"Al Tall - Process\u00f3 (amb Miquel Gil, Xavi Sarri\u00e0 i Miquel Giron\u00e9s)\" width=\"750\" height=\"422\" src=\"https:\/\/www.youtube.com\/embed\/w6KnaVAHO0Q?feature=oembed\" frameborder=\"0\" allow=\"accelerometer; autoplay; clipboard-write; encrypted-media; gyroscope; picture-in-picture\" allowfullscreen><\/iframe>\n<\/div><\/figure>\n\n\n\n<p><\/p>\n\n\n\n<div class=\"wp-block-image\"><figure class=\"aligncenter size-full\"><img loading=\"lazy\" decoding=\"async\" width=\"1000\" height=\"151\" src=\"https:\/\/lescincllunes.apuntmedia.es\/wp-content\/uploads\/2021\/03\/BannerTEATRE.jpg\" alt=\"\" class=\"wp-image-46\" srcset=\"https:\/\/lescincllunes.apuntmedia.es\/wp-content\/uploads\/2021\/03\/BannerTEATRE.jpg 1000w, https:\/\/lescincllunes.apuntmedia.es\/wp-content\/uploads\/2021\/03\/BannerTEATRE-300x45.jpg 300w, https:\/\/lescincllunes.apuntmedia.es\/wp-content\/uploads\/2021\/03\/BannerTEATRE-768x116.jpg 768w\" sizes=\"(max-width: 1000px) 100vw, 1000px\" \/><\/figure><\/div>\n\n\n\n<p>L\u2019actriu i dramaturga <strong>Lara Salvador<\/strong>, juntament amb son pare, el m\u00fasic percussionista <strong>Jes\u00fas Salvador, <em>Chap<\/em>i<\/strong>, presenten a la SGAE de Val\u00e8ncia en febrer de 2021 l\u2019obra, <em>Qu\u00e9 sabe nadie<\/em>, premiada en Russafa Esc\u00e8nica 2020.<\/p>\n\n\n\n<p><\/p>\n\n\n\n<div style=\"max-width: 960px;\"><video-js data-account=\"6057955885001\" data-player=\"kxOJQ6zBrc\" data-embed=\"default\" controls=\"\" data-video-id=\"1694299556343182299\" data-playlist-id=\"\" data-application-id=\"\" class=\"vjs-fluid\"><\/video-js><\/div><script src=\"https:\/\/players.brightcove.net\/6057955885001\/kxOJQ6zBrc_default\/index.min.js\"><\/script>\n\n\n\n<p><\/p>\n\n\n\n<p class=\"has-text-align-right\"><strong>Redacci\u00f3<\/strong>  Cristina Qu\u00edlez, Saray Puchades i Guillem Nicol\u00e0s<br><strong>Producci\u00f3<\/strong>  Estela Mart\u00ednez<br><strong>Assessorament ling\u00fc\u00edstic<\/strong>  Gl\u00f2ria Banyuls<br><strong>Edici\u00f3<\/strong>  Francesc Bosch<br><strong>Realitzaci\u00f3<em>  <\/em><\/strong>Arnau M\u00faria<br><strong>Disseny sonor<\/strong>  Tere N\u00fa\u00f1ez<br><strong>Direcci\u00f3<\/strong>  Am\u00e0lia Garrig\u00f3s<\/p>\n\n\n\n<p class=\"has-text-align-right\"><strong>Continguts multim\u00e8dia<\/strong>  Borja Pons<\/p>\n\n\n\n<p><\/p>\n\n\n\n<div class=\"wp-block-image\"><figure class=\"aligncenter size-full\"><img loading=\"lazy\" decoding=\"async\" width=\"1001\" height=\"179\" src=\"https:\/\/lescincllunes.apuntmedia.es\/wp-content\/uploads\/2021\/03\/LOGOS_Mesa-de-trabajo-1-3.png\" alt=\"\" class=\"wp-image-643\" srcset=\"https:\/\/lescincllunes.apuntmedia.es\/wp-content\/uploads\/2021\/03\/LOGOS_Mesa-de-trabajo-1-3.png 1001w, https:\/\/lescincllunes.apuntmedia.es\/wp-content\/uploads\/2021\/03\/LOGOS_Mesa-de-trabajo-1-3-300x54.png 300w, https:\/\/lescincllunes.apuntmedia.es\/wp-content\/uploads\/2021\/03\/LOGOS_Mesa-de-trabajo-1-3-768x137.png 768w\" sizes=\"(max-width: 1001px) 100vw, 1001px\" \/><\/figure><\/div>\n","protected":false},"excerpt":{"rendered":"<div style=\"max-width: 960px;\"><video-js data-account=\"6057955885001\" data-player=\"kxOJQ6zBrc\" data-embed=\"default\" controls=\"\" data-video-id=\"1693297953286855981\" data-playlist-id=\"\" data-application-id=\"\" class=\"vjs-fluid\"><\/video-js><\/div>\n<p><script src=\"https:\/\/players.brightcove.net\/6057955885001\/kxOJQ6zBrc_default\/index.min.js\"><\/script><\/p>\n","protected":false},"author":1,"featured_media":0,"comment_status":"closed","ping_status":"closed","sticky":false,"template":"","format":"standard","meta":{"footnotes":""},"categories":[4],"tags":[],"class_list":["post-225","post","type-post","status-publish","format-standard","hentry","category-programes-complets"],"yoast_head":"<!-- This site is optimized with the Yoast SEO plugin v15.9 - https:\/\/yoast.com\/wordpress\/plugins\/seo\/ -->\n<title>Cap\u00edtol 15 - Improvisacions - Les cinc llunes<\/title>\n<meta name=\"robots\" content=\"index, follow, max-snippet:-1, max-image-preview:large, max-video-preview:-1\" \/>\n<link rel=\"canonical\" href=\"https:\/\/lescincllunes.apuntmedia.es\/index.php\/2021\/08\/25\/capitol-15-improvisacions\/\" \/>\n<meta property=\"og:locale\" content=\"ca_ES\" \/>\n<meta property=\"og:type\" content=\"article\" \/>\n<meta property=\"og:title\" content=\"Cap\u00edtol 15 - Improvisacions - Les cinc llunes\" \/>\n<meta property=\"og:url\" content=\"https:\/\/lescincllunes.apuntmedia.es\/index.php\/2021\/08\/25\/capitol-15-improvisacions\/\" \/>\n<meta property=\"og:site_name\" content=\"Les cinc llunes\" \/>\n<meta property=\"article:publisher\" content=\"https:\/\/www.facebook.com\/lescincllunes\" \/>\n<meta property=\"article:published_time\" content=\"2021-08-25T19:00:00+00:00\" \/>\n<meta property=\"article:modified_time\" content=\"2021-08-25T19:07:01+00:00\" \/>\n<meta property=\"og:image\" content=\"https:\/\/lescincllunes.apuntmedia.es\/wp-content\/uploads\/2021\/03\/COLORS_Separadors-21.jpg\" \/>\n<meta name=\"twitter:card\" content=\"summary_large_image\" \/>\n<meta name=\"twitter:creator\" content=\"@lescincllunes\" \/>\n<meta name=\"twitter:site\" content=\"@lescincllunes\" \/>\n<meta name=\"twitter:label1\" content=\"Temps estimat de lectura\">\n\t<meta name=\"twitter:data1\" content=\"6 minuts\">\n<script type=\"application\/ld+json\" class=\"yoast-schema-graph\">{\"@context\":\"https:\/\/schema.org\",\"@graph\":[{\"@type\":\"WebSite\",\"@id\":\"https:\/\/lescincllunes.apuntmedia.es\/#website\",\"url\":\"https:\/\/lescincllunes.apuntmedia.es\/\",\"name\":\"Les cinc llunes\",\"description\":\"Un podcast de cultura radial\",\"potentialAction\":[{\"@type\":\"SearchAction\",\"target\":\"https:\/\/lescincllunes.apuntmedia.es\/?s={search_term_string}\",\"query-input\":\"required name=search_term_string\"}],\"inLanguage\":\"ca\"},{\"@type\":\"ImageObject\",\"@id\":\"https:\/\/lescincllunes.apuntmedia.es\/index.php\/2021\/08\/25\/capitol-15-improvisacions\/#primaryimage\",\"inLanguage\":\"ca\",\"url\":\"https:\/\/lescincllunes.apuntmedia.es\/wp-content\/uploads\/2021\/03\/COLORS_Separadors-21.jpg\",\"width\":1000,\"height\":151},{\"@type\":\"WebPage\",\"@id\":\"https:\/\/lescincllunes.apuntmedia.es\/index.php\/2021\/08\/25\/capitol-15-improvisacions\/#webpage\",\"url\":\"https:\/\/lescincllunes.apuntmedia.es\/index.php\/2021\/08\/25\/capitol-15-improvisacions\/\",\"name\":\"Cap\\u00edtol 15 - Improvisacions - Les cinc llunes\",\"isPartOf\":{\"@id\":\"https:\/\/lescincllunes.apuntmedia.es\/#website\"},\"primaryImageOfPage\":{\"@id\":\"https:\/\/lescincllunes.apuntmedia.es\/index.php\/2021\/08\/25\/capitol-15-improvisacions\/#primaryimage\"},\"datePublished\":\"2021-08-25T19:00:00+00:00\",\"dateModified\":\"2021-08-25T19:07:01+00:00\",\"author\":{\"@id\":\"https:\/\/lescincllunes.apuntmedia.es\/#\/schema\/person\/f8e959baa4607fac92352114336d23bd\"},\"breadcrumb\":{\"@id\":\"https:\/\/lescincllunes.apuntmedia.es\/index.php\/2021\/08\/25\/capitol-15-improvisacions\/#breadcrumb\"},\"inLanguage\":\"ca\",\"potentialAction\":[{\"@type\":\"ReadAction\",\"target\":[\"https:\/\/lescincllunes.apuntmedia.es\/index.php\/2021\/08\/25\/capitol-15-improvisacions\/\"]}]},{\"@type\":\"BreadcrumbList\",\"@id\":\"https:\/\/lescincllunes.apuntmedia.es\/index.php\/2021\/08\/25\/capitol-15-improvisacions\/#breadcrumb\",\"itemListElement\":[{\"@type\":\"ListItem\",\"position\":1,\"item\":{\"@type\":\"WebPage\",\"@id\":\"https:\/\/lescincllunes.apuntmedia.es\/\",\"url\":\"https:\/\/lescincllunes.apuntmedia.es\/\",\"name\":\"Inici\"}},{\"@type\":\"ListItem\",\"position\":2,\"item\":{\"@type\":\"WebPage\",\"@id\":\"https:\/\/lescincllunes.apuntmedia.es\/index.php\/2021\/08\/25\/capitol-15-improvisacions\/\",\"url\":\"https:\/\/lescincllunes.apuntmedia.es\/index.php\/2021\/08\/25\/capitol-15-improvisacions\/\",\"name\":\"Cap\\u00edtol 15 &#8211; Improvisacions\"}}]},{\"@type\":\"Person\",\"@id\":\"https:\/\/lescincllunes.apuntmedia.es\/#\/schema\/person\/f8e959baa4607fac92352114336d23bd\",\"name\":\"admin\",\"image\":{\"@type\":\"ImageObject\",\"@id\":\"https:\/\/lescincllunes.apuntmedia.es\/#personlogo\",\"inLanguage\":\"ca\",\"url\":\"https:\/\/secure.gravatar.com\/avatar\/dcd85d3d685af586f211eb122e24b51bd5be615b2e57181f1910a74104899533?s=96&d=mm&r=g\",\"caption\":\"admin\"},\"sameAs\":[\"https:\/\/lescincllunes.apuntmedia.es\"]}]}<\/script>\n<!-- \/ Yoast SEO plugin. -->","_links":{"self":[{"href":"https:\/\/lescincllunes.apuntmedia.es\/index.php\/wp-json\/wp\/v2\/posts\/225","targetHints":{"allow":["GET"]}}],"collection":[{"href":"https:\/\/lescincllunes.apuntmedia.es\/index.php\/wp-json\/wp\/v2\/posts"}],"about":[{"href":"https:\/\/lescincllunes.apuntmedia.es\/index.php\/wp-json\/wp\/v2\/types\/post"}],"author":[{"embeddable":true,"href":"https:\/\/lescincllunes.apuntmedia.es\/index.php\/wp-json\/wp\/v2\/users\/1"}],"replies":[{"embeddable":true,"href":"https:\/\/lescincllunes.apuntmedia.es\/index.php\/wp-json\/wp\/v2\/comments?post=225"}],"version-history":[{"count":68,"href":"https:\/\/lescincllunes.apuntmedia.es\/index.php\/wp-json\/wp\/v2\/posts\/225\/revisions"}],"predecessor-version":[{"id":2777,"href":"https:\/\/lescincllunes.apuntmedia.es\/index.php\/wp-json\/wp\/v2\/posts\/225\/revisions\/2777"}],"wp:attachment":[{"href":"https:\/\/lescincllunes.apuntmedia.es\/index.php\/wp-json\/wp\/v2\/media?parent=225"}],"wp:term":[{"taxonomy":"category","embeddable":true,"href":"https:\/\/lescincllunes.apuntmedia.es\/index.php\/wp-json\/wp\/v2\/categories?post=225"},{"taxonomy":"post_tag","embeddable":true,"href":"https:\/\/lescincllunes.apuntmedia.es\/index.php\/wp-json\/wp\/v2\/tags?post=225"}],"curies":[{"name":"wp","href":"https:\/\/api.w.org\/{rel}","templated":true}]}}