{"id":227,"date":"2021-08-27T21:00:00","date_gmt":"2021-08-27T19:00:00","guid":{"rendered":"https:\/\/lescincllunes.apuntmedia.es\/?p=227"},"modified":"2021-08-27T21:34:22","modified_gmt":"2021-08-27T19:34:22","slug":"capitol-17-el-fava-de-ramonet","status":"publish","type":"post","link":"https:\/\/lescincllunes.apuntmedia.es\/index.php\/2021\/08\/27\/capitol-17-el-fava-de-ramonet\/","title":{"rendered":"Cap\u00edtol 17 &#8211; El fava de Ramonet"},"content":{"rendered":"\n<div style=\"max-width: 960px;\"><video-js data-account=\"6057955885001\" data-player=\"kxOJQ6zBrc\" data-embed=\"default\" controls=\"\" data-video-id=\"1693297950592007995\" data-playlist-id=\"\" data-application-id=\"\" class=\"vjs-fluid\"><\/video-js><\/div>\n\n\n\n<p><\/p>\n\n\n\n<div class=\"wp-block-image\"><figure class=\"aligncenter size-full\"><img fetchpriority=\"high\" decoding=\"async\" width=\"1000\" height=\"151\" src=\"https:\/\/lescincllunes.apuntmedia.es\/wp-content\/uploads\/2021\/03\/BannerMUSICA.jpg\" alt=\"\" class=\"wp-image-45\" srcset=\"https:\/\/lescincllunes.apuntmedia.es\/wp-content\/uploads\/2021\/03\/BannerMUSICA.jpg 1000w, https:\/\/lescincllunes.apuntmedia.es\/wp-content\/uploads\/2021\/03\/BannerMUSICA-300x45.jpg 300w, https:\/\/lescincllunes.apuntmedia.es\/wp-content\/uploads\/2021\/03\/BannerMUSICA-768x116.jpg 768w\" sizes=\"(max-width: 1000px) 100vw, 1000px\" \/><\/figure><\/div>\n\n\n\n<div class=\"wp-block-image\"><figure class=\"aligncenter size-full\"><img decoding=\"async\" width=\"1001\" height=\"101\" src=\"https:\/\/lescincllunes.apuntmedia.es\/wp-content\/uploads\/2021\/03\/Pentagram.jpg\" alt=\"\" class=\"wp-image-127\" srcset=\"https:\/\/lescincllunes.apuntmedia.es\/wp-content\/uploads\/2021\/03\/Pentagram.jpg 1001w, https:\/\/lescincllunes.apuntmedia.es\/wp-content\/uploads\/2021\/03\/Pentagram-300x30.jpg 300w, https:\/\/lescincllunes.apuntmedia.es\/wp-content\/uploads\/2021\/03\/Pentagram-768x77.jpg 768w\" sizes=\"(max-width: 1001px) 100vw, 1001px\" \/><\/figure><\/div>\n\n\n\n<h2 class=\"wp-block-heading\"><strong>Cap\u00edtol <\/strong>3: <em>Grup dels Joves<\/em><\/h2>\n\n\n\n<p>En la secci\u00f3 \u201cEl pentagrama\u201d parem atenci\u00f3 al <strong>Grup dels Joves<\/strong>, un col\u00b7lectiu de compositors valencians dels anys trenta del segle XX integrat per <strong>Vicent Asencio<\/strong>, <strong>Vicent Garc\u00e9s<\/strong>, <strong>Ricard Olmos<\/strong>, <strong>Llu\u00eds S\u00e1nchez<\/strong> i <strong>Emili Vald\u00e9s<\/strong>.<\/p>\n\n\n\n<div class=\"wp-block-image\"><figure class=\"aligncenter size-full\"><img decoding=\"async\" width=\"1000\" height=\"588\" src=\"https:\/\/lescincllunes.apuntmedia.es\/wp-content\/uploads\/2021\/03\/Joves.jpg\" alt=\"\" class=\"wp-image-102\" srcset=\"https:\/\/lescincllunes.apuntmedia.es\/wp-content\/uploads\/2021\/03\/Joves.jpg 1000w, https:\/\/lescincllunes.apuntmedia.es\/wp-content\/uploads\/2021\/03\/Joves-300x176.jpg 300w, https:\/\/lescincllunes.apuntmedia.es\/wp-content\/uploads\/2021\/03\/Joves-768x452.jpg 768w\" sizes=\"(max-width: 1000px) 100vw, 1000px\" \/><\/figure><\/div>\n\n\n\n<p>En <em>Les cinc llunes<\/em> ens centrem en cadascun d\u2019aquests creadors que tenien moltes coses en com\u00fa, entre altres el mestratge de <strong>Manuel Palau<\/strong> i la voluntat de renovar la m\u00fasica del nostre pa\u00eds. Coneixem detalls de la seua producci\u00f3 i escoltem algunes de les seues peces.<\/p>\n\n\n\n<p>Escoltem <em>Prismas sinf\u00f3nicos<\/em>, una composici\u00f3 de <strong>Luis S\u00e1nchez Fern\u00e1ndez<\/strong> (1907-1957), interpretada per l\u2019Orquestra Simf\u00f2nica del Conservatori Superior de M\u00fasica de Val\u00e8ncia sota la batuta de <strong>Ram\u00f3n Ram\u00edrez Beneyto<\/strong>. El concert forma part de la commemoraci\u00f3 dels 80 anys de Val\u00e8ncia capital de la Rep\u00fablica: el Grup dels Joves al Palau de la M\u00fasica de Val\u00e8ncia, el 16 de novembre de 2017.<\/p>\n\n\n\n<figure class=\"wp-block-embed aligncenter is-type-video is-provider-youtube wp-block-embed-youtube wp-embed-aspect-16-9 wp-has-aspect-ratio\"><div class=\"wp-block-embed__wrapper\">\n<iframe title=\"Prismas sinf\u00f3nicos\" width=\"750\" height=\"422\" src=\"https:\/\/www.youtube.com\/embed\/TAXN4f1_KPw?feature=oembed\" frameborder=\"0\" allow=\"accelerometer; autoplay; clipboard-write; encrypted-media; gyroscope; picture-in-picture\" allowfullscreen><\/iframe>\n<\/div><\/figure>\n\n\n\n<p><\/p>\n\n\n\n<p>Veiem ara la interpretaci\u00f3 de <em>Marinada <\/em>(1949), un ballet simf\u00f2nic per a soprano i orquestra amb m\u00fasica de <strong>Vicent Garc\u00e9s Queralt<\/strong> (1906-1984) i text de <strong>Joan Fuster i Ortells<\/strong> (1922-1992) amb <strong>Miriam Silva<\/strong> (soprano), l\u2019Orquestra Simf\u00f2nica del Conservatori Superior de M\u00fasica de Val\u00e8ncia i la direcci\u00f3 de <strong>Ram\u00f3n Ram\u00edrez Beneyto<\/strong>. Concert 80 anys de Val\u00e8ncia capital de la Rep\u00fablica: el Grup dels Joves al Palau de la M\u00fasica de Val\u00e8ncia, el 16 de novembre de 2017.<\/p>\n\n\n\n<figure class=\"wp-block-embed aligncenter is-type-video is-provider-youtube wp-block-embed-youtube wp-embed-aspect-16-9 wp-has-aspect-ratio\"><div class=\"wp-block-embed__wrapper\">\n<iframe title=\"Marinada\" width=\"750\" height=\"422\" src=\"https:\/\/www.youtube.com\/embed\/_P2U9dgdkvs?feature=oembed\" frameborder=\"0\" allow=\"accelerometer; autoplay; clipboard-write; encrypted-media; gyroscope; picture-in-picture\" allowfullscreen><\/iframe>\n<\/div><\/figure>\n\n\n\n<p><\/p>\n\n\n\n<p>La Jove Banda Simf\u00f2nica de la Federaci\u00f3 de Societats Musicals de la Comunitat Valenciana interpreta el Temps III <em>Despedida <\/em>de l&#8217;obra <em>Tr\u00edptico <\/em>d&#8217;<strong>Emilio Vald\u00e9s Perlasia<\/strong> en el concert del programa \u201cM\u00fasica a la llum\u201d que va tindre lloc el 9 de desembre de 2018 al Teatre Serrano de Gandia. Dirigeix <strong>Sa\u00fcl G\u00f3mez Soler<\/strong>. El programa \u201cM\u00fasica a la llum\u201d, patrocinat per Bankia i organitzat per l\u2019Institut Valenci\u00e0 de Cultura i l\u2019FSMCV, sorgeix com a part del projecte \u201cBankia Escolta Val\u00e8ncia\u201d per a col\u00b7laborar amb les societats musicals a la conservaci\u00f3, posada en valor i difusi\u00f3 de l\u2019espl\u00e8ndid patrimoni cultural custodiat en els seus arxius.<\/p>\n\n\n\n<figure class=\"wp-block-embed aligncenter is-type-video is-provider-youtube wp-block-embed-youtube wp-embed-aspect-16-9 wp-has-aspect-ratio\"><div class=\"wp-block-embed__wrapper\">\n<iframe title=\"&quot;Tr\u00edptico&quot;. Temps III &quot;Despedida&quot; d&#039;Emilio Vald\u00e9s - JBS FSMCV - &quot;M\u00fasica a la llum&quot; 2018\" width=\"750\" height=\"422\" src=\"https:\/\/www.youtube.com\/embed\/Om0pyOx_SU0?feature=oembed\" frameborder=\"0\" allow=\"accelerometer; autoplay; clipboard-write; encrypted-media; gyroscope; picture-in-picture\" allowfullscreen><\/iframe>\n<\/div><\/figure>\n\n\n\n<p><\/p>\n\n\n\n<p><strong>Antonio Galera<\/strong> interpreta en directe al programa <em>Fandango de Canyamelar<\/em> de <strong>Vicent Asencio<\/strong>.<\/p>\n\n\n\n<p><\/p>\n\n\n\n<div class=\"wp-block-image\"><figure class=\"aligncenter size-full\"><img loading=\"lazy\" decoding=\"async\" width=\"1000\" height=\"151\" src=\"https:\/\/lescincllunes.apuntmedia.es\/wp-content\/uploads\/2021\/03\/COLORS_Separadors-21.jpg\" alt=\"\" class=\"wp-image-951\" srcset=\"https:\/\/lescincllunes.apuntmedia.es\/wp-content\/uploads\/2021\/03\/COLORS_Separadors-21.jpg 1000w, https:\/\/lescincllunes.apuntmedia.es\/wp-content\/uploads\/2021\/03\/COLORS_Separadors-21-300x45.jpg 300w, https:\/\/lescincllunes.apuntmedia.es\/wp-content\/uploads\/2021\/03\/COLORS_Separadors-21-768x116.jpg 768w\" sizes=\"(max-width: 1000px) 100vw, 1000px\" \/><\/figure><\/div>\n\n\n\n<div class=\"wp-block-image\"><figure class=\"aligncenter size-full\"><img loading=\"lazy\" decoding=\"async\" width=\"1001\" height=\"101\" src=\"https:\/\/lescincllunes.apuntmedia.es\/wp-content\/uploads\/2021\/03\/COLORS_Separadors-09.jpg\" alt=\"\" class=\"wp-image-984\" srcset=\"https:\/\/lescincllunes.apuntmedia.es\/wp-content\/uploads\/2021\/03\/COLORS_Separadors-09.jpg 1001w, https:\/\/lescincllunes.apuntmedia.es\/wp-content\/uploads\/2021\/03\/COLORS_Separadors-09-300x30.jpg 300w, https:\/\/lescincllunes.apuntmedia.es\/wp-content\/uploads\/2021\/03\/COLORS_Separadors-09-768x77.jpg 768w\" sizes=\"(max-width: 1001px) 100vw, 1001px\" \/><\/figure><\/div>\n\n\n\n<h2 class=\"wp-block-heading\"><strong>Cap\u00edtol 4: <em>Neu, gla\u00e7 i desgla\u00e7<\/em><\/strong><\/h2>\n\n\n\n<p>El nostre fonografista de cap\u00e7alera <strong>Edu Comelles<\/strong> ens porta de viatge al l\u00edmit entre Terol i Conca, on naix un riu peculiar, que ac\u00ed rep el nom del poble on ens trobem, <strong>Guadalaviar<\/strong>. Amb ell, farem un viatge de m\u00e9s de 150 km fins al mar. Tot seguint els paisatges sonors fluvials.<\/p>\n\n\n\n<div class=\"wp-block-image\"><figure class=\"aligncenter size-full\"><img loading=\"lazy\" decoding=\"async\" width=\"1000\" height=\"563\" src=\"https:\/\/lescincllunes.apuntmedia.es\/wp-content\/uploads\/2021\/03\/P1120821.jpeg\" alt=\"\" class=\"wp-image-2417\" srcset=\"https:\/\/lescincllunes.apuntmedia.es\/wp-content\/uploads\/2021\/03\/P1120821.jpeg 1000w, https:\/\/lescincllunes.apuntmedia.es\/wp-content\/uploads\/2021\/03\/P1120821-300x169.jpeg 300w, https:\/\/lescincllunes.apuntmedia.es\/wp-content\/uploads\/2021\/03\/P1120821-768x432.jpeg 768w\" sizes=\"(max-width: 1000px) 100vw, 1000px\" \/><\/figure><\/div>\n\n\n\n<p>La neu \u00e9s un fenomen meteorol\u00f2gic prou curi\u00f3s, si vos fixeu, \u00e9s pr\u00e0cticament silenci\u00f3s; quan es precipiten flocs de neu, amb prou faenes escoltem res, el mateix pes dels flocs no \u00e9s suficient per a generar cap so. \u00c9s possiblement la forma de precipitaci\u00f3 m\u00e9s silenciosa. I no nom\u00e9s ho \u00e9s quan es precipita, incl\u00fas una vegada ha deixat de nevar, per tot hi regna el silenci. Sembla com si s\u2019aturara el temps de colp. Com si la neu abaixara el volum del paisatge sonor per una estona.<\/p>\n\n\n\n<div class=\"wp-block-image\"><figure class=\"aligncenter size-full\"><img loading=\"lazy\" decoding=\"async\" width=\"1000\" height=\"563\" src=\"https:\/\/lescincllunes.apuntmedia.es\/wp-content\/uploads\/2021\/03\/P1120902.jpeg\" alt=\"\" class=\"wp-image-2419\" srcset=\"https:\/\/lescincllunes.apuntmedia.es\/wp-content\/uploads\/2021\/03\/P1120902.jpeg 1000w, https:\/\/lescincllunes.apuntmedia.es\/wp-content\/uploads\/2021\/03\/P1120902-300x169.jpeg 300w, https:\/\/lescincllunes.apuntmedia.es\/wp-content\/uploads\/2021\/03\/P1120902-768x432.jpeg 768w\" sizes=\"(max-width: 1000px) 100vw, 1000px\" \/><\/figure><\/div>\n\n\n\n<p>Seguidament podeu escoltar el <a href=\"http:\/\/www.educomelles.com\/2018\/01\/aqui-llega-el-invierno-work-in-progress.html\">disc \u00edntegre<\/a>, on es recullen gravacions de <strong>Guadalaviar <\/strong>al qual pertanyen part de les gravacions que escoltem en el programa.<\/p>\n\n\n\n<iframe style=\"border: 0; width: 100%; height: 120px;\" src=\"https:\/\/bandcamp.com\/EmbeddedPlayer\/album=3855343439\/size=large\/bgcol=ffffff\/linkcol=0687f5\/tracklist=false\/artwork=small\/transparent=true\/\" seamless=\"\"><a href=\"https:\/\/educomelles.bandcamp.com\/album\/aqu-llega-el-invierno\">Aqu\u00ed Llega El Invierno by edu comelles<\/a><\/iframe>\n\n\n\n<p><\/p>\n\n\n\n<p><\/p>\n\n\n\n<div class=\"wp-block-image\"><figure class=\"aligncenter size-full\"><img loading=\"lazy\" decoding=\"async\" width=\"1000\" height=\"151\" src=\"https:\/\/lescincllunes.apuntmedia.es\/wp-content\/uploads\/2021\/03\/BannerCINEMA.jpg\" alt=\"\" class=\"wp-image-42\" srcset=\"https:\/\/lescincllunes.apuntmedia.es\/wp-content\/uploads\/2021\/03\/BannerCINEMA.jpg 1000w, https:\/\/lescincllunes.apuntmedia.es\/wp-content\/uploads\/2021\/03\/BannerCINEMA-300x45.jpg 300w, https:\/\/lescincllunes.apuntmedia.es\/wp-content\/uploads\/2021\/03\/BannerCINEMA-768x116.jpg 768w\" sizes=\"(max-width: 1000px) 100vw, 1000px\" \/><\/figure><\/div>\n\n\n\n<div class=\"wp-block-image\"><figure class=\"aligncenter size-full\"><img loading=\"lazy\" decoding=\"async\" width=\"1001\" height=\"101\" src=\"https:\/\/lescincllunes.apuntmedia.es\/wp-content\/uploads\/2021\/03\/SonaLaFilmo-03.jpg\" alt=\"\" class=\"wp-image-148\" srcset=\"https:\/\/lescincllunes.apuntmedia.es\/wp-content\/uploads\/2021\/03\/SonaLaFilmo-03.jpg 1001w, https:\/\/lescincllunes.apuntmedia.es\/wp-content\/uploads\/2021\/03\/SonaLaFilmo-03-300x30.jpg 300w, https:\/\/lescincllunes.apuntmedia.es\/wp-content\/uploads\/2021\/03\/SonaLaFilmo-03-768x77.jpg 768w\" sizes=\"(max-width: 1001px) 100vw, 1001px\" \/><\/figure><\/div>\n\n\n\n<h2 class=\"wp-block-heading\"><strong><em>El fava de Ramonet<\/em><\/strong><\/h2>\n\n\n\n<p>En la lluna de cinema fem<strong> <\/strong>una sessi\u00f3 de cinema mut valenci\u00e0. <strong>Nacho Lahoz<\/strong>, responsable del Departament de Conservaci\u00f3 de la Filmoteca, ens relata com va n\u00e0ixer i evolucionar el cinema mut valenci\u00e0 fins a arribar al sonor, un viatge que ens porta fins a la primera pel\u00b7l\u00edcula sonora en valenci\u00e0 de l\u2019any 1933, <em>El fava de Ramonet<\/em>.<\/p>\n\n\n\n<p><strong>Arcadi Valiente<\/strong> \u00e9s el pianista que fa l\u2019acompanyament al piano durant les projeccions de cinema mut que organitza la Filmoteca. En la r\u00e0dio de <em>Les cinc llunes<\/em> hem volgut emular aquestes sessions.<\/p>\n\n\n\n<div style=\"max-width: 960px;\"><video-js data-account=\"6057955885001\" data-player=\"kxOJQ6zBrc\" data-embed=\"default\" controls=\"\" data-video-id=\"1693875633635855068\" data-playlist-id=\"\" data-application-id=\"\" class=\"vjs-fluid\"><\/video-js><\/div>\n\n\n\n<p><\/p>\n\n\n\n<p><strong><em>El fava de Ramonet<\/em><\/strong> \u00e9s un sainet de vora vint minuts de durada estrenat l\u2019any 1933. Es tracta de la primera pel\u00b7l\u00edcula sonora en valenci\u00e0, dirigida per <strong>Juan Andreu<\/strong>, la qual va tindre un gran \u00e8xit de p\u00fablic en ser estrenada.<\/p>\n\n\n\n<div class=\"wp-block-image\"><figure class=\"aligncenter size-full\"><img loading=\"lazy\" decoding=\"async\" width=\"1000\" height=\"913\" src=\"https:\/\/lescincllunes.apuntmedia.es\/wp-content\/uploads\/2021\/03\/FavaRamonet.jpeg\" alt=\"\" class=\"wp-image-1825\" srcset=\"https:\/\/lescincllunes.apuntmedia.es\/wp-content\/uploads\/2021\/03\/FavaRamonet.jpeg 1000w, https:\/\/lescincllunes.apuntmedia.es\/wp-content\/uploads\/2021\/03\/FavaRamonet-300x274.jpeg 300w, https:\/\/lescincllunes.apuntmedia.es\/wp-content\/uploads\/2021\/03\/FavaRamonet-768x701.jpeg 768w\" sizes=\"(max-width: 1000px) 100vw, 1000px\" \/><\/figure><\/div>\n\n\n\n<p>El fill de l&#8217;autor, <strong>Joan Andreu<\/strong>, explicava al programa <em>Dossiers<\/em> de RTVV alguns detalls de la gravaci\u00f3 d&#8217;aquella pel\u00b7l\u00edcula pionera. En el v\u00eddeo tamb\u00e9 podem veure la c\u00e0mera rudiment\u00e0ria amb qu\u00e8 es va gravar <em>El fava de Ramonet<\/em>.<\/p>\n\n\n\n<div style=\"max-width: 960px;\"><video-js data-account=\"6057955885001\" data-player=\"kxOJQ6zBrc\" data-embed=\"default\" controls=\"\" data-video-id=\"1693875640595312718\" data-playlist-id=\"\" data-application-id=\"\" class=\"vjs-fluid\"><\/video-js><\/div>\n\n\n\n<p><\/p>\n\n\n\n<p>Recuperem una escena de la pel\u00b7l\u00edcula de 1933, cedida per la Filmoteca valenciana, en la qual un turista itali\u00e0 pregunta pel significat de la paraula <em>fava<\/em>.<\/p>\n\n\n\n<div style=\"max-width: 960px;\"><video-js data-account=\"6057955885001\" data-player=\"kxOJQ6zBrc\" data-embed=\"default\" controls=\"\" data-video-id=\"1693875639273124827\" data-playlist-id=\"\" data-application-id=\"\" class=\"vjs-fluid\"><\/video-js><\/div>\n\n\n\n<p><\/p>\n\n\n\n<p>Ramonet es fava o s&#8217;ho fa? En el seg\u00fcent fragment del film escoltem una conversa del protagonista amb els personatges de <em>Chuano<\/em> i <em>Pepita la malaguenya<\/em>, en la qual fan servir un registre vulgar del valenci\u00e0 de l&#8217;\u00e8poca.<\/p>\n\n\n\n<div style=\"max-width: 960px;\"><video-js data-account=\"6057955885001\" data-player=\"kxOJQ6zBrc\" data-embed=\"default\" controls=\"\" data-video-id=\"1693875637962369579\" data-playlist-id=\"\" data-application-id=\"\" class=\"vjs-fluid\"><\/video-js><\/div>\n\n\n\n<p><\/p>\n\n\n\n<p><strong>Paco Fern\u00e1ndez <\/strong>i <strong>Julio Esp\u00ed<\/strong> s\u00f3n els noms dels actors masculins que destaquen al cartell. Completen el repartiment les actrius <strong>Carmen Casesnoves<\/strong>, <strong>Conxa Reyes<\/strong> i <strong>Amparo Gregori<\/strong>.<\/p>\n\n\n\n<div class=\"wp-block-image\"><figure class=\"aligncenter size-full\"><img loading=\"lazy\" decoding=\"async\" width=\"1000\" height=\"1471\" src=\"https:\/\/lescincllunes.apuntmedia.es\/wp-content\/uploads\/2021\/03\/Fava2.jpg\" alt=\"\" class=\"wp-image-1826\" srcset=\"https:\/\/lescincllunes.apuntmedia.es\/wp-content\/uploads\/2021\/03\/Fava2.jpg 1000w, https:\/\/lescincllunes.apuntmedia.es\/wp-content\/uploads\/2021\/03\/Fava2-204x300.jpg 204w, https:\/\/lescincllunes.apuntmedia.es\/wp-content\/uploads\/2021\/03\/Fava2-696x1024.jpg 696w, https:\/\/lescincllunes.apuntmedia.es\/wp-content\/uploads\/2021\/03\/Fava2-768x1130.jpg 768w\" sizes=\"(max-width: 1000px) 100vw, 1000px\" \/><\/figure><\/div>\n\n\n\n<p><strong>Nacho Lahoz<\/strong>, historiador del cine valenci\u00e0 i m\u00e0xim responsable de l\u2019\u00e0rea de conservaci\u00f3 de l\u2019Arxiu F\u00edlmic de l\u2019IVAC, l&#8217;Institut Valenci\u00e0 de l\u2019Audiovisual i la Cinematografia, ens explica els treballs de recuperaci\u00f3, conservaci\u00f3 i promoci\u00f3 del patrimoni audiovisual valenci\u00e0 que la Filmoteca duu a terme.<\/p>\n\n\n\n<div style=\"max-width: 960px;\"><video-js data-account=\"6057955885001\" data-player=\"kxOJQ6zBrc\" data-embed=\"default\" controls=\"\" data-video-id=\"1693875635147856625\" data-playlist-id=\"\" data-application-id=\"\" class=\"vjs-fluid\"><\/video-js><\/div><script src=\"https:\/\/players.brightcove.net\/6057955885001\/kxOJQ6zBrc_default\/index.min.js\"><\/script>\n\n\n\n<p><\/p>\n\n\n\n<p><\/p>\n\n\n\n<p class=\"has-text-align-right\"><strong>Redacci\u00f3<\/strong>  Cristina Qu\u00edlez, Saray Puchades i Guillem Nicol\u00e0s<br><strong>Producci\u00f3<\/strong>  Estela Mart\u00ednez<br><strong>Assessorament ling\u00fc\u00edstic<\/strong>  Gl\u00f2ria Banyuls<br><strong>Edici\u00f3<\/strong>  Francesc Bosch<br><strong>Realitzaci\u00f3<em>  <\/em><\/strong>Arnau M\u00faria<br><strong>Disseny sonor<\/strong>  Tere N\u00fa\u00f1ez<br><strong>Direcci\u00f3<\/strong>  Am\u00e0lia Garrig\u00f3s<\/p>\n\n\n\n<p class=\"has-text-align-right\"><strong>Continguts multim\u00e8dia<\/strong> Borja Pons<\/p>\n\n\n\n<p><\/p>\n\n\n\n<div class=\"wp-block-image\"><figure class=\"aligncenter size-full\"><img loading=\"lazy\" decoding=\"async\" width=\"1001\" height=\"179\" src=\"https:\/\/lescincllunes.apuntmedia.es\/wp-content\/uploads\/2021\/03\/LOGOS_Mesa-de-trabajo-1-3.png\" alt=\"\" class=\"wp-image-643\" srcset=\"https:\/\/lescincllunes.apuntmedia.es\/wp-content\/uploads\/2021\/03\/LOGOS_Mesa-de-trabajo-1-3.png 1001w, https:\/\/lescincllunes.apuntmedia.es\/wp-content\/uploads\/2021\/03\/LOGOS_Mesa-de-trabajo-1-3-300x54.png 300w, https:\/\/lescincllunes.apuntmedia.es\/wp-content\/uploads\/2021\/03\/LOGOS_Mesa-de-trabajo-1-3-768x137.png 768w\" sizes=\"(max-width: 1001px) 100vw, 1001px\" \/><\/figure><\/div>\n","protected":false},"excerpt":{"rendered":"<div style=\"max-width: 960px;\"><video-js data-account=\"6057955885001\" data-player=\"kxOJQ6zBrc\" data-embed=\"default\" controls=\"\" data-video-id=\"1693297950592007995\" data-playlist-id=\"\" data-application-id=\"\" class=\"vjs-fluid\"><\/video-js><\/div>\n<p><script src=\"https:\/\/players.brightcove.net\/6057955885001\/kxOJQ6zBrc_default\/index.min.js\"><\/script><\/p>\n","protected":false},"author":1,"featured_media":0,"comment_status":"closed","ping_status":"closed","sticky":false,"template":"","format":"standard","meta":{"footnotes":""},"categories":[4],"tags":[],"class_list":["post-227","post","type-post","status-publish","format-standard","hentry","category-programes-complets"],"yoast_head":"<!-- This site is optimized with the Yoast SEO plugin v15.9 - https:\/\/yoast.com\/wordpress\/plugins\/seo\/ -->\n<title>Cap\u00edtol 17 - El fava de Ramonet - Les cinc llunes<\/title>\n<meta name=\"robots\" content=\"index, follow, max-snippet:-1, max-image-preview:large, max-video-preview:-1\" \/>\n<link rel=\"canonical\" href=\"https:\/\/lescincllunes.apuntmedia.es\/index.php\/2021\/08\/27\/capitol-17-el-fava-de-ramonet\/\" \/>\n<meta property=\"og:locale\" content=\"ca_ES\" \/>\n<meta property=\"og:type\" content=\"article\" \/>\n<meta property=\"og:title\" content=\"Cap\u00edtol 17 - El fava de Ramonet - Les cinc llunes\" \/>\n<meta property=\"og:url\" content=\"https:\/\/lescincllunes.apuntmedia.es\/index.php\/2021\/08\/27\/capitol-17-el-fava-de-ramonet\/\" \/>\n<meta property=\"og:site_name\" content=\"Les cinc llunes\" \/>\n<meta property=\"article:publisher\" content=\"https:\/\/www.facebook.com\/lescincllunes\" \/>\n<meta property=\"article:published_time\" content=\"2021-08-27T19:00:00+00:00\" \/>\n<meta property=\"article:modified_time\" content=\"2021-08-27T19:34:22+00:00\" \/>\n<meta property=\"og:image\" content=\"https:\/\/lescincllunes.apuntmedia.es\/wp-content\/uploads\/2021\/03\/BannerMUSICA.jpg\" \/>\n<meta name=\"twitter:card\" content=\"summary_large_image\" \/>\n<meta name=\"twitter:creator\" content=\"@lescincllunes\" \/>\n<meta name=\"twitter:site\" content=\"@lescincllunes\" \/>\n<meta name=\"twitter:label1\" content=\"Temps estimat de lectura\">\n\t<meta name=\"twitter:data1\" content=\"7 minuts\">\n<script type=\"application\/ld+json\" class=\"yoast-schema-graph\">{\"@context\":\"https:\/\/schema.org\",\"@graph\":[{\"@type\":\"WebSite\",\"@id\":\"https:\/\/lescincllunes.apuntmedia.es\/#website\",\"url\":\"https:\/\/lescincllunes.apuntmedia.es\/\",\"name\":\"Les cinc llunes\",\"description\":\"Un podcast de cultura radial\",\"potentialAction\":[{\"@type\":\"SearchAction\",\"target\":\"https:\/\/lescincllunes.apuntmedia.es\/?s={search_term_string}\",\"query-input\":\"required name=search_term_string\"}],\"inLanguage\":\"ca\"},{\"@type\":\"ImageObject\",\"@id\":\"https:\/\/lescincllunes.apuntmedia.es\/index.php\/2021\/08\/27\/capitol-17-el-fava-de-ramonet\/#primaryimage\",\"inLanguage\":\"ca\",\"url\":\"https:\/\/lescincllunes.apuntmedia.es\/wp-content\/uploads\/2021\/03\/BannerMUSICA.jpg\",\"width\":1000,\"height\":151},{\"@type\":\"WebPage\",\"@id\":\"https:\/\/lescincllunes.apuntmedia.es\/index.php\/2021\/08\/27\/capitol-17-el-fava-de-ramonet\/#webpage\",\"url\":\"https:\/\/lescincllunes.apuntmedia.es\/index.php\/2021\/08\/27\/capitol-17-el-fava-de-ramonet\/\",\"name\":\"Cap\\u00edtol 17 - El fava de Ramonet - Les cinc llunes\",\"isPartOf\":{\"@id\":\"https:\/\/lescincllunes.apuntmedia.es\/#website\"},\"primaryImageOfPage\":{\"@id\":\"https:\/\/lescincllunes.apuntmedia.es\/index.php\/2021\/08\/27\/capitol-17-el-fava-de-ramonet\/#primaryimage\"},\"datePublished\":\"2021-08-27T19:00:00+00:00\",\"dateModified\":\"2021-08-27T19:34:22+00:00\",\"author\":{\"@id\":\"https:\/\/lescincllunes.apuntmedia.es\/#\/schema\/person\/f8e959baa4607fac92352114336d23bd\"},\"breadcrumb\":{\"@id\":\"https:\/\/lescincllunes.apuntmedia.es\/index.php\/2021\/08\/27\/capitol-17-el-fava-de-ramonet\/#breadcrumb\"},\"inLanguage\":\"ca\",\"potentialAction\":[{\"@type\":\"ReadAction\",\"target\":[\"https:\/\/lescincllunes.apuntmedia.es\/index.php\/2021\/08\/27\/capitol-17-el-fava-de-ramonet\/\"]}]},{\"@type\":\"BreadcrumbList\",\"@id\":\"https:\/\/lescincllunes.apuntmedia.es\/index.php\/2021\/08\/27\/capitol-17-el-fava-de-ramonet\/#breadcrumb\",\"itemListElement\":[{\"@type\":\"ListItem\",\"position\":1,\"item\":{\"@type\":\"WebPage\",\"@id\":\"https:\/\/lescincllunes.apuntmedia.es\/\",\"url\":\"https:\/\/lescincllunes.apuntmedia.es\/\",\"name\":\"Inici\"}},{\"@type\":\"ListItem\",\"position\":2,\"item\":{\"@type\":\"WebPage\",\"@id\":\"https:\/\/lescincllunes.apuntmedia.es\/index.php\/2021\/08\/27\/capitol-17-el-fava-de-ramonet\/\",\"url\":\"https:\/\/lescincllunes.apuntmedia.es\/index.php\/2021\/08\/27\/capitol-17-el-fava-de-ramonet\/\",\"name\":\"Cap\\u00edtol 17 &#8211; El fava de Ramonet\"}}]},{\"@type\":\"Person\",\"@id\":\"https:\/\/lescincllunes.apuntmedia.es\/#\/schema\/person\/f8e959baa4607fac92352114336d23bd\",\"name\":\"admin\",\"image\":{\"@type\":\"ImageObject\",\"@id\":\"https:\/\/lescincllunes.apuntmedia.es\/#personlogo\",\"inLanguage\":\"ca\",\"url\":\"https:\/\/secure.gravatar.com\/avatar\/dcd85d3d685af586f211eb122e24b51bd5be615b2e57181f1910a74104899533?s=96&d=mm&r=g\",\"caption\":\"admin\"},\"sameAs\":[\"https:\/\/lescincllunes.apuntmedia.es\"]}]}<\/script>\n<!-- \/ Yoast SEO plugin. -->","_links":{"self":[{"href":"https:\/\/lescincllunes.apuntmedia.es\/index.php\/wp-json\/wp\/v2\/posts\/227","targetHints":{"allow":["GET"]}}],"collection":[{"href":"https:\/\/lescincllunes.apuntmedia.es\/index.php\/wp-json\/wp\/v2\/posts"}],"about":[{"href":"https:\/\/lescincllunes.apuntmedia.es\/index.php\/wp-json\/wp\/v2\/types\/post"}],"author":[{"embeddable":true,"href":"https:\/\/lescincllunes.apuntmedia.es\/index.php\/wp-json\/wp\/v2\/users\/1"}],"replies":[{"embeddable":true,"href":"https:\/\/lescincllunes.apuntmedia.es\/index.php\/wp-json\/wp\/v2\/comments?post=227"}],"version-history":[{"count":47,"href":"https:\/\/lescincllunes.apuntmedia.es\/index.php\/wp-json\/wp\/v2\/posts\/227\/revisions"}],"predecessor-version":[{"id":2752,"href":"https:\/\/lescincllunes.apuntmedia.es\/index.php\/wp-json\/wp\/v2\/posts\/227\/revisions\/2752"}],"wp:attachment":[{"href":"https:\/\/lescincllunes.apuntmedia.es\/index.php\/wp-json\/wp\/v2\/media?parent=227"}],"wp:term":[{"taxonomy":"category","embeddable":true,"href":"https:\/\/lescincllunes.apuntmedia.es\/index.php\/wp-json\/wp\/v2\/categories?post=227"},{"taxonomy":"post_tag","embeddable":true,"href":"https:\/\/lescincllunes.apuntmedia.es\/index.php\/wp-json\/wp\/v2\/tags?post=227"}],"curies":[{"name":"wp","href":"https:\/\/api.w.org\/{rel}","templated":true}]}}