{"id":229,"date":"2021-08-31T23:00:05","date_gmt":"2021-08-31T21:00:05","guid":{"rendered":"https:\/\/lescincllunes.apuntmedia.es\/?p=229"},"modified":"2021-09-01T01:45:02","modified_gmt":"2021-08-31T23:45:02","slug":"capitol-19-a-la-lluna-de-valencia","status":"publish","type":"post","link":"https:\/\/lescincllunes.apuntmedia.es\/index.php\/2021\/08\/31\/capitol-19-a-la-lluna-de-valencia\/","title":{"rendered":"Cap\u00edtol 19 &#8211; A la lluna de Val\u00e8ncia"},"content":{"rendered":"\n<div style=\"max-width: 960px;\"><video-js data-account=\"6057955885001\" data-player=\"kxOJQ6zBrc\" data-embed=\"default\" controls=\"\" data-video-id=\"1693297947841521923\" data-playlist-id=\"\" data-application-id=\"\" class=\"vjs-fluid\"><\/video-js><\/div>\n\n\n\n<p><\/p>\n\n\n\n<div class=\"wp-block-image\"><figure class=\"aligncenter size-full\"><img fetchpriority=\"high\" decoding=\"async\" width=\"1000\" height=\"151\" src=\"https:\/\/lescincllunes.apuntmedia.es\/wp-content\/uploads\/2021\/03\/BannerTEATRE.jpg\" alt=\"\" class=\"wp-image-46\" srcset=\"https:\/\/lescincllunes.apuntmedia.es\/wp-content\/uploads\/2021\/03\/BannerTEATRE.jpg 1000w, https:\/\/lescincllunes.apuntmedia.es\/wp-content\/uploads\/2021\/03\/BannerTEATRE-300x45.jpg 300w, https:\/\/lescincllunes.apuntmedia.es\/wp-content\/uploads\/2021\/03\/BannerTEATRE-768x116.jpg 768w\" sizes=\"(max-width: 1000px) 100vw, 1000px\" \/><\/figure><\/div>\n\n\n\n<h2 class=\"wp-block-heading\"><em>Teatre al carrer<\/em><\/h2>\n\n\n\n<p>L\u2019experi\u00e8ncia art\u00edstica \u00e9s b\u00e0sicament un proc\u00e9s de comunicaci\u00f3. Un instant prec\u00eds del qual participen dos actors principals: el creador, que busca compartir el que t\u00e9 a dins, i l\u2019espectador, que rep els missatges a trav\u00e9s de m\u00faltiples canals, sentits i experi\u00e8ncies d\u2019all\u00f2 m\u00e9s diverses. En tots els casos, l\u2019ess\u00e8ncia \u00e9s sempre la mateixa, per\u00f2 les formes, el medi i l\u2019entorn, poden arribar a marcar la difer\u00e8ncia. Aix\u00f2 \u00e9s el que fa del teatre al carrer un art tan especial, una disciplina que busca traure els espectacles de les parets del teatre i portar-los a l\u2019espai obert perqu\u00e8 tothom puga gaudir d\u2019ells. Un exemple, l\u2019espectacle <em>Ambicions<\/em> de <strong>Marta Sitj\u00e0<\/strong> en el Festival Internacional de Teatre de Carrer de 2016.<\/p>\n\n\n\n<div style=\"max-width: 960px;\"><video-js data-account=\"6057955885001\" data-player=\"kxOJQ6zBrc\" data-embed=\"default\" controls=\"\" data-video-id=\"1693875629850612769\" data-playlist-id=\"\" data-application-id=\"\" class=\"vjs-fluid\"><\/video-js><\/div>\n\n\n\n<p><\/p>\n\n\n\n<p>El teatre de carrer \u00e9s una disciplina art\u00edstica mutant que es manifesta en possibilitats infinites i que a casa nostra t\u00e9 el seu particular centre neur\u00e0lgic a Vila-real. A la ciutat resideixen la major part de companyies valencianes dedicades al teatre de carrer del moment. Amb poc m\u00e9s de 50.000 habitants, la ciutat de la Plana s\u2019ha convertit en la pla\u00e7a europea amb m\u00e9s artistes de carrer per metre quadrat, un fet els or\u00edgens del qual cal buscar als anys 80 i que ha anat creixent fins a hui. En aquest proc\u00e9s, el <strong>FITCarrer<\/strong> ha servit com a font d\u2019inspiraci\u00f3 i com un element que ha despertat en els ve\u00efns i ve\u00efnes una gran passi\u00f3 per les arts de carrer.<\/p>\n\n\n\n<iframe width=\"700\" height=\"400\" src=\"https:\/\/www.youtube.com\/embed\/LcOBoPWmseY?start=15&amp;end=100\" frameborder=\"0\" allow=\"accelerometer; autoplay; clipboard-write; encrypted-media; gyroscope; picture-in-picture\" allowfullscreen=\"\"><\/iframe>\n\n\n\n<p><\/p>\n\n\n\n<p>El Festival va n\u00e0ixer l\u2019any 1988 de la m\u00e0 de <strong>Xarxa Teatre<\/strong>, una companyia que va ser pionera en aquesta disciplina i que ha aconseguit convertir-se en un referent. Els seus espectacles s\u2019han representat en tot el m\u00f3n i davant de milers d\u2019espectadors, quasi quatres d\u00e8cades d\u2019hist\u00f2ria que han deixat han deixat moments inoblidables.<\/p>\n\n\n\n<div class=\"wp-block-image\"><figure class=\"aligncenter size-large\"><img decoding=\"async\" width=\"1000\" height=\"667\" src=\"https:\/\/lescincllunes.apuntmedia.es\/wp-content\/uploads\/2021\/03\/Veles-e-vents-FIA-San-Jose-Costa-Rica-3.jpeg\" alt=\"\" class=\"wp-image-2468\" srcset=\"https:\/\/lescincllunes.apuntmedia.es\/wp-content\/uploads\/2021\/03\/Veles-e-vents-FIA-San-Jose-Costa-Rica-3.jpeg 1000w, https:\/\/lescincllunes.apuntmedia.es\/wp-content\/uploads\/2021\/03\/Veles-e-vents-FIA-San-Jose-Costa-Rica-3-300x200.jpeg 300w, https:\/\/lescincllunes.apuntmedia.es\/wp-content\/uploads\/2021\/03\/Veles-e-vents-FIA-San-Jose-Costa-Rica-3-768x512.jpeg 768w\" sizes=\"(max-width: 1000px) 100vw, 1000px\" \/><\/figure><\/div>\n\n\n\n<style id=\"bwg-style-0\">    #bwg_container1_0 #bwg_container2_0 .bwg-container-0.bwg-standard-thumbnails {      width: 1254px;              justify-content: center;        margin:0 auto !important;              background-color: rgba(255, 255, 255, 0.00);            padding-left: 4px;      padding-top: 4px;      max-width: 100%;            }        #bwg_container1_0 #bwg_container2_0 .bwg-container-0.bwg-standard-thumbnails .bwg-item {      justify-content: flex-start;      max-width: 250px;          }    #bwg_container1_0 #bwg_container2_0 .bwg-container-0.bwg-standard-thumbnails .bwg-item > a {       margin-right: 4px;       margin-bottom: 4px;    }    #bwg_container1_0 #bwg_container2_0 .bwg-container-0.bwg-standard-thumbnails .bwg-item0 {      padding: 0px;            background-color:rgba(0,0,0, 0.30);      border: 0px none #CCCCCC;      opacity: 1.00;      border-radius: 0;      box-shadow: ;    }    #bwg_container1_0 #bwg_container2_0 .bwg-container-0.bwg-standard-thumbnails .bwg-item1 img {      max-height: none;      max-width: none;      padding: 0 !important;    }         @media only screen and (min-width: 480px) {\t\t#bwg_container1_0 #bwg_container2_0 .bwg-container-0.bwg-standard-thumbnails .bwg-item1 img {\t\t\t-webkit-transition: all .3s; transition: all .3s;\t\t}\t\t#bwg_container1_0 #bwg_container2_0 .bwg-container-0.bwg-standard-thumbnails .bwg-item1 img:hover {\t\t\t-ms-transform: scale(1.08);\t\t\t-webkit-transform: scale(1.08);\t\t\ttransform: scale(1.08);\t\t}\t\t\t\t.bwg-standard-thumbnails .bwg-zoom-effect .bwg-zoom-effect-overlay {\t\t\t\t\t\tbackground-color:rgba(0,0,0, 0.3);\t\t}\t\t.bwg-standard-thumbnails .bwg-zoom-effect:hover img {\t\t\t-ms-transform: scale(1.08);\t\t\t-webkit-transform: scale(1.08);\t\t\ttransform: scale(1.08);\t\t}\t\t      }\t    #bwg_container1_0 #bwg_container2_0 .bwg-container-0.bwg-standard-thumbnails .bwg-item1 {      padding-top: 56%;    }        #bwg_container1_0 #bwg_container2_0 .bwg-container-0.bwg-standard-thumbnails .bwg-title1 {      position: absolute;      top: 0;      z-index: 100;      width: 100%;      height: 100%;      display: flex;      justify-content: center;      align-content: center;      flex-direction: column;      opacity: 0;    }\t      #bwg_container1_0 #bwg_container2_0 .bwg-container-0.bwg-standard-thumbnails .bwg-title2,    #bwg_container1_0 #bwg_container2_0 .bwg-container-0.bwg-standard-thumbnails .bwg-ecommerce2 {      color: #FFFFFF;      font-family: Ubuntu;      font-size: 16px;      font-weight: bold;      padding: 2px;      text-shadow: ;      max-height: 100%;    }    #bwg_container1_0 #bwg_container2_0 .bwg-container-0.bwg-standard-thumbnails .bwg-thumb-description span {    color: #323A45;    font-family: Ubuntu;    font-size: 12px;    max-height: 100%;    word-wrap: break-word;    }    #bwg_container1_0 #bwg_container2_0 .bwg-container-0.bwg-standard-thumbnails .bwg-play-icon2 {      font-size: 32px;    }    #bwg_container1_0 #bwg_container2_0 .bwg-container-0.bwg-standard-thumbnails .bwg-ecommerce2 {      font-size: 19.2px;      color: #323A45;    }    <\/style>    <div id=\"bwg_container1_0\"         class=\"bwg_container bwg_thumbnail bwg_thumbnails\"         data-right-click-protection=\"0\"         data-bwg=\"0\"         data-current-url=\"https:\/\/lescincllunes.apuntmedia.es\/index.php\/wp-json\/wp\/v2\/posts\/229\"         data-lightbox-url=\"https:\/\/lescincllunes.apuntmedia.es\/wp-admin\/admin-ajax.php?action=GalleryBox&current_view=0&gallery_id=2&tag=0&theme_id=1&shortcode_id=7&sort_by=order&order_by=asc&current_url=https%3A%2F%2Flescincllunes.apuntmedia.es%2Findex.php%2Fwp-json%2Fwp%2Fv2%2Fposts%2F229\"         data-gallery-id=\"2\"         data-popup-width=\"800\"         data-popup-height=\"500\"         data-buttons-position=\"bottom\">      <div id=\"bwg_container2_0\">             <div id=\"ajax_loading_0\" class=\"bwg_loading_div_1\">      <div class=\"bwg_loading_div_2\">        <div class=\"bwg_loading_div_3\">          <div id=\"loading_div_0\" class=\"bwg_spider_ajax_loading\">          <\/div>        <\/div>      <\/div>    <\/div>            <form id=\"gal_front_form_0\"              class=\"bwg-hidden\"              method=\"post\"              action=\"#\"              data-current=\"0\"              data-shortcode-id=\"7\"              data-gallery-type=\"thumbnails\"              data-gallery-id=\"2\"              data-tag=\"0\"              data-album-id=\"0\"              data-theme-id=\"1\"              data-ajax-url=\"https:\/\/lescincllunes.apuntmedia.es\/wp-admin\/admin-ajax.php?action=bwg_frontend_data\">          <div id=\"bwg_container3_0\" class=\"bwg-background bwg-background-0\">                <div data-max-count=\"5\"         data-thumbnail-width=\"250\"         data-bwg=\"0\"         data-gallery-id=\"2\"         data-lightbox-url=\"https:\/\/lescincllunes.apuntmedia.es\/wp-admin\/admin-ajax.php?action=GalleryBox&current_view=0&gallery_id=2&tag=0&theme_id=1&shortcode_id=7&sort_by=order&order_by=asc&current_url=https%3A%2F%2Flescincllunes.apuntmedia.es%2Findex.php%2Fwp-json%2Fwp%2Fv2%2Fposts%2F229\"         id=\"bwg_thumbnails_0\"         class=\"bwg-container-0 bwg-thumbnails bwg-standard-thumbnails bwg-container bwg-border-box\">            <div class=\"bwg-item\">        <a class=\"bwg-a bwg_lightbox\"  data-image-id=\"8\" href=\"https:\/\/lescincllunes.apuntmedia.es\/wp-content\/uploads\/photo-gallery\/Papers-Vila-real-Spain-9.jpeg?bwg=1615913245\">                <div class=\"bwg-item0 \">          <div class=\"bwg-item1 bwg-zoom-effect\">            <div class=\"bwg-item2\">              <img decoding=\"async\" class=\"skip-lazy bwg_standart_thumb_img_0 \"                   data-id=\"8\"                   data-width=\"500\"                   data-height=\"325\"                   data-original=\"https:\/\/lescincllunes.apuntmedia.es\/wp-content\/uploads\/photo-gallery\/thumb\/Papers-Vila-real-Spain-9.jpeg?bwg=1615913245\"                   src=\"https:\/\/lescincllunes.apuntmedia.es\/wp-content\/uploads\/photo-gallery\/thumb\/Papers-Vila-real-Spain-9.jpeg?bwg=1615913245\"                   alt=\"Papers, de Xarxa Teatre\" \/>            <\/div>            <div class=\"bwg-zoom-effect-overlay\">              <div class=\"bwg-title1\"><div class=\"bwg-title2\">Papers, de Xarxa Teatre<\/div><\/div>                                        <\/div>          <\/div>        <\/div>                                <\/a>      <\/div>            <div class=\"bwg-item\">        <a class=\"bwg-a bwg_lightbox\"  data-image-id=\"7\" href=\"https:\/\/lescincllunes.apuntmedia.es\/wp-content\/uploads\/photo-gallery\/Ara-Pacis-Sotteville-France-3.jpeg?bwg=1615913245\">                <div class=\"bwg-item0 \">          <div class=\"bwg-item1 bwg-zoom-effect\">            <div class=\"bwg-item2\">              <img decoding=\"async\" class=\"skip-lazy bwg_standart_thumb_img_0 \"                   data-id=\"7\"                   data-width=\"500\"                   data-height=\"333\"                   data-original=\"https:\/\/lescincllunes.apuntmedia.es\/wp-content\/uploads\/photo-gallery\/thumb\/Ara-Pacis-Sotteville-France-3.jpeg?bwg=1615913245\"                   src=\"https:\/\/lescincllunes.apuntmedia.es\/wp-content\/uploads\/photo-gallery\/thumb\/Ara-Pacis-Sotteville-France-3.jpeg?bwg=1615913245\"                   alt=\"Ara Pacis, de Xarxa Teatre\" \/>            <\/div>            <div class=\"bwg-zoom-effect-overlay\">              <div class=\"bwg-title1\"><div class=\"bwg-title2\">Ara Pacis, de Xarxa Teatre<\/div><\/div>                                        <\/div>          <\/div>        <\/div>                                <\/a>      <\/div>            <div class=\"bwg-item\">        <a class=\"bwg-a bwg_lightbox\"  data-image-id=\"6\" href=\"https:\/\/lescincllunes.apuntmedia.es\/wp-content\/uploads\/photo-gallery\/Veles-e-vents-Taichung-Korea-2.jpeg?bwg=1615913245\">                <div class=\"bwg-item0 \">          <div class=\"bwg-item1 bwg-zoom-effect\">            <div class=\"bwg-item2\">              <img decoding=\"async\" class=\"skip-lazy bwg_standart_thumb_img_0 \"                   data-id=\"6\"                   data-width=\"500\"                   data-height=\"334\"                   data-original=\"https:\/\/lescincllunes.apuntmedia.es\/wp-content\/uploads\/photo-gallery\/thumb\/Veles-e-vents-Taichung-Korea-2.jpeg?bwg=1615913245\"                   src=\"https:\/\/lescincllunes.apuntmedia.es\/wp-content\/uploads\/photo-gallery\/thumb\/Veles-e-vents-Taichung-Korea-2.jpeg?bwg=1615913245\"                   alt=\"Veles e Vents, de Xarxa Teatre\" \/>            <\/div>            <div class=\"bwg-zoom-effect-overlay\">              <div class=\"bwg-title1\"><div class=\"bwg-title2\">Veles e Vents, de Xarxa Teatre<\/div><\/div>                                        <\/div>          <\/div>        <\/div>                                <\/a>      <\/div>            <div class=\"bwg-item\">        <a class=\"bwg-a bwg_lightbox\"  data-image-id=\"5\" href=\"https:\/\/lescincllunes.apuntmedia.es\/wp-content\/uploads\/photo-gallery\/Ara-Pacis-Vila-real-Spain-4.jpeg?bwg=1615913245\">                <div class=\"bwg-item0 \">          <div class=\"bwg-item1 bwg-zoom-effect\">            <div class=\"bwg-item2\">              <img decoding=\"async\" class=\"skip-lazy bwg_standart_thumb_img_0 \"                   data-id=\"5\"                   data-width=\"500\"                   data-height=\"334\"                   data-original=\"https:\/\/lescincllunes.apuntmedia.es\/wp-content\/uploads\/photo-gallery\/thumb\/Ara-Pacis-Vila-real-Spain-4.jpeg?bwg=1615913245\"                   src=\"https:\/\/lescincllunes.apuntmedia.es\/wp-content\/uploads\/photo-gallery\/thumb\/Ara-Pacis-Vila-real-Spain-4.jpeg?bwg=1615913245\"                   alt=\"Ara Pacis, de Xarxa Teatre\" \/>            <\/div>            <div class=\"bwg-zoom-effect-overlay\">              <div class=\"bwg-title1\"><div class=\"bwg-title2\">Ara Pacis, de Xarxa Teatre<\/div><\/div>                                        <\/div>          <\/div>        <\/div>                                <\/a>      <\/div>            <div class=\"bwg-item\">        <a class=\"bwg-a bwg_lightbox\"  data-image-id=\"4\" href=\"https:\/\/lescincllunes.apuntmedia.es\/wp-content\/uploads\/photo-gallery\/Veles-e-vents-Valencia-Spain.jpeg?bwg=1615913245\">                <div class=\"bwg-item0 \">          <div class=\"bwg-item1 bwg-zoom-effect\">            <div class=\"bwg-item2\">              <img decoding=\"async\" class=\"skip-lazy bwg_standart_thumb_img_0 \"                   data-id=\"4\"                   data-width=\"500\"                   data-height=\"334\"                   data-original=\"https:\/\/lescincllunes.apuntmedia.es\/wp-content\/uploads\/photo-gallery\/thumb\/Veles-e-vents-Valencia-Spain.jpeg?bwg=1615913245\"                   src=\"https:\/\/lescincllunes.apuntmedia.es\/wp-content\/uploads\/photo-gallery\/thumb\/Veles-e-vents-Valencia-Spain.jpeg?bwg=1615913245\"                   alt=\"Veles e Vents, de Xarxa Teatre\" \/>            <\/div>            <div class=\"bwg-zoom-effect-overlay\">              <div class=\"bwg-title1\"><div class=\"bwg-title2\">Veles e Vents, de Xarxa Teatre<\/div><\/div>                                        <\/div>          <\/div>        <\/div>                                <\/a>      <\/div>            <div class=\"bwg-item\">        <a class=\"bwg-a bwg_lightbox\"  data-image-id=\"3\" href=\"https:\/\/lescincllunes.apuntmedia.es\/wp-content\/uploads\/photo-gallery\/El-foc-del-mar-Italy_(1).jpeg?bwg=1615913245\">                <div class=\"bwg-item0 \">          <div class=\"bwg-item1 bwg-zoom-effect\">            <div class=\"bwg-item2\">              <img decoding=\"async\" class=\"skip-lazy bwg_standart_thumb_img_0 \"                   data-id=\"3\"                   data-width=\"500\"                   data-height=\"334\"                   data-original=\"https:\/\/lescincllunes.apuntmedia.es\/wp-content\/uploads\/photo-gallery\/thumb\/El-foc-del-mar-Italy_(1).jpeg?bwg=1615913245\"                   src=\"https:\/\/lescincllunes.apuntmedia.es\/wp-content\/uploads\/photo-gallery\/thumb\/El-foc-del-mar-Italy_(1).jpeg?bwg=1615913245\"                   alt=\"El foc del mar, de Xarxa Teatre\" \/>            <\/div>            <div class=\"bwg-zoom-effect-overlay\">              <div class=\"bwg-title1\"><div class=\"bwg-title2\">El foc del mar, de Xarxa Teatre<\/div><\/div>                                        <\/div>          <\/div>        <\/div>                                <\/a>      <\/div>          <\/div>    <style>      \/*pagination styles*\/      #bwg_container1_0 #bwg_container2_0 .tablenav-pages_0 {      text-align: center;      font-size: 12px;      font-family: Ubuntu;      font-weight: bold;      color: #666666;      margin: 6px 0 4px;      display: block;      height: 30px;      line-height: 30px;      }      @media only screen and (max-width : 320px) {      #bwg_container1_0 #bwg_container2_0 .displaying-num_0 {      display: none;      }      }      #bwg_container1_0 #bwg_container2_0 .displaying-num_0 {      font-size: 12px;      font-family: Ubuntu;      font-weight: bold;      color: #666666;      margin-right: 10px;      vertical-align: middle;      }      #bwg_container1_0 #bwg_container2_0 .paging-input_0 {      font-size: 12px;      font-family: Ubuntu;      font-weight: bold;      color: #666666;      vertical-align: middle;      }      #bwg_container1_0 #bwg_container2_0 .tablenav-pages_0 a.disabled,      #bwg_container1_0 #bwg_container2_0 .tablenav-pages_0 a.disabled:hover,      #bwg_container1_0 #bwg_container2_0 .tablenav-pages_0 a.disabled:focus {      cursor: default;      color: rgba(102, 102, 102, 0.5);      }      #bwg_container1_0 #bwg_container2_0 .tablenav-pages_0 a {      cursor: pointer;      font-size: 12px;      font-family: Ubuntu;      font-weight: bold;      color: #666666;      text-decoration: none;      padding: 3px 6px;      margin: 0;      border-radius: 0;      border-style: solid;      border-width: 1px;      border-color: #E3E3E3;      background-color: #FFFFFF;      opacity: 1.00;      box-shadow: 0;      transition: all 0.3s ease 0s;-webkit-transition: all 0.3s ease 0s;      }      <\/style>      <span class=\"bwg_nav_cont_0\">              <div class=\"tablenav-pages_0\">                  <\/div>                <input type=\"hidden\" id=\"page_number_0\" name=\"page_number_0\" value=\"1\" \/>      <script type=\"text\/javascript\">        function spider_page_0(cur, x, y, load_more) {          if (typeof load_more == \"undefined\") {            var load_more = false;          }          if (jQuery(cur).hasClass('disabled')) {            return false;          }          var items_county_0 = 1;          switch (y) {            case 1:              if (x >= items_county_0) {                document.getElementById('page_number_0').value = items_county_0;              }              else {                document.getElementById('page_number_0').value = x + 1;              }              break;            case 2:              document.getElementById('page_number_0').value = items_county_0;              break;            case -1:              if (x == 1) {                document.getElementById('page_number_0').value = 1;              }              else {                document.getElementById('page_number_0').value = x - 1;              }              break;            case -2:              document.getElementById('page_number_0').value = 1;              break;            default:              document.getElementById('page_number_0').value = 1;          }          bwg_ajax('gal_front_form_0', '0', 'bwg_thumbnails_0', '0', '', 'gallery', 0, '', '', load_more, '', 1);        }                    jQuery('.first-page-0').on('click', function () {              spider_page_0(this, 1, -2, 'numeric');              return false;            });            jQuery('.prev-page-0').on('click', function () {              spider_page_0(this, 1, -1, 'numeric');              return false;            });            jQuery('.next-page-0').on('click', function () {              spider_page_0(this, 1, 1, 'numeric');              return false;            });            jQuery('.last-page-0').on('click', function () {              spider_page_0(this, 1, 2, 'numeric');              return false;            });                jQuery('.bwg_load_btn_0').on('click', function () {            spider_page_0(this, 1, 1, true);            return false;        });      <\/script>      <\/span>                <\/div>        <\/form>          <style>          #bwg_container1_0 #bwg_container2_0 #spider_popup_overlay_0 {          background-color: #EEEEEE;          opacity: 0.60;          }          <\/style>        <div id=\"bwg_spider_popup_loading_0\" class=\"bwg_spider_popup_loading\"><\/div>        <div id=\"spider_popup_overlay_0\" class=\"spider_popup_overlay\" onclick=\"spider_destroypopup(1000)\"><\/div>        <input type=\"hidden\" id=\"bwg_random_seed_0\" value=\"1792827472\">                <\/div>    <\/div>    <script>      document.addEventListener('DOMContentLoaded', function() {        if( typeof bwg_main_ready == 'function' ) {          bwg_main_ready();        }      });    <\/script>    \n\n\n\n<p>La decisi\u00f3 de traure el teatre al carrer no \u00e9s casual, sin\u00f3 que la idea \u00e9s clara: fer que la cultura no siga una cosa exclusiva de les elits. Tothom ha de tenir-ne acc\u00e9s, i <strong>Nelo Vilanova<\/strong>, un dels fundadors de Xarxa ho t\u00e9 molt clar:<\/p>\n\n\n\n<figure class=\"wp-block-audio\"><audio controls src=\"https:\/\/lescincllunes.apuntmedia.es\/wp-content\/uploads\/2021\/03\/TALL-Nelo-Valor-Afegit.mp3\"><\/audio><\/figure>\n\n\n\n<p><\/p>\n\n\n\n<div class=\"wp-block-image\"><figure class=\"aligncenter size-full\"><img decoding=\"async\" width=\"1000\" height=\"667\" src=\"https:\/\/lescincllunes.apuntmedia.es\/wp-content\/uploads\/2021\/03\/El-dolc\u0327ainer-de-Tales-2.jpeg\" alt=\"\" class=\"wp-image-2469\" srcset=\"https:\/\/lescincllunes.apuntmedia.es\/wp-content\/uploads\/2021\/03\/El-dolc\u0327ainer-de-Tales-2.jpeg 1000w, https:\/\/lescincllunes.apuntmedia.es\/wp-content\/uploads\/2021\/03\/El-dolc\u0327ainer-de-Tales-2-300x200.jpeg 300w, https:\/\/lescincllunes.apuntmedia.es\/wp-content\/uploads\/2021\/03\/El-dolc\u0327ainer-de-Tales-2-768x512.jpeg 768w\" sizes=\"(max-width: 1000px) 100vw, 1000px\" \/><\/figure><\/div>\n\n\n\n<p>En els seus viatges pel m\u00f3n, <strong>Xarxa Teatre<\/strong> no ha estat sola, sin\u00f3 que amb ella han viatjat els personatges, llegendes i tradicions pr\u00f2pies de la cultura valenciana, un treball que ha perm\u00e8s donar la import\u00e0ncia que mereixen personatges com <em>El dol\u00e7ainer de Tales<\/em>, <em>La Bruixa Marruixa<\/em> o <em>L\u2019home del Sac,<\/em> entre d\u2019altres.&nbsp;<\/p>\n\n\n\n<figure class=\"wp-block-audio\"><audio controls src=\"https:\/\/lescincllunes.apuntmedia.es\/wp-content\/uploads\/2021\/03\/TALL-Nelo-2-Tradicio.mp3\"><\/audio><\/figure>\n\n\n\n<figure class=\"wp-block-audio\"><audio controls src=\"https:\/\/lescincllunes.apuntmedia.es\/wp-content\/uploads\/2021\/03\/TALL-Xarxa-4-VeritatL.mp3\"><\/audio><\/figure>\n\n\n\n<div class=\"wp-block-image\"><figure class=\"aligncenter size-full\"><img loading=\"lazy\" decoding=\"async\" width=\"1000\" height=\"563\" src=\"https:\/\/lescincllunes.apuntmedia.es\/wp-content\/uploads\/2021\/03\/Pasqualet.jpg\" alt=\"\" class=\"wp-image-2476\" srcset=\"https:\/\/lescincllunes.apuntmedia.es\/wp-content\/uploads\/2021\/03\/Pasqualet.jpg 1000w, https:\/\/lescincllunes.apuntmedia.es\/wp-content\/uploads\/2021\/03\/Pasqualet-300x169.jpg 300w, https:\/\/lescincllunes.apuntmedia.es\/wp-content\/uploads\/2021\/03\/Pasqualet-768x432.jpg 768w\" sizes=\"(max-width: 1000px) 100vw, 1000px\" \/><\/figure><\/div>\n\n\n\n<p>En aquest proc\u00e9s de posada en valor de les tradicions valencianes, la dol\u00e7aina ha jugat un paper principal. <strong>Xarxa<\/strong> ha portat el seu so a tot el m\u00f3n de la m\u00e0 de <strong>Pasqualet<\/strong>, un dol\u00e7ainer incansable que va jugar un paper fonamental en la recuperaci\u00f3 d\u2019aquest instrument.<\/p>\n\n\n\n<figure class=\"wp-block-audio\"><audio controls src=\"https:\/\/lescincllunes.apuntmedia.es\/wp-content\/uploads\/2021\/03\/MUNT-PasqualetL.mp3\"><\/audio><\/figure>\n\n\n\n<p><strong>Xaxa Teatre<\/strong> ens obri les portes de l&#8217;espai on creen i emmagtazemen tot tipus d&#8217;estructures, criatures, vestuaris i vehicles impossibles, protagonistes tots ells de les seues obres.<\/p>\n\n\n\n<div style=\"max-width: 960px;\"><video-js data-account=\"6057955885001\" data-player=\"kxOJQ6zBrc\" data-embed=\"default\" controls=\"\" data-video-id=\"1693875755563340834\" data-playlist-id=\"\" data-application-id=\"\" class=\"vjs-fluid\"><\/video-js><\/div>\n\n\n\n<p><\/p>\n\n\n\n<p>Si <strong>Xarxa Teatre<\/strong> van ser els pioners en traure el teatre al carrer, d\u2019altres companyies van seguir el seu exemple amb espectacles de tot tipus. Una d\u2019elles \u00e9s <strong>Visitants<\/strong>, que durant molts anys va fer vibrar places senceres amb el seu espectacle <em>Fam de Foc<\/em>.<\/p>\n\n\n\n<p><\/p>\n\n\n\n<figure class=\"wp-block-embed aligncenter is-type-video is-provider-youtube wp-block-embed-youtube wp-embed-aspect-4-3 wp-has-aspect-ratio\"><div class=\"wp-block-embed__wrapper\">\n<iframe title=\"Visitants Teatre. &quot;FamdeFoc&quot;. Teatro de calle. \/ 2\" width=\"750\" height=\"563\" src=\"https:\/\/www.youtube.com\/embed\/Eh-XhQhQB_g?feature=oembed\" frameborder=\"0\" allow=\"accelerometer; autoplay; clipboard-write; encrypted-media; gyroscope; picture-in-picture\" allowfullscreen><\/iframe>\n<\/div><\/figure>\n\n\n\n<p><\/p>\n\n\n\n<p>Al teatre de carrer no tot s\u00f3n espectacles vibrants, sin\u00f3 que tamb\u00e9 hi ha espai per a tractar tem\u00e0tiques de qualsevol tipus. Un exemple \u00e9s <em>Maletes de Terra<\/em>, una proposta de <strong>Visitants <\/strong>que va guanyar el premi al millor espectacle de teatre de carrer en els premis de les arts esc\u00e8niques valencianes en 2020. L\u2019obra parla de la mem\u00f2ria hist\u00f2rica a trav\u00e9s de les dones represaliades en una proposta amb una forta c\u00e0rrega po\u00e8tica. <strong>Sonia Alejo<\/strong> \u00e9s l\u2019autora d&#8217;aquesta proposta colpidora. <\/p>\n\n\n\n<figure class=\"wp-block-audio\"><audio controls src=\"https:\/\/lescincllunes.apuntmedia.es\/wp-content\/uploads\/2021\/03\/TALL-Maletes-de-Terra.mp3\"><\/audio><\/figure>\n\n\n\n<figure class=\"wp-block-embed aligncenter is-type-video is-provider-youtube wp-block-embed-youtube wp-embed-aspect-16-9 wp-has-aspect-ratio\"><div class=\"wp-block-embed__wrapper\">\n<iframe title=\"MALETES DE TERRA\" width=\"750\" height=\"422\" src=\"https:\/\/www.youtube.com\/embed\/qFJlQUGCvqk?feature=oembed\" frameborder=\"0\" allow=\"accelerometer; autoplay; clipboard-write; encrypted-media; gyroscope; picture-in-picture\" allowfullscreen><\/iframe>\n<\/div><\/figure>\n\n\n\n<p><\/p>\n\n\n\n<p><\/p>\n\n\n\n<div class=\"wp-block-image\"><figure class=\"aligncenter size-full\"><img loading=\"lazy\" decoding=\"async\" width=\"1000\" height=\"151\" src=\"https:\/\/lescincllunes.apuntmedia.es\/wp-content\/uploads\/2021\/03\/COLORS_Separadors-21.jpg\" alt=\"\" class=\"wp-image-951\" srcset=\"https:\/\/lescincllunes.apuntmedia.es\/wp-content\/uploads\/2021\/03\/COLORS_Separadors-21.jpg 1000w, https:\/\/lescincllunes.apuntmedia.es\/wp-content\/uploads\/2021\/03\/COLORS_Separadors-21-300x45.jpg 300w, https:\/\/lescincllunes.apuntmedia.es\/wp-content\/uploads\/2021\/03\/COLORS_Separadors-21-768x116.jpg 768w\" sizes=\"(max-width: 1000px) 100vw, 1000px\" \/><\/figure><\/div>\n\n\n\n<div class=\"wp-block-image\"><figure class=\"aligncenter size-full\"><img loading=\"lazy\" decoding=\"async\" width=\"1001\" height=\"101\" src=\"https:\/\/lescincllunes.apuntmedia.es\/wp-content\/uploads\/2021\/03\/COLORS_Separadors-08.jpg\" alt=\"\" class=\"wp-image-952\" srcset=\"https:\/\/lescincllunes.apuntmedia.es\/wp-content\/uploads\/2021\/03\/COLORS_Separadors-08.jpg 1001w, https:\/\/lescincllunes.apuntmedia.es\/wp-content\/uploads\/2021\/03\/COLORS_Separadors-08-300x30.jpg 300w, https:\/\/lescincllunes.apuntmedia.es\/wp-content\/uploads\/2021\/03\/COLORS_Separadors-08-768x77.jpg 768w\" sizes=\"(max-width: 1001px) 100vw, 1001px\" \/><\/figure><\/div>\n\n\n\n<h2 class=\"wp-block-heading\">Cap\u00edtol 5: <em>Carina Pesch<\/em><\/h2>\n\n\n\n<div class=\"wp-block-image\"><figure class=\"alignleft size-medium\"><img loading=\"lazy\" decoding=\"async\" width=\"300\" height=\"300\" src=\"https:\/\/lescincllunes.apuntmedia.es\/wp-content\/uploads\/2021\/03\/Carina_Pesch-300x300.jpg\" alt=\"\" class=\"wp-image-1467\" srcset=\"https:\/\/lescincllunes.apuntmedia.es\/wp-content\/uploads\/2021\/03\/Carina_Pesch-300x300.jpg 300w, https:\/\/lescincllunes.apuntmedia.es\/wp-content\/uploads\/2021\/03\/Carina_Pesch-150x150.jpg 150w, https:\/\/lescincllunes.apuntmedia.es\/wp-content\/uploads\/2021\/03\/Carina_Pesch-768x768.jpg 768w, https:\/\/lescincllunes.apuntmedia.es\/wp-content\/uploads\/2021\/03\/Carina_Pesch.jpg 989w\" sizes=\"(max-width: 300px) 100vw, 300px\" \/><\/figure><\/div>\n\n\n\n<p><em>The automatic speaking<\/em>, o parla autom\u00e0tica, \u00e9s una t\u00e8cnica d\u2019improvisaci\u00f3 vocal desenvolupada per l\u2019artista sonora <strong>Antje Vowinckel<\/strong>. Una fusi\u00f3 entre l\u2019escriptura autom\u00e0tica aplicada a l\u2019<em>spoken word<\/em>, o paraula parlada,<em> <\/em>i la m\u00fasica concreta aplicada al llenguatge. Es transformen pensaments a la veu, a l\u2019oralitat, i l\u2019\u00fanica regla \u00e9s no parar de parlar en cap moment.<\/p>\n\n\n\n<p>A l\u2019artista <strong>Carina Pesch<\/strong>, autora protagonista d\u2019aquest \u00faltim episodi de \u201cL\u2019estetoscopi\u201d, li agrada fer \u00fas d\u2019aquesta t\u00e8cnica mentre est\u00e0 caminant. Ens conta que les paraules s\u2019adapten al ritme del passeig, que s\u2019aconsegueix tal immersi\u00f3 dins de l\u2019entorn, que a poc a poc ja deixa d\u2019estar pensant en les paraules. Un exercici po\u00e8tic per tal d\u2019aconseguir bons materials sonors per a les seues composicions.<\/p>\n\n\n\n<div class=\"wp-block-image\"><figure class=\"aligncenter size-full\"><img loading=\"lazy\" decoding=\"async\" width=\"975\" height=\"180\" src=\"https:\/\/lescincllunes.apuntmedia.es\/wp-content\/uploads\/2021\/03\/0019128270_100.png\" alt=\"\" class=\"wp-image-1464\" srcset=\"https:\/\/lescincllunes.apuntmedia.es\/wp-content\/uploads\/2021\/03\/0019128270_100.png 975w, https:\/\/lescincllunes.apuntmedia.es\/wp-content\/uploads\/2021\/03\/0019128270_100-300x55.png 300w, https:\/\/lescincllunes.apuntmedia.es\/wp-content\/uploads\/2021\/03\/0019128270_100-768x142.png 768w\" sizes=\"(max-width: 975px) 100vw, 975px\" \/><\/figure><\/div>\n\n\n\n<p>Escoltem <em>The Ears May Travel<\/em>, una compilaci\u00f3 de composicions a partir de gravacions pures d\u2019entorns que va comen\u00e7ar a existir espont\u00e0niament durant l\u2019inici de la pand\u00e8mia a Europa a la primavera del 2020. Durant el tancament, <strong>Carina<\/strong> va sentir el desig de viatjar, almenys amb la imaginaci\u00f3, en un moment en qu\u00e8 pa\u00efsos de tot el m\u00f3n tancaven les seues fronteres.<\/p>\n\n\n\n<iframe style=\"border: 0; width: 100%; height: 120px;\" src=\"https:\/\/bandcamp.com\/EmbeddedPlayer\/album=380343976\/size=large\/bgcol=ffffff\/linkcol=0687f5\/tracklist=false\/artwork=small\/transparent=true\/\" seamless=\"\"><a href=\"https:\/\/lapesch.bandcamp.com\/album\/the-ears-may-travel\">The Ears May Travel by La Pesch<\/a><\/iframe>\n\n\n\n<p><\/p>\n\n\n\n<p>En paraules de <strong>Carina<\/strong>: \u201cVull que el m\u00f3n experimente ac\u00fasticament la vitalitat del m\u00f3n fora de casa seua i que es gire cap a l\u2019exterior enmig de tota la interioritat d\u2019aquests temps, almenys amb la consci\u00e8ncia\u201d.<\/p>\n\n\n\n<div class=\"wp-block-image\"><figure class=\"aligncenter size-full\"><img loading=\"lazy\" decoding=\"async\" width=\"1000\" height=\"667\" src=\"https:\/\/lescincllunes.apuntmedia.es\/wp-content\/uploads\/2021\/03\/2020_LaPesch_MIRROR_1-700x467-2.jpeg\" alt=\"\" class=\"wp-image-1477\" srcset=\"https:\/\/lescincllunes.apuntmedia.es\/wp-content\/uploads\/2021\/03\/2020_LaPesch_MIRROR_1-700x467-2.jpeg 1000w, https:\/\/lescincllunes.apuntmedia.es\/wp-content\/uploads\/2021\/03\/2020_LaPesch_MIRROR_1-700x467-2-300x200.jpeg 300w, https:\/\/lescincllunes.apuntmedia.es\/wp-content\/uploads\/2021\/03\/2020_LaPesch_MIRROR_1-700x467-2-768x512.jpeg 768w\" sizes=\"(max-width: 1000px) 100vw, 1000px\" \/><\/figure><\/div>\n\n\n\n<p>L\u2019artista sonora alemanya es pren el seu temps per tal de con\u00e9ixer els llocs i intentar percebre el que \u00e9s inspirador. Escoltar t\u00e9 una dimensi\u00f3 pol\u00edtica per a entendre diferents percepcions del m\u00f3n i ens ajuda a sentir les contradiccions en un mateix entorn.<em> The Ears May Travel<\/em> \u00e9s una forma de meditaci\u00f3 per Par\u00eds, Indon\u00e8sia, Creta, Pirineus&#8230; El projecte va estar seleccionat als premis Sound Walk en 2020.<\/p>\n\n\n\n<p>Podeu seguir capbussant-vos en el m\u00f3n de <strong>Carina Pesch<\/strong> en el seu<a href=\"https:\/\/www.textbote.de\/\"> web<\/a> o en els perfils de<a href=\"https:\/\/soundcloud.com\/la-pesch\"> SoundCloud<\/a> i<a href=\"https:\/\/lapesch.bandcamp.com\/\"> Bandcamp<\/a>.<\/p>\n\n\n\n<p><\/p>\n\n\n\n<div class=\"wp-block-image\"><figure class=\"aligncenter size-full\"><img loading=\"lazy\" decoding=\"async\" width=\"1001\" height=\"101\" src=\"https:\/\/lescincllunes.apuntmedia.es\/wp-content\/uploads\/2021\/03\/arrels-02.jpg\" alt=\"\" class=\"wp-image-39\" srcset=\"https:\/\/lescincllunes.apuntmedia.es\/wp-content\/uploads\/2021\/03\/arrels-02.jpg 1001w, https:\/\/lescincllunes.apuntmedia.es\/wp-content\/uploads\/2021\/03\/arrels-02-300x30.jpg 300w, https:\/\/lescincllunes.apuntmedia.es\/wp-content\/uploads\/2021\/03\/arrels-02-768x77.jpg 768w\" sizes=\"(max-width: 1001px) 100vw, 1001px\" \/><\/figure><\/div>\n\n\n\n<p>Ens apropem a les primeres m\u00fasiques que escoltem en la nostra vida: les can\u00e7ons de bressol, i ho fem a trav\u00e9s de l\u2019obra fonogr\u00e0fica de l\u2019etnomusic\u00f2leg nord-americ\u00e0 <strong>Alan Lomax<\/strong> i dels fons de la fonoteca de materials de l\u2019Institut Valenci\u00e0 de Cultura. Parlen <strong>Carles Hern\u00e1ndez<\/strong>, investigador musical; <strong>Vicent Torrent<\/strong> i <strong>Josemi S\u00e1nchez<\/strong>, de la fonoteca de materials; la cantant <strong>Teresa Segarra<\/strong>, i <strong>Vicent Manuel Garc\u00e9s<\/strong>, professor i doctor en Etnopo\u00e8tica.<\/p>\n\n\n\n<p><\/p>\n\n\n\n<div class=\"wp-block-image\"><figure class=\"aligncenter size-full\"><img loading=\"lazy\" decoding=\"async\" width=\"1001\" height=\"101\" src=\"https:\/\/lescincllunes.apuntmedia.es\/wp-content\/uploads\/2021\/03\/Pentagram.jpg\" alt=\"\" class=\"wp-image-127\" srcset=\"https:\/\/lescincllunes.apuntmedia.es\/wp-content\/uploads\/2021\/03\/Pentagram.jpg 1001w, https:\/\/lescincllunes.apuntmedia.es\/wp-content\/uploads\/2021\/03\/Pentagram-300x30.jpg 300w, https:\/\/lescincllunes.apuntmedia.es\/wp-content\/uploads\/2021\/03\/Pentagram-768x77.jpg 768w\" sizes=\"(max-width: 1001px) 100vw, 1001px\" \/><\/figure><\/div>\n\n\n\n<h2 class=\"wp-block-heading\">Cap\u00edtol 5: <em>Maria Teresa Oller<\/em><\/h2>\n\n\n\n<p>En el nostre recorregut per les compositores i compositors valencians ens detenim en <strong>Maria Teresa Oller<\/strong>, compositora, pedagoga i investigadora. Repassem la vida i l\u2019obra d\u2019aquest referent en la recopilaci\u00f3 i la posada en valor de la m\u00fasica tradicional valenciana.<\/p>\n\n\n\n<div class=\"wp-block-image\"><figure class=\"aligncenter size-full\"><img loading=\"lazy\" decoding=\"async\" width=\"1000\" height=\"563\" src=\"https:\/\/lescincllunes.apuntmedia.es\/wp-content\/uploads\/2021\/03\/image.jpg\" alt=\"\" class=\"wp-image-95\" srcset=\"https:\/\/lescincllunes.apuntmedia.es\/wp-content\/uploads\/2021\/03\/image.jpg 1000w, https:\/\/lescincllunes.apuntmedia.es\/wp-content\/uploads\/2021\/03\/image-300x169.jpg 300w, https:\/\/lescincllunes.apuntmedia.es\/wp-content\/uploads\/2021\/03\/image-768x432.jpg 768w\" sizes=\"(max-width: 1000px) 100vw, 1000px\" \/><\/figure><\/div>\n\n\n\n<p>Amb una formaci\u00f3 molt s\u00f2lida, la seua activitat va ser molt intensa i la seua aportaci\u00f3 a la m\u00fasica valenciana capital en \u00e0mbits com el de la musicologia o la recuperaci\u00f3 del folklore.&nbsp;<\/p>\n\n\n\n<p>Com a compositora podem destacar que el seu cat\u00e0leg d\u2019obres, no molt extens, se centra b\u00e0sicament en el terreny vocal, encara que tamb\u00e9 va escriure peces instrumentals i, en particular, per a piano.<\/p>\n\n\n\n<p>\u00c9s el cas de <em>Cipreses<\/em>, una pe\u00e7a que el nostre pianista i col\u00b7laborador <strong>Antonio Galera <\/strong>ens ofereix en directe al nostre estudi.<\/p>\n\n\n\n<div style=\"max-width: 960px;\"><video-js data-account=\"6057955885001\" data-player=\"kxOJQ6zBrc\" data-embed=\"default\" controls=\"\" data-video-id=\"1693759744683969577\" data-playlist-id=\"\" data-application-id=\"\" class=\"vjs-fluid\"><\/video-js><\/div><script src=\"https:\/\/players.brightcove.net\/6057955885001\/kxOJQ6zBrc_default\/index.min.js\"><\/script>\n\n\n\n<p><\/p>\n\n\n\n<p>I el seu <em>Concert per a piano<\/em> que escoltem en aquest video interpretat per l\u2019<strong>Orquestra del Conservatori Superior de M\u00fasica de Val\u00e8ncia<\/strong> amb <strong>Bartomeu Jaume<\/strong> al piano.<\/p>\n\n\n\n<iframe width=\"700\" height=\"400\" src=\"https:\/\/www.youtube.com\/embed\/UVCLYvl6W00?start=301&amp;end=416\" frameborder=\"0\" allow=\"accelerometer; autoplay; clipboard-write; encrypted-media; gyroscope; picture-in-picture\" allowfullscreen=\"\"><\/iframe>\n\n\n\n<p><\/p>\n\n\n\n<p class=\"has-text-align-right\"><strong>Redacci\u00f3<\/strong>  Cristina Qu\u00edlez, Saray Puchades i Guillem Nicol\u00e0s<br><strong>Producci\u00f3<\/strong>  Estela Mart\u00ednez<br><strong>Assessorament ling\u00fc\u00edstic<\/strong>  Gl\u00f2ria Banyuls<br><strong>Edici\u00f3<\/strong>  Francesc Bosch<br><strong>Realitzaci\u00f3<em>  <\/em><\/strong>Arnau M\u00faria<br><strong>Disseny sonor<\/strong>  Tere N\u00fa\u00f1ez<br><strong>Direcci\u00f3<\/strong>  Am\u00e0lia Garrig\u00f3s<\/p>\n\n\n\n<p class=\"has-text-align-right\"><strong>Continguts multim\u00e8dia<\/strong>  Borja Pons<\/p>\n\n\n\n<p><\/p>\n\n\n\n<div class=\"wp-block-image\"><figure class=\"aligncenter size-full\"><img loading=\"lazy\" decoding=\"async\" width=\"1001\" height=\"179\" src=\"https:\/\/lescincllunes.apuntmedia.es\/wp-content\/uploads\/2021\/03\/LOGOS_Mesa-de-trabajo-1-3.png\" alt=\"\" class=\"wp-image-643\" srcset=\"https:\/\/lescincllunes.apuntmedia.es\/wp-content\/uploads\/2021\/03\/LOGOS_Mesa-de-trabajo-1-3.png 1001w, https:\/\/lescincllunes.apuntmedia.es\/wp-content\/uploads\/2021\/03\/LOGOS_Mesa-de-trabajo-1-3-300x54.png 300w, https:\/\/lescincllunes.apuntmedia.es\/wp-content\/uploads\/2021\/03\/LOGOS_Mesa-de-trabajo-1-3-768x137.png 768w\" sizes=\"(max-width: 1001px) 100vw, 1001px\" \/><\/figure><\/div>\n","protected":false},"excerpt":{"rendered":"<div style=\"max-width: 960px;\"><video-js data-account=\"6057955885001\" data-player=\"kxOJQ6zBrc\" data-embed=\"default\" controls=\"\" data-video-id=\"1693297947841521923\" data-playlist-id=\"\" data-application-id=\"\" class=\"vjs-fluid\"><\/video-js><\/div>\n<p><script src=\"https:\/\/players.brightcove.net\/6057955885001\/kxOJQ6zBrc_default\/index.min.js\"><\/script><\/p>\n","protected":false},"author":1,"featured_media":0,"comment_status":"closed","ping_status":"closed","sticky":false,"template":"","format":"standard","meta":{"footnotes":""},"categories":[4],"tags":[],"class_list":["post-229","post","type-post","status-publish","format-standard","hentry","category-programes-complets"],"yoast_head":"<!-- This site is optimized with the Yoast SEO plugin v15.9 - https:\/\/yoast.com\/wordpress\/plugins\/seo\/ -->\n<title>Cap\u00edtol 19 - A la lluna de Val\u00e8ncia - Les cinc llunes<\/title>\n<meta name=\"robots\" content=\"index, follow, max-snippet:-1, max-image-preview:large, max-video-preview:-1\" \/>\n<link rel=\"canonical\" href=\"https:\/\/lescincllunes.apuntmedia.es\/index.php\/2021\/08\/31\/capitol-19-a-la-lluna-de-valencia\/\" \/>\n<meta property=\"og:locale\" content=\"ca_ES\" \/>\n<meta property=\"og:type\" content=\"article\" \/>\n<meta property=\"og:title\" content=\"Cap\u00edtol 19 - A la lluna de Val\u00e8ncia - Les cinc llunes\" \/>\n<meta property=\"og:url\" content=\"https:\/\/lescincllunes.apuntmedia.es\/index.php\/2021\/08\/31\/capitol-19-a-la-lluna-de-valencia\/\" \/>\n<meta property=\"og:site_name\" content=\"Les cinc llunes\" \/>\n<meta property=\"article:publisher\" content=\"https:\/\/www.facebook.com\/lescincllunes\" \/>\n<meta property=\"article:published_time\" content=\"2021-08-31T21:00:05+00:00\" \/>\n<meta property=\"article:modified_time\" content=\"2021-08-31T23:45:02+00:00\" \/>\n<meta property=\"og:image\" content=\"https:\/\/lescincllunes.apuntmedia.es\/wp-content\/uploads\/2021\/03\/BannerTEATRE.jpg\" \/>\n<meta name=\"twitter:card\" content=\"summary_large_image\" \/>\n<meta name=\"twitter:creator\" content=\"@lescincllunes\" \/>\n<meta name=\"twitter:site\" content=\"@lescincllunes\" \/>\n<meta name=\"twitter:label1\" content=\"Temps estimat de lectura\">\n\t<meta name=\"twitter:data1\" content=\"8 minuts\">\n<script type=\"application\/ld+json\" class=\"yoast-schema-graph\">{\"@context\":\"https:\/\/schema.org\",\"@graph\":[{\"@type\":\"WebSite\",\"@id\":\"https:\/\/lescincllunes.apuntmedia.es\/#website\",\"url\":\"https:\/\/lescincllunes.apuntmedia.es\/\",\"name\":\"Les cinc llunes\",\"description\":\"Un podcast de cultura radial\",\"potentialAction\":[{\"@type\":\"SearchAction\",\"target\":\"https:\/\/lescincllunes.apuntmedia.es\/?s={search_term_string}\",\"query-input\":\"required name=search_term_string\"}],\"inLanguage\":\"ca\"},{\"@type\":\"ImageObject\",\"@id\":\"https:\/\/lescincllunes.apuntmedia.es\/index.php\/2021\/08\/31\/capitol-19-a-la-lluna-de-valencia\/#primaryimage\",\"inLanguage\":\"ca\",\"url\":\"https:\/\/lescincllunes.apuntmedia.es\/wp-content\/uploads\/2021\/03\/BannerTEATRE.jpg\",\"width\":1000,\"height\":151},{\"@type\":\"WebPage\",\"@id\":\"https:\/\/lescincllunes.apuntmedia.es\/index.php\/2021\/08\/31\/capitol-19-a-la-lluna-de-valencia\/#webpage\",\"url\":\"https:\/\/lescincllunes.apuntmedia.es\/index.php\/2021\/08\/31\/capitol-19-a-la-lluna-de-valencia\/\",\"name\":\"Cap\\u00edtol 19 - A la lluna de Val\\u00e8ncia - Les cinc llunes\",\"isPartOf\":{\"@id\":\"https:\/\/lescincllunes.apuntmedia.es\/#website\"},\"primaryImageOfPage\":{\"@id\":\"https:\/\/lescincllunes.apuntmedia.es\/index.php\/2021\/08\/31\/capitol-19-a-la-lluna-de-valencia\/#primaryimage\"},\"datePublished\":\"2021-08-31T21:00:05+00:00\",\"dateModified\":\"2021-08-31T23:45:02+00:00\",\"author\":{\"@id\":\"https:\/\/lescincllunes.apuntmedia.es\/#\/schema\/person\/f8e959baa4607fac92352114336d23bd\"},\"breadcrumb\":{\"@id\":\"https:\/\/lescincllunes.apuntmedia.es\/index.php\/2021\/08\/31\/capitol-19-a-la-lluna-de-valencia\/#breadcrumb\"},\"inLanguage\":\"ca\",\"potentialAction\":[{\"@type\":\"ReadAction\",\"target\":[\"https:\/\/lescincllunes.apuntmedia.es\/index.php\/2021\/08\/31\/capitol-19-a-la-lluna-de-valencia\/\"]}]},{\"@type\":\"BreadcrumbList\",\"@id\":\"https:\/\/lescincllunes.apuntmedia.es\/index.php\/2021\/08\/31\/capitol-19-a-la-lluna-de-valencia\/#breadcrumb\",\"itemListElement\":[{\"@type\":\"ListItem\",\"position\":1,\"item\":{\"@type\":\"WebPage\",\"@id\":\"https:\/\/lescincllunes.apuntmedia.es\/\",\"url\":\"https:\/\/lescincllunes.apuntmedia.es\/\",\"name\":\"Inici\"}},{\"@type\":\"ListItem\",\"position\":2,\"item\":{\"@type\":\"WebPage\",\"@id\":\"https:\/\/lescincllunes.apuntmedia.es\/index.php\/2021\/08\/31\/capitol-19-a-la-lluna-de-valencia\/\",\"url\":\"https:\/\/lescincllunes.apuntmedia.es\/index.php\/2021\/08\/31\/capitol-19-a-la-lluna-de-valencia\/\",\"name\":\"Cap\\u00edtol 19 &#8211; A la lluna de Val\\u00e8ncia\"}}]},{\"@type\":\"Person\",\"@id\":\"https:\/\/lescincllunes.apuntmedia.es\/#\/schema\/person\/f8e959baa4607fac92352114336d23bd\",\"name\":\"admin\",\"image\":{\"@type\":\"ImageObject\",\"@id\":\"https:\/\/lescincllunes.apuntmedia.es\/#personlogo\",\"inLanguage\":\"ca\",\"url\":\"https:\/\/secure.gravatar.com\/avatar\/dcd85d3d685af586f211eb122e24b51bd5be615b2e57181f1910a74104899533?s=96&d=mm&r=g\",\"caption\":\"admin\"},\"sameAs\":[\"https:\/\/lescincllunes.apuntmedia.es\"]}]}<\/script>\n<!-- \/ Yoast SEO plugin. -->","_links":{"self":[{"href":"https:\/\/lescincllunes.apuntmedia.es\/index.php\/wp-json\/wp\/v2\/posts\/229","targetHints":{"allow":["GET"]}}],"collection":[{"href":"https:\/\/lescincllunes.apuntmedia.es\/index.php\/wp-json\/wp\/v2\/posts"}],"about":[{"href":"https:\/\/lescincllunes.apuntmedia.es\/index.php\/wp-json\/wp\/v2\/types\/post"}],"author":[{"embeddable":true,"href":"https:\/\/lescincllunes.apuntmedia.es\/index.php\/wp-json\/wp\/v2\/users\/1"}],"replies":[{"embeddable":true,"href":"https:\/\/lescincllunes.apuntmedia.es\/index.php\/wp-json\/wp\/v2\/comments?post=229"}],"version-history":[{"count":66,"href":"https:\/\/lescincllunes.apuntmedia.es\/index.php\/wp-json\/wp\/v2\/posts\/229\/revisions"}],"predecessor-version":[{"id":2757,"href":"https:\/\/lescincllunes.apuntmedia.es\/index.php\/wp-json\/wp\/v2\/posts\/229\/revisions\/2757"}],"wp:attachment":[{"href":"https:\/\/lescincllunes.apuntmedia.es\/index.php\/wp-json\/wp\/v2\/media?parent=229"}],"wp:term":[{"taxonomy":"category","embeddable":true,"href":"https:\/\/lescincllunes.apuntmedia.es\/index.php\/wp-json\/wp\/v2\/categories?post=229"},{"taxonomy":"post_tag","embeddable":true,"href":"https:\/\/lescincllunes.apuntmedia.es\/index.php\/wp-json\/wp\/v2\/tags?post=229"}],"curies":[{"name":"wp","href":"https:\/\/api.w.org\/{rel}","templated":true}]}}