{"id":230,"date":"2021-09-01T14:00:00","date_gmt":"2021-09-01T12:00:00","guid":{"rendered":"https:\/\/lescincllunes.apuntmedia.es\/?p=230"},"modified":"2021-09-01T18:47:27","modified_gmt":"2021-09-01T16:47:27","slug":"capitol-20-avinenca","status":"publish","type":"post","link":"https:\/\/lescincllunes.apuntmedia.es\/index.php\/2021\/09\/01\/capitol-20-avinenca\/","title":{"rendered":"Cap\u00edtol 20 &#8211; Avinen\u00e7a"},"content":{"rendered":"\n<div style=\"max-width: 960px;\"><video-js data-account=\"6057955885001\" data-player=\"kxOJQ6zBrc\" data-embed=\"default\" controls=\"\" data-video-id=\"1693298073937108557\" data-playlist-id=\"\" data-application-id=\"\" class=\"vjs-fluid\"><\/video-js><\/div>\n\n\n\n<p><\/p>\n\n\n\n<div class=\"wp-block-image\"><figure class=\"aligncenter size-full\"><img fetchpriority=\"high\" decoding=\"async\" width=\"1000\" height=\"151\" src=\"https:\/\/lescincllunes.apuntmedia.es\/wp-content\/uploads\/2021\/03\/BannerTEATRE.jpg\" alt=\"\" class=\"wp-image-46\" srcset=\"https:\/\/lescincllunes.apuntmedia.es\/wp-content\/uploads\/2021\/03\/BannerTEATRE.jpg 1000w, https:\/\/lescincllunes.apuntmedia.es\/wp-content\/uploads\/2021\/03\/BannerTEATRE-300x45.jpg 300w, https:\/\/lescincllunes.apuntmedia.es\/wp-content\/uploads\/2021\/03\/BannerTEATRE-768x116.jpg 768w\" sizes=\"(max-width: 1000px) 100vw, 1000px\" \/><\/figure><\/div>\n\n\n\n<p>Posar en marxa una obra de teatre \u00e9s b\u00e0sicament un treball d\u2019equip. Un proc\u00e9s meticul\u00f3s en el qual cada element ha d\u2019encaixar a la perfecci\u00f3 amb els altres, com si es tractara d\u2019un engranatge de precisi\u00f3. I clar, a l\u2019hora de fer funcionar este mecanisme, tota ajuda \u00e9s poca.<\/p>\n\n\n\n<div class=\"wp-block-image\"><figure class=\"aligncenter size-full\"><img decoding=\"async\" width=\"1000\" height=\"666\" src=\"https:\/\/lescincllunes.apuntmedia.es\/wp-content\/uploads\/2021\/03\/7084_C5D36757_bn.jpg\" alt=\"\" class=\"wp-image-29\" srcset=\"https:\/\/lescincllunes.apuntmedia.es\/wp-content\/uploads\/2021\/03\/7084_C5D36757_bn.jpg 1000w, https:\/\/lescincllunes.apuntmedia.es\/wp-content\/uploads\/2021\/03\/7084_C5D36757_bn-300x200.jpg 300w, https:\/\/lescincllunes.apuntmedia.es\/wp-content\/uploads\/2021\/03\/7084_C5D36757_bn-768x511.jpg 768w\" sizes=\"(max-width: 1000px) 100vw, 1000px\" \/><\/figure><\/div>\n\n\n\n<p>El teatre \u00e9s una disciplina art\u00edstica que es pot presentar en formes i estils molt diferents. En tots els casos per\u00f2, l\u2019experi\u00e8ncia \u00e9s un grau en aquest camp a l\u2019hora de saber quines hist\u00f2ries contar al p\u00fablic i quina \u00e9s la millor forma de portar-les a escena. La <strong>companyia Arden Teatre<\/strong> fa vint-i-cinc anys que ho fa. Un quart de segle al llarg del qual, si b\u00e9 les propostes i els contextos han canviat, l\u2019ess\u00e8ncia de la dramat\u00fargia segueix sent la mateixa.<\/p>\n\n\n\n<div class=\"wp-block-image\"><figure class=\"aligncenter size-full\"><img decoding=\"async\" width=\"1000\" height=\"541\" src=\"https:\/\/lescincllunes.apuntmedia.es\/wp-content\/uploads\/2021\/03\/7-reinas-banner-10.jpeg\" alt=\"\" class=\"wp-image-2486\" srcset=\"https:\/\/lescincllunes.apuntmedia.es\/wp-content\/uploads\/2021\/03\/7-reinas-banner-10.jpeg 1000w, https:\/\/lescincllunes.apuntmedia.es\/wp-content\/uploads\/2021\/03\/7-reinas-banner-10-300x162.jpeg 300w, https:\/\/lescincllunes.apuntmedia.es\/wp-content\/uploads\/2021\/03\/7-reinas-banner-10-768x415.jpeg 768w\" sizes=\"(max-width: 1000px) 100vw, 1000px\" \/><\/figure><\/div>\n\n\n\n<p>Ens colem en l\u2019assaig general de <em>7 Reinas<\/em>, la reposici\u00f3 de l\u2019obra que va inaugurar la <strong>Sala Russafa<\/strong> fa m\u00e9s de 10 anys. Sobre l\u2019escena trobem l\u2019actor <strong>Saoro Ferrer<\/strong>, interpretant la reina <strong>Maria Estuardo<\/strong>, amb gui\u00f3 de <strong>Chema Carde\u00f1a<\/strong>.<\/p>\n\n\n\n<div style=\"max-width: 960px;\"><video-js data-account=\"6057955885001\" data-player=\"kxOJQ6zBrc\" data-embed=\"default\" controls=\"\" data-video-id=\"1694299548533321805\" data-playlist-id=\"\" data-application-id=\"\" class=\"vjs-fluid\"><\/video-js><\/div>\n\n\n\n<p><\/p>\n\n\n\n<p>Precisament <strong>Chema Carde\u00f1a<\/strong> i l\u2019actor <strong>Juan Carlos Gar\u00e9s<\/strong> van decidir posar en marxa la seua pr\u00f2pia companyia, <strong>Arden<\/strong>, l\u2019any 1995 amb l\u2019objectiu de poder representar obres de repertori, de teatre cl\u00e0ssic, que no sempre tenien cabuda en l\u2019oferta habitual. Hui la seua proposta de mirar al passat per a parlar del present s\u2019ha convertit en una senya d\u2019identitat pr\u00f2pia i que els ha portat molts \u00e8xits. Un altre exemple, el veter\u00e0 <strong>Juan Mandli<\/strong>, interpretant <strong>Catalina la Gran<\/strong>, emperadriu de R\u00fassia.<\/p>\n\n\n\n<div style=\"max-width: 960px;\"><video-js data-account=\"6057955885001\" data-player=\"kxOJQ6zBrc\" data-embed=\"default\" controls=\"\" data-video-id=\"1694299679870507761\" data-playlist-id=\"\" data-application-id=\"\" class=\"vjs-fluid\"><\/video-js><\/div>\n\n\n\n<p><\/p>\n\n\n\n<p>Coincidint amb el 25 aniversari de la companyia, Arden va recuperar el passat mes de febrer la seua obra <strong><em>7 Reinas<\/em><\/strong>, una proposta de teatre d\u2019investigaci\u00f3 on set actors interpreten set dones que van regnar en el m\u00f3n en els seus dies. Deu anys despr\u00e9s de la primera estrena, la proposta segueix sent d\u2019actualitat, tant o m\u00e9s que quan es va escriure. Entre els actors que participen en l\u2019obra trobem tamb\u00e9 <strong>Jos\u00e9 Zamit<\/strong>, qui dona vida a <strong>Catalina de Su\u00e8cia<\/strong>.<\/p>\n\n\n\n<div style=\"max-width: 960px;\"><video-js data-account=\"6057955885001\" data-player=\"kxOJQ6zBrc\" data-embed=\"default\" controls=\"\" data-video-id=\"1694299678443548840\" data-playlist-id=\"\" data-application-id=\"\" class=\"vjs-fluid\"><\/video-js><\/div>\n\n\n\n<p><\/p>\n\n\n\n<p>Al llarg de tots aquests anys, el duo format per <strong>Chema Carde\u00f1a<\/strong> i <strong>Juan Carlos Gar\u00e9s<\/strong>, a m\u00e9s de ser creadors, han hagut d\u2019aprendre a fer tamb\u00e9 d\u2019empresaris. Tirar endavant una companyia de teatre no \u00e9s senzill i en aquesta feina tota ajuda \u00e9s poca. <strong>David Campillos<\/strong> \u00e9s la tercera pota en la fam\u00edlia d\u2019<strong>Arden<\/strong>, un suport fonamental per a la companyia, ja que al darrere de cada estrena i de cada obra hi ha molta feina que no es veu. En el cas de <strong>Campillos<\/strong>, a m\u00e9s d\u2019encarregar-se de la gesti\u00f3 i la producci\u00f3, en aquest <em>7 Reinas<\/em>, interpreta la m\u00fasica de l\u2019obra en directe. En el v\u00eddeo seg\u00fcent, en qu\u00e8 <strong>Manuel Valls<\/strong> interpreta <strong>Isabel de Castella<\/strong>, a <strong>David <\/strong>se\u2019l pot veure al fons de l\u2019escenari, amb el seu baix el\u00e8ctric.<\/p>\n\n\n\n<div style=\"max-width: 960px;\"><video-js data-account=\"6057955885001\" data-player=\"kxOJQ6zBrc\" data-embed=\"default\" controls=\"\" data-video-id=\"1694299677220735126\" data-playlist-id=\"\" data-application-id=\"\" class=\"vjs-fluid\"><\/video-js><\/div>\n\n\n\n<p><\/p>\n\n\n\n<p>Despr\u00e9s d\u2019haver posat en marxa la companyia, el repte seg\u00fcent d\u2019<strong>Arden<\/strong> havia de ser el de gestionar el seu propi teatre. El repte es va fer realitat i hui els tres socis gestionen tamb\u00e9 la <strong>Sala Russafa<\/strong>, un centre cultural al barri que li dona nom, obert a tota classe d\u2019iniciatives. De moment, el projecte ha complit els primers deu anys de vida amb una salut de ferro i ha aconseguit crear-se un p\u00fablic fidel.<\/p>\n\n\n\n<div class=\"wp-block-image\"><figure class=\"aligncenter size-full\"><img loading=\"lazy\" decoding=\"async\" width=\"1417\" height=\"945\" src=\"https:\/\/lescincllunes.apuntmedia.es\/wp-content\/uploads\/2021\/03\/Pre-pandemia-puerta.jpg\" alt=\"\" class=\"wp-image-2482\" srcset=\"https:\/\/lescincllunes.apuntmedia.es\/wp-content\/uploads\/2021\/03\/Pre-pandemia-puerta.jpg 1417w, https:\/\/lescincllunes.apuntmedia.es\/wp-content\/uploads\/2021\/03\/Pre-pandemia-puerta-300x200.jpg 300w, https:\/\/lescincllunes.apuntmedia.es\/wp-content\/uploads\/2021\/03\/Pre-pandemia-puerta-1024x683.jpg 1024w, https:\/\/lescincllunes.apuntmedia.es\/wp-content\/uploads\/2021\/03\/Pre-pandemia-puerta-768x512.jpg 768w\" sizes=\"(max-width: 1417px) 100vw, 1417px\" \/><\/figure><\/div>\n\n\n\n<p>Avan\u00e7ar, insistir, treballar, construir, refer i, quan sembla que has arribat all\u00e0 on volies estar, mirar enrere i tornar a comen\u00e7ar, amb la convicci\u00f3 que l\u2019important \u00e9s el cam\u00ed recorregut. Aquesta \u00e9s precisament una de les claus de l\u2019\u00e8xit d\u2019<strong>Arden<\/strong>, de <strong>Joan Carles<\/strong>, de <strong>Chema <\/strong>i de <strong>David<\/strong>, que no tenen por de mirar al passat per a pensar un futur millor. <strong>Arden <\/strong>sembla haver trobat la seua pr\u00f2pia recepta que, tant de bo seguisca funcionant almenys durant vint-i-cinc anys m\u00e9s.<\/p>\n\n\n\n<div class=\"wp-block-image\"><figure class=\"aligncenter size-full\"><img loading=\"lazy\" decoding=\"async\" width=\"1000\" height=\"648\" src=\"https:\/\/lescincllunes.apuntmedia.es\/wp-content\/uploads\/2021\/03\/EuXFXeRXYAocXY1.jpg\" alt=\"\" class=\"wp-image-67\" srcset=\"https:\/\/lescincllunes.apuntmedia.es\/wp-content\/uploads\/2021\/03\/EuXFXeRXYAocXY1.jpg 1000w, https:\/\/lescincllunes.apuntmedia.es\/wp-content\/uploads\/2021\/03\/EuXFXeRXYAocXY1-300x194.jpg 300w, https:\/\/lescincllunes.apuntmedia.es\/wp-content\/uploads\/2021\/03\/EuXFXeRXYAocXY1-768x498.jpg 768w\" sizes=\"(max-width: 1000px) 100vw, 1000px\" \/><\/figure><\/div>\n\n\n\n<p><\/p>\n\n\n\n<div class=\"wp-block-image\"><figure class=\"aligncenter size-full\"><img loading=\"lazy\" decoding=\"async\" width=\"1000\" height=\"151\" src=\"https:\/\/lescincllunes.apuntmedia.es\/wp-content\/uploads\/2021\/03\/BannerCIRC.jpg\" alt=\"\" class=\"wp-image-43\" srcset=\"https:\/\/lescincllunes.apuntmedia.es\/wp-content\/uploads\/2021\/03\/BannerCIRC.jpg 1000w, https:\/\/lescincllunes.apuntmedia.es\/wp-content\/uploads\/2021\/03\/BannerCIRC-300x45.jpg 300w, https:\/\/lescincllunes.apuntmedia.es\/wp-content\/uploads\/2021\/03\/BannerCIRC-768x116.jpg 768w\" sizes=\"(max-width: 1000px) 100vw, 1000px\" \/><\/figure><\/div>\n\n\n\n<p><em><em>Benvinguts, senyores i senyors. Benvinguts, xiquetes i xiquets. Benviguts al teatre. O millor dit, al circ. Preparats, perqu\u00e8 comen\u00e7a l\u2019espectacle<\/em>!<\/em><\/p>\n\n\n\n<div style=\"max-width: 960px;\"><video-js data-account=\"6057955885001\" data-player=\"kxOJQ6zBrc\" data-embed=\"default\" controls=\"\" data-video-id=\"1694299674538568833\" data-playlist-id=\"\" data-application-id=\"\" class=\"vjs-fluid\"><\/video-js><\/div>\n\n\n\n<p><\/p>\n\n\n\n<p>Aix\u00ed rebia el seu p\u00fablic el<strong> Circ del Gran Fele<\/strong>, una de les companyies de circ modern que m\u00e9s han treballat per la posada al dia d\u2019esta disciplina art\u00edstica. Una proposta on la pres\u00e8ncia d\u2019animals vius es va substituir per una bona dosi de fantasia, imaginaci\u00f3 i m\u00fasica en directe.<\/p>\n\n\n\n<div class=\"wp-block-image\"><figure class=\"aligncenter size-full\"><img loading=\"lazy\" decoding=\"async\" width=\"1000\" height=\"579\" src=\"https:\/\/lescincllunes.apuntmedia.es\/wp-content\/uploads\/2021\/03\/FeleGermans.jpg\" alt=\"\" class=\"wp-image-2500\" srcset=\"https:\/\/lescincllunes.apuntmedia.es\/wp-content\/uploads\/2021\/03\/FeleGermans.jpg 1000w, https:\/\/lescincllunes.apuntmedia.es\/wp-content\/uploads\/2021\/03\/FeleGermans-300x174.jpg 300w, https:\/\/lescincllunes.apuntmedia.es\/wp-content\/uploads\/2021\/03\/FeleGermans-768x445.jpg 768w\" sizes=\"(max-width: 1000px) 100vw, 1000px\" \/><\/figure><\/div>\n\n\n\n<p><strong><strong>Estufeta de cor<\/strong><\/strong>, la nostra pallassa de cap\u00e7alera, ens acompanya a visitar l\u2019emblem\u00e0tic espai on la companyia ha produ\u00eft i assajat tots els seus espectacles, i on descansen una quantitat immensa de disfresses, decorats i estructures de tota mena esperant una nova oportunitat en algun espectacle pr\u00f2xim.<\/p>\n\n\n\n<div style=\"max-width: 960px;\"><video-js data-account=\"6057955885001\" data-player=\"kxOJQ6zBrc\" data-embed=\"default\" controls=\"\" data-video-id=\"1694299675747646357\" data-playlist-id=\"\" data-application-id=\"\" class=\"vjs-fluid\"><\/video-js><\/div>\n\n\n\n<p><\/p>\n\n\n\n<p>La companyia es va posar en marxa fa m\u00e9s de vint anys, dues d\u00e8cades al llarg de les quals han portat els seus espectacles per tot el m\u00f3n i que els han valgut importants reconeixements nacionals i internacionals.<\/p>\n\n\n\n<div class=\"wp-block-image\"><figure class=\"aligncenter size-full\"><img loading=\"lazy\" decoding=\"async\" width=\"1000\" height=\"667\" src=\"https:\/\/lescincllunes.apuntmedia.es\/wp-content\/uploads\/2021\/03\/FeleXiquets.jpg\" alt=\"\" class=\"wp-image-2501\" srcset=\"https:\/\/lescincllunes.apuntmedia.es\/wp-content\/uploads\/2021\/03\/FeleXiquets.jpg 1000w, https:\/\/lescincllunes.apuntmedia.es\/wp-content\/uploads\/2021\/03\/FeleXiquets-300x200.jpg 300w, https:\/\/lescincllunes.apuntmedia.es\/wp-content\/uploads\/2021\/03\/FeleXiquets-768x512.jpg 768w\" sizes=\"(max-width: 1000px) 100vw, 1000px\" \/><\/figure><\/div>\n\n\n\n<p>La tradici\u00f3 del Gran Fele per\u00f2, es remunta m\u00e9s enrere en el temps, quan <strong>Rafael Pla Albiach<\/strong> i <strong>Jos\u00e9 Manuel Pla Albiach<\/strong> van prendre el relleu de son pare, un pallasso que en la d\u00e8cada dels 50 esquivava la censura per omplir de rialles i d\u2019alegria les places i els carrers de Val\u00e8ncia. A poc a poc, els dos germans van posar en marxa una companyia que s\u2019ha caracteritzat per la capacitat de sorprendre grans i menuts.<\/p>\n\n\n\n<div class=\"wp-block-image\"><figure class=\"aligncenter size-full\"><img loading=\"lazy\" decoding=\"async\" width=\"1000\" height=\"721\" src=\"https:\/\/lescincllunes.apuntmedia.es\/wp-content\/uploads\/2021\/03\/FeleGermansBN.jpg\" alt=\"\" class=\"wp-image-2502\" srcset=\"https:\/\/lescincllunes.apuntmedia.es\/wp-content\/uploads\/2021\/03\/FeleGermansBN.jpg 1000w, https:\/\/lescincllunes.apuntmedia.es\/wp-content\/uploads\/2021\/03\/FeleGermansBN-300x216.jpg 300w, https:\/\/lescincllunes.apuntmedia.es\/wp-content\/uploads\/2021\/03\/FeleGermansBN-768x554.jpg 768w\" sizes=\"(max-width: 1000px) 100vw, 1000px\" \/><\/figure><\/div>\n\n\n\n<style id=\"bwg-style-0\">    #bwg_container1_0 #bwg_container2_0 .bwg-container-0.bwg-standard-thumbnails {      width: 1254px;              justify-content: center;        margin:0 auto !important;              background-color: rgba(255, 255, 255, 0.00);            padding-left: 4px;      padding-top: 4px;      max-width: 100%;            }        #bwg_container1_0 #bwg_container2_0 .bwg-container-0.bwg-standard-thumbnails .bwg-item {      justify-content: flex-start;      max-width: 250px;          }    #bwg_container1_0 #bwg_container2_0 .bwg-container-0.bwg-standard-thumbnails .bwg-item > a {       margin-right: 4px;       margin-bottom: 4px;    }    #bwg_container1_0 #bwg_container2_0 .bwg-container-0.bwg-standard-thumbnails .bwg-item0 {      padding: 0px;            background-color:rgba(0,0,0, 0.30);      border: 0px none #CCCCCC;      opacity: 1.00;      border-radius: 0;      box-shadow: ;    }    #bwg_container1_0 #bwg_container2_0 .bwg-container-0.bwg-standard-thumbnails .bwg-item1 img {      max-height: none;      max-width: none;      padding: 0 !important;    }         @media only screen and (min-width: 480px) {\t\t#bwg_container1_0 #bwg_container2_0 .bwg-container-0.bwg-standard-thumbnails .bwg-item1 img {\t\t\t-webkit-transition: all .3s; transition: all .3s;\t\t}\t\t#bwg_container1_0 #bwg_container2_0 .bwg-container-0.bwg-standard-thumbnails .bwg-item1 img:hover {\t\t\t-ms-transform: scale(1.08);\t\t\t-webkit-transform: scale(1.08);\t\t\ttransform: scale(1.08);\t\t}\t\t\t\t.bwg-standard-thumbnails .bwg-zoom-effect .bwg-zoom-effect-overlay {\t\t\t\t\t\tbackground-color:rgba(0,0,0, 0.3);\t\t}\t\t.bwg-standard-thumbnails .bwg-zoom-effect:hover img {\t\t\t-ms-transform: scale(1.08);\t\t\t-webkit-transform: scale(1.08);\t\t\ttransform: scale(1.08);\t\t}\t\t      }\t    #bwg_container1_0 #bwg_container2_0 .bwg-container-0.bwg-standard-thumbnails .bwg-item1 {      padding-top: 56%;    }        #bwg_container1_0 #bwg_container2_0 .bwg-container-0.bwg-standard-thumbnails .bwg-title1 {      position: absolute;      top: 0;      z-index: 100;      width: 100%;      height: 100%;      display: flex;      justify-content: center;      align-content: center;      flex-direction: column;      opacity: 0;    }\t      #bwg_container1_0 #bwg_container2_0 .bwg-container-0.bwg-standard-thumbnails .bwg-title2,    #bwg_container1_0 #bwg_container2_0 .bwg-container-0.bwg-standard-thumbnails .bwg-ecommerce2 {      color: #FFFFFF;      font-family: Ubuntu;      font-size: 16px;      font-weight: bold;      padding: 2px;      text-shadow: ;      max-height: 100%;    }    #bwg_container1_0 #bwg_container2_0 .bwg-container-0.bwg-standard-thumbnails .bwg-thumb-description span {    color: #323A45;    font-family: Ubuntu;    font-size: 12px;    max-height: 100%;    word-wrap: break-word;    }    #bwg_container1_0 #bwg_container2_0 .bwg-container-0.bwg-standard-thumbnails .bwg-play-icon2 {      font-size: 32px;    }    #bwg_container1_0 #bwg_container2_0 .bwg-container-0.bwg-standard-thumbnails .bwg-ecommerce2 {      font-size: 19.2px;      color: #323A45;    }    <\/style>    <div id=\"bwg_container1_0\"         class=\"bwg_container bwg_thumbnail bwg_thumbnails\"         data-right-click-protection=\"0\"         data-bwg=\"0\"         data-current-url=\"https:\/\/lescincllunes.apuntmedia.es\/index.php\/wp-json\/wp\/v2\/posts\/230\"         data-lightbox-url=\"https:\/\/lescincllunes.apuntmedia.es\/wp-admin\/admin-ajax.php?action=GalleryBox&current_view=0&gallery_id=3&tag=0&theme_id=1&shortcode_id=9&sort_by=order&order_by=asc&current_url=https%3A%2F%2Flescincllunes.apuntmedia.es%2Findex.php%2Fwp-json%2Fwp%2Fv2%2Fposts%2F230\"         data-gallery-id=\"3\"         data-popup-width=\"800\"         data-popup-height=\"500\"         data-buttons-position=\"bottom\">      <div id=\"bwg_container2_0\">             <div id=\"ajax_loading_0\" class=\"bwg_loading_div_1\">      <div class=\"bwg_loading_div_2\">        <div class=\"bwg_loading_div_3\">          <div id=\"loading_div_0\" class=\"bwg_spider_ajax_loading\">          <\/div>        <\/div>      <\/div>    <\/div>            <form id=\"gal_front_form_0\"              class=\"bwg-hidden\"              method=\"post\"              action=\"#\"              data-current=\"0\"              data-shortcode-id=\"9\"              data-gallery-type=\"thumbnails\"              data-gallery-id=\"3\"              data-tag=\"0\"              data-album-id=\"0\"              data-theme-id=\"1\"              data-ajax-url=\"https:\/\/lescincllunes.apuntmedia.es\/wp-admin\/admin-ajax.php?action=bwg_frontend_data\">          <div id=\"bwg_container3_0\" class=\"bwg-background bwg-background-0\">                <div data-max-count=\"5\"         data-thumbnail-width=\"250\"         data-bwg=\"0\"         data-gallery-id=\"3\"         data-lightbox-url=\"https:\/\/lescincllunes.apuntmedia.es\/wp-admin\/admin-ajax.php?action=GalleryBox&current_view=0&gallery_id=3&tag=0&theme_id=1&shortcode_id=9&sort_by=order&order_by=asc&current_url=https%3A%2F%2Flescincllunes.apuntmedia.es%2Findex.php%2Fwp-json%2Fwp%2Fv2%2Fposts%2F230\"         id=\"bwg_thumbnails_0\"         class=\"bwg-container-0 bwg-thumbnails bwg-standard-thumbnails bwg-container bwg-border-box\">            <div class=\"bwg-item\">        <a class=\"bwg-a bwg_lightbox\"  data-image-id=\"11\" href=\"https:\/\/lescincllunes.apuntmedia.es\/wp-content\/uploads\/photo-gallery\/FeleAntic.jpg?bwg=1615937531\">                <div class=\"bwg-item0 \">          <div class=\"bwg-item1 bwg-zoom-effect\">            <div class=\"bwg-item2\">              <img decoding=\"async\" class=\"skip-lazy bwg_standart_thumb_img_0 \"                   data-id=\"11\"                   data-width=\"500\"                   data-height=\"331\"                   data-original=\"https:\/\/lescincllunes.apuntmedia.es\/wp-content\/uploads\/photo-gallery\/thumb\/FeleAntic.jpg?bwg=1615937531\"                   src=\"https:\/\/lescincllunes.apuntmedia.es\/wp-content\/uploads\/photo-gallery\/thumb\/FeleAntic.jpg?bwg=1615937531\"                   alt=\"Gran Fele\" \/>            <\/div>            <div class=\"bwg-zoom-effect-overlay\">              <div class=\"bwg-title1\"><div class=\"bwg-title2\">Gran Fele<\/div><\/div>                                        <\/div>          <\/div>        <\/div>                                <\/a>      <\/div>            <div class=\"bwg-item\">        <a class=\"bwg-a bwg_lightbox\"  data-image-id=\"10\" href=\"https:\/\/lescincllunes.apuntmedia.es\/wp-content\/uploads\/photo-gallery\/FeleXiqueta.jpg?bwg=1615937531\">                <div class=\"bwg-item0 \">          <div class=\"bwg-item1 bwg-zoom-effect\">            <div class=\"bwg-item2\">              <img decoding=\"async\" class=\"skip-lazy bwg_standart_thumb_img_0 \"                   data-id=\"10\"                   data-width=\"500\"                   data-height=\"361\"                   data-original=\"https:\/\/lescincllunes.apuntmedia.es\/wp-content\/uploads\/photo-gallery\/thumb\/FeleXiqueta.jpg?bwg=1615937531\"                   src=\"https:\/\/lescincllunes.apuntmedia.es\/wp-content\/uploads\/photo-gallery\/thumb\/FeleXiqueta.jpg?bwg=1615937531\"                   alt=\"Gran Fele\" \/>            <\/div>            <div class=\"bwg-zoom-effect-overlay\">              <div class=\"bwg-title1\"><div class=\"bwg-title2\">Gran Fele<\/div><\/div>                                        <\/div>          <\/div>        <\/div>                                <\/a>      <\/div>            <div class=\"bwg-item\">        <a class=\"bwg-a bwg_lightbox\"  data-image-id=\"9\" href=\"https:\/\/lescincllunes.apuntmedia.es\/wp-content\/uploads\/photo-gallery\/Fele1.jpg?bwg=1615937531\">                <div class=\"bwg-item0 \">          <div class=\"bwg-item1 bwg-zoom-effect\">            <div class=\"bwg-item2\">              <img decoding=\"async\" class=\"skip-lazy bwg_standart_thumb_img_0 \"                   data-id=\"9\"                   data-width=\"500\"                   data-height=\"376\"                   data-original=\"https:\/\/lescincllunes.apuntmedia.es\/wp-content\/uploads\/photo-gallery\/thumb\/Fele1.jpg?bwg=1615937531\"                   src=\"https:\/\/lescincllunes.apuntmedia.es\/wp-content\/uploads\/photo-gallery\/thumb\/Fele1.jpg?bwg=1615937531\"                   alt=\"Gran Fele\" \/>            <\/div>            <div class=\"bwg-zoom-effect-overlay\">              <div class=\"bwg-title1\"><div class=\"bwg-title2\">Gran Fele<\/div><\/div>                                        <\/div>          <\/div>        <\/div>                                <\/a>      <\/div>          <\/div>    <style>      \/*pagination styles*\/      #bwg_container1_0 #bwg_container2_0 .tablenav-pages_0 {      text-align: center;      font-size: 12px;      font-family: Ubuntu;      font-weight: bold;      color: #666666;      margin: 6px 0 4px;      display: block;      height: 30px;      line-height: 30px;      }      @media only screen and (max-width : 320px) {      #bwg_container1_0 #bwg_container2_0 .displaying-num_0 {      display: none;      }      }      #bwg_container1_0 #bwg_container2_0 .displaying-num_0 {      font-size: 12px;      font-family: Ubuntu;      font-weight: bold;      color: #666666;      margin-right: 10px;      vertical-align: middle;      }      #bwg_container1_0 #bwg_container2_0 .paging-input_0 {      font-size: 12px;      font-family: Ubuntu;      font-weight: bold;      color: #666666;      vertical-align: middle;      }      #bwg_container1_0 #bwg_container2_0 .tablenav-pages_0 a.disabled,      #bwg_container1_0 #bwg_container2_0 .tablenav-pages_0 a.disabled:hover,      #bwg_container1_0 #bwg_container2_0 .tablenav-pages_0 a.disabled:focus {      cursor: default;      color: rgba(102, 102, 102, 0.5);      }      #bwg_container1_0 #bwg_container2_0 .tablenav-pages_0 a {      cursor: pointer;      font-size: 12px;      font-family: Ubuntu;      font-weight: bold;      color: #666666;      text-decoration: none;      padding: 3px 6px;      margin: 0;      border-radius: 0;      border-style: solid;      border-width: 1px;      border-color: #E3E3E3;      background-color: #FFFFFF;      opacity: 1.00;      box-shadow: 0;      transition: all 0.3s ease 0s;-webkit-transition: all 0.3s ease 0s;      }      <\/style>      <span class=\"bwg_nav_cont_0\">              <div class=\"tablenav-pages_0\">                  <\/div>                <input type=\"hidden\" id=\"page_number_0\" name=\"page_number_0\" value=\"1\" \/>      <script type=\"text\/javascript\">        function spider_page_0(cur, x, y, load_more) {          if (typeof load_more == \"undefined\") {            var load_more = false;          }          if (jQuery(cur).hasClass('disabled')) {            return false;          }          var items_county_0 = 1;          switch (y) {            case 1:              if (x >= items_county_0) {                document.getElementById('page_number_0').value = items_county_0;              }              else {                document.getElementById('page_number_0').value = x + 1;              }              break;            case 2:              document.getElementById('page_number_0').value = items_county_0;              break;            case -1:              if (x == 1) {                document.getElementById('page_number_0').value = 1;              }              else {                document.getElementById('page_number_0').value = x - 1;              }              break;            case -2:              document.getElementById('page_number_0').value = 1;              break;            default:              document.getElementById('page_number_0').value = 1;          }          bwg_ajax('gal_front_form_0', '0', 'bwg_thumbnails_0', '0', '', 'gallery', 0, '', '', load_more, '', 1);        }                    jQuery('.first-page-0').on('click', function () {              spider_page_0(this, 1, -2, 'numeric');              return false;            });            jQuery('.prev-page-0').on('click', function () {              spider_page_0(this, 1, -1, 'numeric');              return false;            });            jQuery('.next-page-0').on('click', function () {              spider_page_0(this, 1, 1, 'numeric');              return false;            });            jQuery('.last-page-0').on('click', function () {              spider_page_0(this, 1, 2, 'numeric');              return false;            });                jQuery('.bwg_load_btn_0').on('click', function () {            spider_page_0(this, 1, 1, true);            return false;        });      <\/script>      <\/span>                <\/div>        <\/form>          <style>          #bwg_container1_0 #bwg_container2_0 #spider_popup_overlay_0 {          background-color: #EEEEEE;          opacity: 0.60;          }          <\/style>        <div id=\"bwg_spider_popup_loading_0\" class=\"bwg_spider_popup_loading\"><\/div>        <div id=\"spider_popup_overlay_0\" class=\"spider_popup_overlay\" onclick=\"spider_destroypopup(1000)\"><\/div>        <input type=\"hidden\" id=\"bwg_random_seed_0\" value=\"1307550690\">                <\/div>    <\/div>    <script>      document.addEventListener('DOMContentLoaded', function() {        if( typeof bwg_main_ready == 'function' ) {          bwg_main_ready();        }      });    <\/script>    \n\n\n\n<p>Aix\u00ed, mentre <strong>Jos\u00e9 Manuel<\/strong> es posava el nas de pallasso, i es convertia en l\u2019admirable <strong><em>Senyor Pla<\/em><\/strong>, <strong>Rafa<\/strong> va deixar de costat la disfressa per fer de la seua barba, del seu bast\u00f3 i del seu tarann\u00e0 particular, una senya d\u2019identitat pr\u00f2pia.<\/p>\n\n\n\n<figure class=\"wp-block-audio\"><audio controls src=\"https:\/\/lescincllunes.apuntmedia.es\/wp-content\/uploads\/2021\/03\/TALL-Jose-Manuel-Web.mp3\"><\/audio><\/figure>\n\n\n\n<p>Malauradament, l\u2019<em>alma mater<\/em> del Gran Fele, <strong>Rafa Pla<\/strong>, ens va deixar el passat octubre de 2020, per\u00f2 el seu llegat i l\u2019estima dels qui van treballar amb ell serveixen per a recordar la vitalitat d\u2019un home que va saber revolucionar el seu m\u00f3n. L\u2019espectacle, una vegada m\u00e9s, ha de continuar.<\/p>\n\n\n\n<div class=\"wp-block-image\"><figure class=\"aligncenter size-full\"><img loading=\"lazy\" decoding=\"async\" width=\"1000\" height=\"668\" src=\"https:\/\/lescincllunes.apuntmedia.es\/wp-content\/uploads\/2021\/03\/2018-Luna\u0301ticos-3.jpg\" alt=\"\" class=\"wp-image-2506\" srcset=\"https:\/\/lescincllunes.apuntmedia.es\/wp-content\/uploads\/2021\/03\/2018-Luna\u0301ticos-3.jpg 1000w, https:\/\/lescincllunes.apuntmedia.es\/wp-content\/uploads\/2021\/03\/2018-Luna\u0301ticos-3-300x200.jpg 300w, https:\/\/lescincllunes.apuntmedia.es\/wp-content\/uploads\/2021\/03\/2018-Luna\u0301ticos-3-768x513.jpg 768w\" sizes=\"(max-width: 1000px) 100vw, 1000px\" \/><\/figure><\/div>\n\n\n\n<p><\/p>\n\n\n\n<div class=\"wp-block-image\"><figure class=\"aligncenter size-full\"><img loading=\"lazy\" decoding=\"async\" width=\"1000\" height=\"151\" src=\"https:\/\/lescincllunes.apuntmedia.es\/wp-content\/uploads\/2021\/03\/COLORS_Separadors-21.jpg\" alt=\"\" class=\"wp-image-951\" srcset=\"https:\/\/lescincllunes.apuntmedia.es\/wp-content\/uploads\/2021\/03\/COLORS_Separadors-21.jpg 1000w, https:\/\/lescincllunes.apuntmedia.es\/wp-content\/uploads\/2021\/03\/COLORS_Separadors-21-300x45.jpg 300w, https:\/\/lescincllunes.apuntmedia.es\/wp-content\/uploads\/2021\/03\/COLORS_Separadors-21-768x116.jpg 768w\" sizes=\"(max-width: 1000px) 100vw, 1000px\" \/><\/figure><\/div>\n\n\n\n<div class=\"wp-block-image\"><figure class=\"aligncenter size-full\"><img loading=\"lazy\" decoding=\"async\" width=\"1001\" height=\"101\" src=\"https:\/\/lescincllunes.apuntmedia.es\/wp-content\/uploads\/2021\/03\/COLORS_Separadors-09.jpg\" alt=\"\" class=\"wp-image-984\" srcset=\"https:\/\/lescincllunes.apuntmedia.es\/wp-content\/uploads\/2021\/03\/COLORS_Separadors-09.jpg 1001w, https:\/\/lescincllunes.apuntmedia.es\/wp-content\/uploads\/2021\/03\/COLORS_Separadors-09-300x30.jpg 300w, https:\/\/lescincllunes.apuntmedia.es\/wp-content\/uploads\/2021\/03\/COLORS_Separadors-09-768x77.jpg 768w\" sizes=\"(max-width: 1001px) 100vw, 1001px\" \/><\/figure><\/div>\n\n\n\n<h2 class=\"wp-block-heading\">Cap\u00edtol 5: <em>Sons xicotets<\/em><\/h2>\n\n\n\n<p>Estem a casa d\u2019<strong>Edu Comelles<\/strong>. Hui no eixirem d\u2019aquestes quatre parets, perqu\u00e8 despr\u00e9s de la pand\u00e8mia i el confinament que vam viure el 2020, vam aprendre a familiaritzar-nos cada dia amb un paisatge sonor de portes endins, de sons xicotets, pr\u00f2xims i a cau d\u2019orella. Fem un xicotet recorregut per eixos paisatges quotidians de dist\u00e0ncies curtes i horitzons sonors.<\/p>\n\n\n\n<div class=\"wp-block-image\"><figure class=\"aligncenter size-full\"><img loading=\"lazy\" decoding=\"async\" width=\"1000\" height=\"652\" src=\"https:\/\/lescincllunes.apuntmedia.es\/wp-content\/uploads\/2021\/03\/SONS-XICOTETS-02.jpg\" alt=\"\" class=\"wp-image-150\" srcset=\"https:\/\/lescincllunes.apuntmedia.es\/wp-content\/uploads\/2021\/03\/SONS-XICOTETS-02.jpg 1000w, https:\/\/lescincllunes.apuntmedia.es\/wp-content\/uploads\/2021\/03\/SONS-XICOTETS-02-300x196.jpg 300w, https:\/\/lescincllunes.apuntmedia.es\/wp-content\/uploads\/2021\/03\/SONS-XICOTETS-02-768x501.jpg 768w\" sizes=\"(max-width: 1000px) 100vw, 1000px\" \/><\/figure><\/div>\n\n\n\n<p>I qu\u00e8 \u00e9s aix\u00f2 de l\u2019horitz\u00f3 sonor? L\u2019horitz\u00f3 sonor \u00e9s la dist\u00e0ncia m\u00e0xima que ens separa a nosaltres com a oients del so m\u00e9s lluny\u00e0 que podem escoltar. Per aix\u00f2, si ens va tocar passar el confinament en un pis xicotet, el nostre horitz\u00f3 sonor dif\u00edcilment arriba als 40 metres quadrats, per posar una xifra.<\/p>\n\n\n\n<div class=\"wp-block-image\"><figure class=\"aligncenter size-full\"><img loading=\"lazy\" decoding=\"async\" width=\"1000\" height=\"555\" src=\"https:\/\/lescincllunes.apuntmedia.es\/wp-content\/uploads\/2021\/03\/SONS-XICOTETS-01.jpg\" alt=\"\" class=\"wp-image-149\" srcset=\"https:\/\/lescincllunes.apuntmedia.es\/wp-content\/uploads\/2021\/03\/SONS-XICOTETS-01.jpg 1000w, https:\/\/lescincllunes.apuntmedia.es\/wp-content\/uploads\/2021\/03\/SONS-XICOTETS-01-300x167.jpg 300w, https:\/\/lescincllunes.apuntmedia.es\/wp-content\/uploads\/2021\/03\/SONS-XICOTETS-01-768x426.jpg 768w\" sizes=\"(max-width: 1000px) 100vw, 1000px\" \/><\/figure><\/div>\n\n\n\n<p>Durant la pand\u00e8mia, la iniciativa <em>Home Diaries<\/em> fou una invitaci\u00f3 a artistes i m\u00fasics per a crear un disc o EP que documentara la seua experi\u00e8ncia personal amb el confinament i el distanciament social. La s\u00e8rie reflecteix una varietat de sons, estils i idees \u00faniques de cada artista en aquella situaci\u00f3 complicada. Podeu escoltar totes les peces de <em>Home Diaries<\/em> en el <a href=\"https:\/\/whitelabrecs.com\/home-diaries\/\">web del projecte<\/a>.<\/p>\n\n\n\n<div class=\"wp-block-image\"><figure class=\"aligncenter size-full\"><img loading=\"lazy\" decoding=\"async\" width=\"1000\" height=\"1000\" src=\"https:\/\/lescincllunes.apuntmedia.es\/wp-content\/uploads\/2021\/03\/a3063895572_10.jpg\" alt=\"\" class=\"wp-image-32\" srcset=\"https:\/\/lescincllunes.apuntmedia.es\/wp-content\/uploads\/2021\/03\/a3063895572_10.jpg 1000w, https:\/\/lescincllunes.apuntmedia.es\/wp-content\/uploads\/2021\/03\/a3063895572_10-300x300.jpg 300w, https:\/\/lescincllunes.apuntmedia.es\/wp-content\/uploads\/2021\/03\/a3063895572_10-150x150.jpg 150w, https:\/\/lescincllunes.apuntmedia.es\/wp-content\/uploads\/2021\/03\/a3063895572_10-768x768.jpg 768w\" sizes=\"(max-width: 1000px) 100vw, 1000px\" \/><\/figure><\/div>\n\n\n\n<p>L\u2019aportaci\u00f3 d\u2019<strong>Edu Comelles<\/strong> a la iniciativa va ser <em>Mirar Lluny<\/em>, una pe\u00e7a que il\u00b7lustrava un 2020 ocupat amb l\u2019arribada dels seus bessons. El treball, enregistrat en els xicotets moments de temps lliure que la nova paternitat li deixava, \u00e9s una composici\u00f3 meditativa, cl\u00e0ssica per\u00f2 alhora moderna, la m\u00e9s musical del creador fins ara.<\/p>\n\n\n\n<iframe style=\"border: 0; width: 100%; height: 120px;\" src=\"https:\/\/bandcamp.com\/EmbeddedPlayer\/album=3841908540\/size=large\/bgcol=ffffff\/linkcol=0687f5\/tracklist=false\/artwork=small\/transparent=true\/\" seamless=\"\"><a href=\"https:\/\/educomelles.bandcamp.com\/album\/mirar-lluny\">Mirar Lluny by edu comelles<\/a><\/iframe>\n\n\n\n<p><strong><strong>Six Drummers<\/strong><\/strong> \u00e9s un col\u00b7lectiu d\u2019artistes que fan m\u00fasica, pel\u00b7l\u00edcules i actuacions en directe que pretenen reptar els fonaments de la m\u00fasica i explorar els l\u00edmits entre el so, la m\u00fasica i la imatge. En <em>Music for one apartment and six drummers<\/em> trenquen totes les regles per a fer m\u00fasica utilitzant tota mena d\u2019objectes quotidians que podem trobar dins d\u2019una vivenda com a instruments.<\/p>\n\n\n\n<p><\/p>\n\n\n\n<figure class=\"wp-block-embed aligncenter is-type-video is-provider-youtube wp-block-embed-youtube wp-embed-aspect-4-3 wp-has-aspect-ratio\"><div class=\"wp-block-embed__wrapper\">\n<iframe title=\"SOUND OF NOISE - Music for One Apartment and Six Drummers\" width=\"750\" height=\"563\" src=\"https:\/\/www.youtube.com\/embed\/R3jvO4cdxR8?feature=oembed\" frameborder=\"0\" allow=\"accelerometer; autoplay; clipboard-write; encrypted-media; gyroscope; picture-in-picture\" allowfullscreen><\/iframe>\n<\/div><\/figure>\n\n\n\n<p><\/p>\n\n\n\n<p>I acabem aquesta \u00faltima pe\u00e7a de \u201cNotes de so\u201d de la m\u00e0 d\u2019un expert en sons a cau d\u2019orella, un alquimista del silenci i de la calidesa de les coses redu\u00efdes, dels sons xicotes basats en la proximitat i en la quotidianitat que ens han acompanyat des de les nostres cases, siguen grans o xicotetes. <em>Peque\u00f1as melod\u00edas<\/em> \u00e9s la proposta de l\u2019artista argent\u00ed <strong>Federico Durand<\/strong>.<\/p>\n\n\n\n<iframe style=\"border: 0; width: 100%; height: 120px;\" src=\"https:\/\/bandcamp.com\/EmbeddedPlayer\/album=2664899596\/size=large\/bgcol=ffffff\/linkcol=0687f5\/tracklist=false\/artwork=small\/transparent=true\/\" seamless=\"\"><a href=\"https:\/\/iikki.bandcamp.com\/album\/pequen-as-melod-as\">Pequen\u0303as Melod\u00edas by Federico Durand<\/a><\/iframe>\n\n\n\n<p>Autor de totes les fotos: <strong>Edu Comelles<\/strong><\/p>\n\n\n\n<p><\/p>\n\n\n\n<div class=\"wp-block-image\"><figure class=\"aligncenter size-full\"><img loading=\"lazy\" decoding=\"async\" width=\"1000\" height=\"151\" src=\"https:\/\/lescincllunes.apuntmedia.es\/wp-content\/uploads\/2021\/03\/BannerCINEMA.jpg\" alt=\"\" class=\"wp-image-42\" srcset=\"https:\/\/lescincllunes.apuntmedia.es\/wp-content\/uploads\/2021\/03\/BannerCINEMA.jpg 1000w, https:\/\/lescincllunes.apuntmedia.es\/wp-content\/uploads\/2021\/03\/BannerCINEMA-300x45.jpg 300w, https:\/\/lescincllunes.apuntmedia.es\/wp-content\/uploads\/2021\/03\/BannerCINEMA-768x116.jpg 768w\" sizes=\"(max-width: 1000px) 100vw, 1000px\" \/><\/figure><\/div>\n\n\n\n<div class=\"wp-block-image\"><figure class=\"aligncenter size-full\"><img loading=\"lazy\" decoding=\"async\" width=\"1001\" height=\"101\" src=\"https:\/\/lescincllunes.apuntmedia.es\/wp-content\/uploads\/2021\/03\/SonaLaFilmo-03.jpg\" alt=\"\" class=\"wp-image-148\" srcset=\"https:\/\/lescincllunes.apuntmedia.es\/wp-content\/uploads\/2021\/03\/SonaLaFilmo-03.jpg 1001w, https:\/\/lescincllunes.apuntmedia.es\/wp-content\/uploads\/2021\/03\/SonaLaFilmo-03-300x30.jpg 300w, https:\/\/lescincllunes.apuntmedia.es\/wp-content\/uploads\/2021\/03\/SonaLaFilmo-03-768x77.jpg 768w\" sizes=\"(max-width: 1001px) 100vw, 1001px\" \/><\/figure><\/div>\n\n\n\n<h2 class=\"wp-block-heading\"><em>Berlanguianes.<\/em><\/h2>\n\n\n\n<p>El terme <em>berlangui\u00e0<\/em>\/<em>berlanguiana<\/em> va ser acceptat per la <a href=\"https:\/\/dle.rae.es\/berlanguiano\" target=\"_blank\" rel=\"noreferrer noopener\">Reial Acad\u00e8mia Espanyola<\/a> a les portes de l\u2019Any Berlanga, en novembre de 2020.<\/p>\n\n\n\n<div class=\"wp-block-image is-style-default\"><figure class=\"aligncenter size-full\"><a href=\"https:\/\/dle.rae.es\/berlanguiano\" target=\"_blank\" rel=\"noopener\"><img loading=\"lazy\" decoding=\"async\" width=\"1000\" height=\"349\" src=\"https:\/\/lescincllunes.apuntmedia.es\/wp-content\/uploads\/2021\/03\/Berlanguiano_Mesa-de-trabajo-1.jpg\" alt=\"\" class=\"wp-image-649\" srcset=\"https:\/\/lescincllunes.apuntmedia.es\/wp-content\/uploads\/2021\/03\/Berlanguiano_Mesa-de-trabajo-1.jpg 1000w, https:\/\/lescincllunes.apuntmedia.es\/wp-content\/uploads\/2021\/03\/Berlanguiano_Mesa-de-trabajo-1-300x105.jpg 300w, https:\/\/lescincllunes.apuntmedia.es\/wp-content\/uploads\/2021\/03\/Berlanguiano_Mesa-de-trabajo-1-768x268.jpg 768w\" sizes=\"(max-width: 1000px) 100vw, 1000px\" \/><\/a><\/figure><\/div>\n\n\n\n<p>La incorporaci\u00f3 del concepte al diccionari de la llengua espanyola va ser a proposta inicial de <strong>Jos\u00e9 Lu\u00eds Borau<\/strong>, president de l\u2019Acad\u00e8mia de Cine entre 1994 i 1998, que en el seu discurs d\u2019ingr\u00e9s en la RAE va explicar els motius de la seua reivindicaci\u00f3:<\/p>\n\n\n\n<p>\u201cCada vegada escoltem m\u00e9s freq\u00fcentment descriure un personatge o una situaci\u00f3 de la vida real com felliniana, bu\u00f1uelesca o berlanguiana. Terme, aquest \u00faltim, que caldria incorporar al diccionari de la llengua espanyola, com homenatge a qui ens ha proporcionat una visi\u00f3 agredol\u00e7a i commovedora de nosaltres mateixos, a m\u00e9s de ser, de portes endins, el nostre primer creador cinematogr\u00e0fic.\u201d<\/p>\n\n\n\n<div class=\"wp-block-image\"><figure class=\"aligncenter size-full\"><img loading=\"lazy\" decoding=\"async\" width=\"1000\" height=\"680\" src=\"https:\/\/lescincllunes.apuntmedia.es\/wp-content\/uploads\/2021\/03\/1967_Boutique_rodaje_02_forCrop.jpg\" alt=\"\" class=\"wp-image-674\" srcset=\"https:\/\/lescincllunes.apuntmedia.es\/wp-content\/uploads\/2021\/03\/1967_Boutique_rodaje_02_forCrop.jpg 1000w, https:\/\/lescincllunes.apuntmedia.es\/wp-content\/uploads\/2021\/03\/1967_Boutique_rodaje_02_forCrop-300x204.jpg 300w, https:\/\/lescincllunes.apuntmedia.es\/wp-content\/uploads\/2021\/03\/1967_Boutique_rodaje_02_forCrop-768x522.jpg 768w, https:\/\/lescincllunes.apuntmedia.es\/wp-content\/uploads\/2021\/03\/1967_Boutique_rodaje_02_forCrop-340x230.jpg 340w\" sizes=\"(max-width: 1000px) 100vw, 1000px\" \/><\/figure><\/div>\n\n\n\n<p><strong><span class=\"has-inline-color has-black-color\"><strong>Luis Garc\u00eda Berlanga<\/strong><\/span><\/strong><span class=\"has-inline-color has-black-color\"> reuneix els m\u00e8rits propis perqu\u00e8 el seu nom haja inspirat un qualificatiu est\u00e9s i popularitzat \u2015i ara ja reconegut oficialment\u2015 i perqu\u00e8 totes les institucions de l\u2019\u00e0mbit cultural, aix\u00ed com els governs espanyol i valenci\u00e0, es bolquen enguany en la commemoraci\u00f3 del centenari del seu naixement.<\/span><\/p>\n\n\n\n<div class=\"wp-block-image\"><figure class=\"aligncenter size-full\"><img loading=\"lazy\" decoding=\"async\" width=\"1000\" height=\"674\" src=\"https:\/\/lescincllunes.apuntmedia.es\/wp-content\/uploads\/2021\/03\/Berlanga100.jpg\" alt=\"Imatge promocional de l'Any Berlanga del Ministeri de Cultura i Esports.\" class=\"wp-image-657\" srcset=\"https:\/\/lescincllunes.apuntmedia.es\/wp-content\/uploads\/2021\/03\/Berlanga100.jpg 1000w, https:\/\/lescincllunes.apuntmedia.es\/wp-content\/uploads\/2021\/03\/Berlanga100-300x202.jpg 300w, https:\/\/lescincllunes.apuntmedia.es\/wp-content\/uploads\/2021\/03\/Berlanga100-768x518.jpg 768w, https:\/\/lescincllunes.apuntmedia.es\/wp-content\/uploads\/2021\/03\/Berlanga100-340x230.jpg 340w\" sizes=\"(max-width: 1000px) 100vw, 1000px\" \/><\/figure><\/div>\n\n\n\n<p><\/p>\n\n\n\n<p>Veiem la presentaci\u00f3 de l\u2019Any Berlanga del ministre de cultura <strong>Jos\u00e9 Manuel Rodr\u00edguez Uribes<\/strong> en una pe\u00e7a informativa dels companys d\u2019<strong>\u00c0 Punt NTC<\/strong>.<\/p>\n\n\n\n<div style=\"max-width: 960px;\"><video-js data-account=\"6057955885001\" data-player=\"kxOJQ6zBrc\" data-embed=\"default\" controls=\"\" data-video-id=\"1693067039960077853\" data-playlist-id=\"\" data-application-id=\"\" class=\"vjs-fluid\"><\/video-js><\/div>\n\n\n\n<p><\/p>\n\n\n\n<p><strong><strong><strong>Berlanga<\/strong><\/strong><\/strong> \u00e9s reconegut com un dels nostres cineastes m\u00e9s importants de tots els temps. La seua filmografia est\u00e0 farcida de t\u00edtols imprescindibles en la hist\u00f2ria del cine espanyol i s\u2019ha convertit en cr\u00f2nica i cr\u00edtica de la societat del seu temps, l\u2019Espanya del segle XX.<\/p>\n\n\n\n<iframe src=\"https:\/\/www.facebook.com\/plugins\/video.php?height=314&amp;href=https%3A%2F%2Fwww.facebook.com%2Fapuntmedia%2Fvideos%2F516044989098114%2F&amp;show_text=false&amp;width=700\" width=\"700\" height=\"314\" style=\"border:none;overflow:hidden\" scrolling=\"no\" frameborder=\"0\" allowfullscreen=\"true\" allow=\"autoplay; clipboard-write; encrypted-media; picture-in-picture; web-share\"><\/iframe>\n\n\n\n<p><\/p>\n\n\n\n<p><span class=\"has-inline-color has-black-color\">L\u2019any 1994 rebia el premi Goya al millor director per <em>Todos a la c\u00e1rcel<\/em>. En el seu discurs, el director valenci\u00e0 retia homenatge a una generaci\u00f3 de cineastes, de la qual es sentia deixeble, que als anys 50 va crear un g\u00e8nere aut\u00f2cton i genu\u00ed, la com\u00e8dia popular espanyola, amb referents com <strong>Jos\u00e9 Lu\u00eds S\u00e1enz de Heredia<\/strong>, <strong>Mariano Ozores<\/strong> o <strong>Jose Mar\u00eda Forqu\u00e9.<\/strong><\/span><\/p>\n\n\n\n<iframe width=\"700\" height=\"400\" src=\"https:\/\/www.youtube.com\/embed\/D460oRnWUOI?start=148\" frameborder=\"0\" allow=\"accelerometer; autoplay; clipboard-write; encrypted-media; gyroscope; picture-in-picture\" allowfullscreen=\"\"><\/iframe>\n\n\n\n<p><\/p>\n\n\n\n<p>Per a entendre b\u00e9 all\u00f2 que significa <strong>Berlanga<\/strong> \u00e9s imprescindible con\u00e9ixer el seu cine. I un dels llocs de refer\u00e8ncia per fer-ho \u00e9s el <strong>Berlanga Film Museum<\/strong>. El web naixia en 2012 amb el prop\u00f2sit que l\u2019obra cinematogr\u00e0fica, liter\u00e0ria i cultural de <strong>Luis Garc\u00eda Berlanga<\/strong>, aix\u00ed com els aspectes menys coneguts de la seua biografia i les reflexions te\u00f2riques i cr\u00edtiques que ha generat el seu treball al cinema pogueren consultar-se en l\u00ednia tant per cr\u00edtics i historiadors, com per totes aquelles persones que s\u2019interessen per con\u00e8ixer m\u00e9s a fons la figura del cineasta valenci\u00e0.<\/p>\n\n\n\n<div class=\"wp-block-image\"><figure class=\"aligncenter size-full\"><a href=\"https:\/\/berlangafilmmuseum.com\/ca\/\" target=\"_blank\" rel=\"noopener\"><img loading=\"lazy\" decoding=\"async\" width=\"1000\" height=\"145\" src=\"https:\/\/lescincllunes.apuntmedia.es\/wp-content\/uploads\/2021\/03\/Captura-de-Pantalla-2021-03-04-a-les-0.47.17.png\" alt=\"\" class=\"wp-image-706\" srcset=\"https:\/\/lescincllunes.apuntmedia.es\/wp-content\/uploads\/2021\/03\/Captura-de-Pantalla-2021-03-04-a-les-0.47.17.png 1000w, https:\/\/lescincllunes.apuntmedia.es\/wp-content\/uploads\/2021\/03\/Captura-de-Pantalla-2021-03-04-a-les-0.47.17-300x44.png 300w, https:\/\/lescincllunes.apuntmedia.es\/wp-content\/uploads\/2021\/03\/Captura-de-Pantalla-2021-03-04-a-les-0.47.17-768x111.png 768w\" sizes=\"(max-width: 1000px) 100vw, 1000px\" \/><\/a><\/figure><\/div>\n\n\n\n<p>Dins del projecte <strong>Berlanga Film Museum<\/strong> s\u2019inclouen la seua <a href=\"https:\/\/berlangafilmmuseum.com\/ca\/filmografia\/\">filmografia<\/a>, testimonis, <a href=\"https:\/\/berlangafilmmuseum.com\/ca\/arxiu\/fotografia\/\">fotografies<\/a>, v\u00eddeos i arxius sonors que permeten donar una visi\u00f3 m\u00e9s \u00e0mplia del que va ser la seua vida i el seu temps. Un dels aspectes m\u00e9s interessants \u00e9s sense dubte la possibilitat de llegir els <a href=\"https:\/\/berlangafilmmuseum.com\/ca\/arxiu\/guions\/\">guions<\/a> complets de totes les seues pel\u00b7l\u00edcules.<\/p>\n\n\n\n<div class=\"wp-block-image\"><figure class=\"aligncenter size-full\"><a href=\"https:\/\/berlangafilmmuseum.com\/ca\/arxiu\/guions\/\" target=\"_blank\" rel=\"noopener\"><img loading=\"lazy\" decoding=\"async\" width=\"1000\" height=\"608\" src=\"https:\/\/lescincllunes.apuntmedia.es\/wp-content\/uploads\/2021\/03\/Guio\u0301MrMarshall.jpg\" alt=\"\" class=\"wp-image-682\" srcset=\"https:\/\/lescincllunes.apuntmedia.es\/wp-content\/uploads\/2021\/03\/Guio\u0301MrMarshall.jpg 1000w, https:\/\/lescincllunes.apuntmedia.es\/wp-content\/uploads\/2021\/03\/Guio\u0301MrMarshall-300x182.jpg 300w, https:\/\/lescincllunes.apuntmedia.es\/wp-content\/uploads\/2021\/03\/Guio\u0301MrMarshall-768x467.jpg 768w\" sizes=\"(max-width: 1000px) 100vw, 1000px\" \/><\/a><\/figure><\/div>\n\n\n\n<p><span class=\"has-inline-color has-black-color\">D\u2019entre el material tamb\u00e9 destaca una <a href=\"https:\/\/berlangafilmmuseum.com\/ca\/biografia\/\">infografia multim\u00e8dia<\/a> en forma de l\u00ednia temporal biogr\u00e0fica, on s\u2019apunten totes les fites importants de la carrera del director.<\/span><\/p>\n\n\n\n<div class=\"wp-block-image\"><figure class=\"aligncenter size-full\"><a href=\"https:\/\/berlangafilmmuseum.com\/ca\/biografia\/\" target=\"_blank\" rel=\"noopener\"><img loading=\"lazy\" decoding=\"async\" width=\"1000\" height=\"592\" src=\"https:\/\/lescincllunes.apuntmedia.es\/wp-content\/uploads\/2021\/03\/Calabuch.jpg\" alt=\"\" class=\"wp-image-687\" srcset=\"https:\/\/lescincllunes.apuntmedia.es\/wp-content\/uploads\/2021\/03\/Calabuch.jpg 1000w, https:\/\/lescincllunes.apuntmedia.es\/wp-content\/uploads\/2021\/03\/Calabuch-300x178.jpg 300w, https:\/\/lescincllunes.apuntmedia.es\/wp-content\/uploads\/2021\/03\/Calabuch-768x455.jpg 768w\" sizes=\"(max-width: 1000px) 100vw, 1000px\" \/><\/a><\/figure><\/div>\n\n\n\n<p><span class=\"has-inline-color has-black-color\">I acabem el rep\u00e0s <em>berlangui\u00e0 <\/em>a la <strong>Filmoteca Espanyola<\/strong>, la qual tamb\u00e9 ha volgut formar part en xarxes de l\u2019homenatge al cineasta amb el v\u00eddeo seg\u00fcent, que recull alguns dels moments m\u00e9s emblem\u00e0tics de la seua filmografia.<\/span><\/p>\n\n\n\n<figure class=\"wp-block-embed aligncenter is-type-video is-provider-vimeo wp-block-embed-vimeo wp-embed-aspect-16-9 wp-has-aspect-ratio\"><div class=\"wp-block-embed__wrapper\">\n<iframe title=\"BERLANGA 1921-2021\" src=\"https:\/\/player.vimeo.com\/video\/512806387?dnt=1&amp;app_id=122963\" width=\"750\" height=\"422\" frameborder=\"0\" allow=\"autoplay; fullscreen; picture-in-picture\" allowfullscreen><\/iframe>\n<\/div><\/figure>\n\n\n\n<p><\/p>\n\n\n\n<p>Per a saber m\u00e9s de l\u2019obra de <strong>Luis Garc\u00eda Berlanga<\/strong>, podeu escoltar de primera m\u00e0 les seues an\u00e0lisis sobre algunes de les pel\u00b7l\u00edcules com <a href=\"https:\/\/berlangafilmmuseum.com\/ca\/filmograpia\/el-verdugo\/\"><em>El verdugo<\/em><\/a>, <a href=\"https:\/\/berlangafilmmuseum.com\/ca\/filmograpia\/benvingut-mister-marshall\/\"><em>Bienvenido Mr. Marshall<\/em><\/a>, <a href=\"https:\/\/berlangafilmmuseum.com\/ca\/filmograpia\/placido\/\"><em>Pl\u00e1cido<\/em><\/a>, <a href=\"https:\/\/berlangafilmmuseum.com\/ca\/filmograpia\/la-escopeta-nacional\/\"><em>La escopeta nacional<\/em><\/a>, <a href=\"https:\/\/berlangafilmmuseum.com\/ca\/filmograpia\/la-vaquilla\/\"><em>La vaquilla<\/em><\/a> o <a href=\"https:\/\/berlangafilmmuseum.com\/ca\/filmograpia\/todos-a-la-carcel\/\"><em>Todos a la c\u00e1rcel<\/em><\/a> a la s\u00e8rie de v\u00eddeos <em>Berlanga vist per Berlanga<\/em>, produ\u00efts per l\u2019<strong>Institut Valenci\u00e0 de Cultura<\/strong>.<\/p>\n\n\n\n<p><\/p>\n\n\n\n<p><\/p>\n\n\n\n<p>L\u2019equip de<em> Les cinc llunes <\/em>est\u00e0 en avinen\u00e7a, en bona intel\u00b7lig\u00e8ncia. Hi ha harmonia en tots els aspectes, no hi ha paranys ni notes falses. La nostra gratitud no trobar\u00e0 mai paraules prou amables. Est\u00e0 tan contenta que se us penjaria del coll i vos enviaria deu mil milions de gr\u00e0cies per segon.<\/p>\n\n\n\n<div style=\"max-width: 960px;\"><video-js data-account=\"6057955885001\" data-player=\"kxOJQ6zBrc\" data-embed=\"default\" controls=\"\" data-video-id=\"1693875505389767387\" data-playlist-id=\"\" data-application-id=\"\" class=\"vjs-fluid\"><\/video-js><\/div><script src=\"https:\/\/players.brightcove.net\/6057955885001\/kxOJQ6zBrc_default\/index.min.js\"><\/script>\n\n\n\n<p><\/p>\n\n\n\n<p class=\"has-text-align-right\"><strong>Redacci\u00f3<\/strong>  Cristina Qu\u00edlez, Saray Puchades i Guillem Nicol\u00e0s<br><strong>Producci\u00f3<\/strong>  Estela Mart\u00ednez<br><strong>Assessorament ling\u00fc\u00edstic<\/strong>  Gl\u00f2ria Banyuls<br><strong>Edici\u00f3<\/strong>  Francesc Bosch<br><strong>Realitzaci\u00f3<em>  <\/em><\/strong>Arnau M\u00faria<br><strong>Disseny sonor<\/strong>  Tere N\u00fa\u00f1ez<br><strong>Direcci\u00f3<\/strong>  Am\u00e0lia Garrig\u00f3s<\/p>\n\n\n\n<p class=\"has-text-align-right\"><strong>Continguts multim\u00e8dia<\/strong>  Borja Pons<\/p>\n\n\n\n<p><\/p>\n\n\n\n<div class=\"wp-block-image\"><figure class=\"aligncenter size-full\"><img loading=\"lazy\" decoding=\"async\" width=\"1001\" height=\"179\" src=\"https:\/\/lescincllunes.apuntmedia.es\/wp-content\/uploads\/2021\/03\/LOGOS_Mesa-de-trabajo-1-3.png\" alt=\"\" class=\"wp-image-643\" srcset=\"https:\/\/lescincllunes.apuntmedia.es\/wp-content\/uploads\/2021\/03\/LOGOS_Mesa-de-trabajo-1-3.png 1001w, https:\/\/lescincllunes.apuntmedia.es\/wp-content\/uploads\/2021\/03\/LOGOS_Mesa-de-trabajo-1-3-300x54.png 300w, https:\/\/lescincllunes.apuntmedia.es\/wp-content\/uploads\/2021\/03\/LOGOS_Mesa-de-trabajo-1-3-768x137.png 768w\" sizes=\"(max-width: 1001px) 100vw, 1001px\" \/><\/figure><\/div>\n","protected":false},"excerpt":{"rendered":"<div style=\"max-width: 960px;\"><video-js data-account=\"6057955885001\" data-player=\"kxOJQ6zBrc\" data-embed=\"default\" controls=\"\" data-video-id=\"1693298073937108557\" data-playlist-id=\"\" data-application-id=\"\" class=\"vjs-fluid\"><\/video-js><\/div>\n<p><script src=\"https:\/\/players.brightcove.net\/6057955885001\/kxOJQ6zBrc_default\/index.min.js\"><\/script><\/p>\n","protected":false},"author":1,"featured_media":0,"comment_status":"closed","ping_status":"closed","sticky":false,"template":"","format":"standard","meta":{"footnotes":""},"categories":[4],"tags":[],"class_list":["post-230","post","type-post","status-publish","format-standard","hentry","category-programes-complets"],"yoast_head":"<!-- This site is optimized with the Yoast SEO plugin v15.9 - https:\/\/yoast.com\/wordpress\/plugins\/seo\/ -->\n<title>Cap\u00edtol 20 - Avinen\u00e7a - Les cinc llunes<\/title>\n<meta name=\"robots\" content=\"index, follow, max-snippet:-1, max-image-preview:large, max-video-preview:-1\" \/>\n<link rel=\"canonical\" href=\"https:\/\/lescincllunes.apuntmedia.es\/index.php\/2021\/09\/01\/capitol-20-avinenca\/\" \/>\n<meta property=\"og:locale\" content=\"ca_ES\" \/>\n<meta property=\"og:type\" content=\"article\" \/>\n<meta property=\"og:title\" content=\"Cap\u00edtol 20 - Avinen\u00e7a - Les cinc llunes\" \/>\n<meta property=\"og:url\" content=\"https:\/\/lescincllunes.apuntmedia.es\/index.php\/2021\/09\/01\/capitol-20-avinenca\/\" \/>\n<meta property=\"og:site_name\" content=\"Les cinc llunes\" \/>\n<meta property=\"article:publisher\" content=\"https:\/\/www.facebook.com\/lescincllunes\" \/>\n<meta property=\"article:published_time\" content=\"2021-09-01T12:00:00+00:00\" \/>\n<meta property=\"article:modified_time\" content=\"2021-09-01T16:47:27+00:00\" \/>\n<meta property=\"og:image\" content=\"https:\/\/lescincllunes.apuntmedia.es\/wp-content\/uploads\/2021\/03\/BannerTEATRE.jpg\" \/>\n<meta name=\"twitter:card\" content=\"summary_large_image\" \/>\n<meta name=\"twitter:creator\" content=\"@lescincllunes\" \/>\n<meta name=\"twitter:site\" content=\"@lescincllunes\" \/>\n<meta name=\"twitter:label1\" content=\"Temps estimat de lectura\">\n\t<meta name=\"twitter:data1\" content=\"14 minuts\">\n<script type=\"application\/ld+json\" class=\"yoast-schema-graph\">{\"@context\":\"https:\/\/schema.org\",\"@graph\":[{\"@type\":\"WebSite\",\"@id\":\"https:\/\/lescincllunes.apuntmedia.es\/#website\",\"url\":\"https:\/\/lescincllunes.apuntmedia.es\/\",\"name\":\"Les cinc llunes\",\"description\":\"Un podcast de cultura radial\",\"potentialAction\":[{\"@type\":\"SearchAction\",\"target\":\"https:\/\/lescincllunes.apuntmedia.es\/?s={search_term_string}\",\"query-input\":\"required name=search_term_string\"}],\"inLanguage\":\"ca\"},{\"@type\":\"ImageObject\",\"@id\":\"https:\/\/lescincllunes.apuntmedia.es\/index.php\/2021\/09\/01\/capitol-20-avinenca\/#primaryimage\",\"inLanguage\":\"ca\",\"url\":\"https:\/\/lescincllunes.apuntmedia.es\/wp-content\/uploads\/2021\/03\/BannerTEATRE.jpg\",\"width\":1000,\"height\":151},{\"@type\":\"WebPage\",\"@id\":\"https:\/\/lescincllunes.apuntmedia.es\/index.php\/2021\/09\/01\/capitol-20-avinenca\/#webpage\",\"url\":\"https:\/\/lescincllunes.apuntmedia.es\/index.php\/2021\/09\/01\/capitol-20-avinenca\/\",\"name\":\"Cap\\u00edtol 20 - Avinen\\u00e7a - Les cinc llunes\",\"isPartOf\":{\"@id\":\"https:\/\/lescincllunes.apuntmedia.es\/#website\"},\"primaryImageOfPage\":{\"@id\":\"https:\/\/lescincllunes.apuntmedia.es\/index.php\/2021\/09\/01\/capitol-20-avinenca\/#primaryimage\"},\"datePublished\":\"2021-09-01T12:00:00+00:00\",\"dateModified\":\"2021-09-01T16:47:27+00:00\",\"author\":{\"@id\":\"https:\/\/lescincllunes.apuntmedia.es\/#\/schema\/person\/f8e959baa4607fac92352114336d23bd\"},\"breadcrumb\":{\"@id\":\"https:\/\/lescincllunes.apuntmedia.es\/index.php\/2021\/09\/01\/capitol-20-avinenca\/#breadcrumb\"},\"inLanguage\":\"ca\",\"potentialAction\":[{\"@type\":\"ReadAction\",\"target\":[\"https:\/\/lescincllunes.apuntmedia.es\/index.php\/2021\/09\/01\/capitol-20-avinenca\/\"]}]},{\"@type\":\"BreadcrumbList\",\"@id\":\"https:\/\/lescincllunes.apuntmedia.es\/index.php\/2021\/09\/01\/capitol-20-avinenca\/#breadcrumb\",\"itemListElement\":[{\"@type\":\"ListItem\",\"position\":1,\"item\":{\"@type\":\"WebPage\",\"@id\":\"https:\/\/lescincllunes.apuntmedia.es\/\",\"url\":\"https:\/\/lescincllunes.apuntmedia.es\/\",\"name\":\"Inici\"}},{\"@type\":\"ListItem\",\"position\":2,\"item\":{\"@type\":\"WebPage\",\"@id\":\"https:\/\/lescincllunes.apuntmedia.es\/index.php\/2021\/09\/01\/capitol-20-avinenca\/\",\"url\":\"https:\/\/lescincllunes.apuntmedia.es\/index.php\/2021\/09\/01\/capitol-20-avinenca\/\",\"name\":\"Cap\\u00edtol 20 &#8211; Avinen\\u00e7a\"}}]},{\"@type\":\"Person\",\"@id\":\"https:\/\/lescincllunes.apuntmedia.es\/#\/schema\/person\/f8e959baa4607fac92352114336d23bd\",\"name\":\"admin\",\"image\":{\"@type\":\"ImageObject\",\"@id\":\"https:\/\/lescincllunes.apuntmedia.es\/#personlogo\",\"inLanguage\":\"ca\",\"url\":\"https:\/\/secure.gravatar.com\/avatar\/dcd85d3d685af586f211eb122e24b51bd5be615b2e57181f1910a74104899533?s=96&d=mm&r=g\",\"caption\":\"admin\"},\"sameAs\":[\"https:\/\/lescincllunes.apuntmedia.es\"]}]}<\/script>\n<!-- \/ Yoast SEO plugin. -->","_links":{"self":[{"href":"https:\/\/lescincllunes.apuntmedia.es\/index.php\/wp-json\/wp\/v2\/posts\/230","targetHints":{"allow":["GET"]}}],"collection":[{"href":"https:\/\/lescincllunes.apuntmedia.es\/index.php\/wp-json\/wp\/v2\/posts"}],"about":[{"href":"https:\/\/lescincllunes.apuntmedia.es\/index.php\/wp-json\/wp\/v2\/types\/post"}],"author":[{"embeddable":true,"href":"https:\/\/lescincllunes.apuntmedia.es\/index.php\/wp-json\/wp\/v2\/users\/1"}],"replies":[{"embeddable":true,"href":"https:\/\/lescincllunes.apuntmedia.es\/index.php\/wp-json\/wp\/v2\/comments?post=230"}],"version-history":[{"count":96,"href":"https:\/\/lescincllunes.apuntmedia.es\/index.php\/wp-json\/wp\/v2\/posts\/230\/revisions"}],"predecessor-version":[{"id":2761,"href":"https:\/\/lescincllunes.apuntmedia.es\/index.php\/wp-json\/wp\/v2\/posts\/230\/revisions\/2761"}],"wp:attachment":[{"href":"https:\/\/lescincllunes.apuntmedia.es\/index.php\/wp-json\/wp\/v2\/media?parent=230"}],"wp:term":[{"taxonomy":"category","embeddable":true,"href":"https:\/\/lescincllunes.apuntmedia.es\/index.php\/wp-json\/wp\/v2\/categories?post=230"},{"taxonomy":"post_tag","embeddable":true,"href":"https:\/\/lescincllunes.apuntmedia.es\/index.php\/wp-json\/wp\/v2\/tags?post=230"}],"curies":[{"name":"wp","href":"https:\/\/api.w.org\/{rel}","templated":true}]}}