{"id":425,"date":"2021-08-27T21:00:00","date_gmt":"2021-08-27T19:00:00","guid":{"rendered":"https:\/\/lescincllunes.apuntmedia.es\/?p=425"},"modified":"2021-08-27T21:39:12","modified_gmt":"2021-08-27T19:39:12","slug":"el-pentagrama-3","status":"publish","type":"post","link":"https:\/\/lescincllunes.apuntmedia.es\/index.php\/2021\/08\/27\/el-pentagrama-3\/","title":{"rendered":"Cap\u00edtol 3"},"content":{"rendered":"\n<h2 class=\"wp-block-heading\"><em>Grup dels Joves.<\/em><\/h2>\n\n\n\n<p>Episodi dedicat al <strong>Grup dels Joves<\/strong>, un grup de compositors dels anys trenta del segle XX que estava integrat per <strong>Vicent Asencio, Vicent Garc\u00e9s,&nbsp; Ricard Olmos, Llu\u00eds S\u00e1nchez<\/strong> i <strong>Emili Vald\u00e9s<\/strong>. S\u2019escoltaran obres d\u2019aquests compositors i, en concret, el pianista <strong>Antonio Galera<\/strong> interpretar\u00e0 una pe\u00e7a d\u2019un d\u2019ells.<\/p>\n\n\n\n<div style=\"max-width: 960px;\"><video-js data-account=\"6057955885001\" data-player=\"kxOJQ6zBrc\" data-embed=\"default\" controls=\"\" data-video-id=\"1697824173498165504\" data-playlist-id=\"\" data-application-id=\"\" class=\"vjs-fluid\"><\/video-js><\/div><script src=\"https:\/\/players.brightcove.net\/6057955885001\/kxOJQ6zBrc_default\/index.min.js\"><\/script>\n","protected":false},"excerpt":{"rendered":"<p><strong>Grup dels Joves.<\/strong> Episodi dedicat al Grup dels Joves, un grup de compositors dels anys trenta del segle XX que estava integrat per Vicent Asencio, Vicent Garc\u00e9s,  Ricard Olmos, Llu\u00eds S\u00e1nchez i Emili Vald\u00e9s. S\u2019escoltaran obres d\u2019aquests compositors i, en concret, el pianista Antonio Galera interpretar\u00e0 una pe\u00e7a d\u2019un d\u2019ells.<\/p>\n","protected":false},"author":1,"featured_media":0,"comment_status":"closed","ping_status":"closed","sticky":false,"template":"","format":"standard","meta":{"footnotes":""},"categories":[18,5],"tags":[],"class_list":["post-425","post","type-post","status-publish","format-standard","hentry","category-el-pentagrama","category-musica"],"yoast_head":"<!-- This site is optimized with the Yoast SEO plugin v15.9 - https:\/\/yoast.com\/wordpress\/plugins\/seo\/ -->\n<title>Cap\u00edtol 3 - Les cinc llunes<\/title>\n<meta name=\"robots\" content=\"index, follow, max-snippet:-1, max-image-preview:large, max-video-preview:-1\" \/>\n<link rel=\"canonical\" href=\"https:\/\/lescincllunes.apuntmedia.es\/index.php\/2021\/08\/27\/el-pentagrama-3\/\" \/>\n<meta property=\"og:locale\" content=\"ca_ES\" \/>\n<meta property=\"og:type\" content=\"article\" \/>\n<meta property=\"og:title\" content=\"Cap\u00edtol 3 - Les cinc llunes\" \/>\n<meta property=\"og:description\" content=\"Grup dels Joves. Episodi dedicat al Grup dels Joves, un grup de compositors dels anys trenta del segle XX que estava integrat per Vicent Asencio, Vicent Garc\u00e9s, Ricard Olmos, Llu\u00eds S\u00e1nchez i Emili Vald\u00e9s. S\u2019escoltaran obres d\u2019aquests compositors i, en concret, el pianista Antonio Galera interpretar\u00e0 una pe\u00e7a d\u2019un d\u2019ells.\" \/>\n<meta property=\"og:url\" content=\"https:\/\/lescincllunes.apuntmedia.es\/index.php\/2021\/08\/27\/el-pentagrama-3\/\" \/>\n<meta property=\"og:site_name\" content=\"Les cinc llunes\" \/>\n<meta property=\"article:publisher\" content=\"https:\/\/www.facebook.com\/lescincllunes\" \/>\n<meta property=\"article:published_time\" content=\"2021-08-27T19:00:00+00:00\" \/>\n<meta property=\"article:modified_time\" content=\"2021-08-27T19:39:12+00:00\" \/>\n<meta name=\"twitter:card\" content=\"summary_large_image\" \/>\n<meta name=\"twitter:creator\" content=\"@lescincllunes\" \/>\n<meta name=\"twitter:site\" content=\"@lescincllunes\" \/>\n<meta name=\"twitter:label1\" content=\"Temps estimat de lectura\">\n\t<meta name=\"twitter:data1\" content=\"1 minut\">\n<script type=\"application\/ld+json\" class=\"yoast-schema-graph\">{\"@context\":\"https:\/\/schema.org\",\"@graph\":[{\"@type\":\"WebSite\",\"@id\":\"https:\/\/lescincllunes.apuntmedia.es\/#website\",\"url\":\"https:\/\/lescincllunes.apuntmedia.es\/\",\"name\":\"Les cinc llunes\",\"description\":\"Un podcast de cultura radial\",\"potentialAction\":[{\"@type\":\"SearchAction\",\"target\":\"https:\/\/lescincllunes.apuntmedia.es\/?s={search_term_string}\",\"query-input\":\"required name=search_term_string\"}],\"inLanguage\":\"ca\"},{\"@type\":\"WebPage\",\"@id\":\"https:\/\/lescincllunes.apuntmedia.es\/index.php\/2021\/08\/27\/el-pentagrama-3\/#webpage\",\"url\":\"https:\/\/lescincllunes.apuntmedia.es\/index.php\/2021\/08\/27\/el-pentagrama-3\/\",\"name\":\"Cap\\u00edtol 3 - Les cinc llunes\",\"isPartOf\":{\"@id\":\"https:\/\/lescincllunes.apuntmedia.es\/#website\"},\"datePublished\":\"2021-08-27T19:00:00+00:00\",\"dateModified\":\"2021-08-27T19:39:12+00:00\",\"author\":{\"@id\":\"https:\/\/lescincllunes.apuntmedia.es\/#\/schema\/person\/f8e959baa4607fac92352114336d23bd\"},\"breadcrumb\":{\"@id\":\"https:\/\/lescincllunes.apuntmedia.es\/index.php\/2021\/08\/27\/el-pentagrama-3\/#breadcrumb\"},\"inLanguage\":\"ca\",\"potentialAction\":[{\"@type\":\"ReadAction\",\"target\":[\"https:\/\/lescincllunes.apuntmedia.es\/index.php\/2021\/08\/27\/el-pentagrama-3\/\"]}]},{\"@type\":\"BreadcrumbList\",\"@id\":\"https:\/\/lescincllunes.apuntmedia.es\/index.php\/2021\/08\/27\/el-pentagrama-3\/#breadcrumb\",\"itemListElement\":[{\"@type\":\"ListItem\",\"position\":1,\"item\":{\"@type\":\"WebPage\",\"@id\":\"https:\/\/lescincllunes.apuntmedia.es\/\",\"url\":\"https:\/\/lescincllunes.apuntmedia.es\/\",\"name\":\"Inici\"}},{\"@type\":\"ListItem\",\"position\":2,\"item\":{\"@type\":\"WebPage\",\"@id\":\"https:\/\/lescincllunes.apuntmedia.es\/index.php\/2021\/08\/27\/el-pentagrama-3\/\",\"url\":\"https:\/\/lescincllunes.apuntmedia.es\/index.php\/2021\/08\/27\/el-pentagrama-3\/\",\"name\":\"Cap\\u00edtol 3\"}}]},{\"@type\":\"Person\",\"@id\":\"https:\/\/lescincllunes.apuntmedia.es\/#\/schema\/person\/f8e959baa4607fac92352114336d23bd\",\"name\":\"admin\",\"image\":{\"@type\":\"ImageObject\",\"@id\":\"https:\/\/lescincllunes.apuntmedia.es\/#personlogo\",\"inLanguage\":\"ca\",\"url\":\"https:\/\/secure.gravatar.com\/avatar\/dcd85d3d685af586f211eb122e24b51bd5be615b2e57181f1910a74104899533?s=96&d=mm&r=g\",\"caption\":\"admin\"},\"sameAs\":[\"https:\/\/lescincllunes.apuntmedia.es\"]}]}<\/script>\n<!-- \/ Yoast SEO plugin. -->","_links":{"self":[{"href":"https:\/\/lescincllunes.apuntmedia.es\/index.php\/wp-json\/wp\/v2\/posts\/425","targetHints":{"allow":["GET"]}}],"collection":[{"href":"https:\/\/lescincllunes.apuntmedia.es\/index.php\/wp-json\/wp\/v2\/posts"}],"about":[{"href":"https:\/\/lescincllunes.apuntmedia.es\/index.php\/wp-json\/wp\/v2\/types\/post"}],"author":[{"embeddable":true,"href":"https:\/\/lescincllunes.apuntmedia.es\/index.php\/wp-json\/wp\/v2\/users\/1"}],"replies":[{"embeddable":true,"href":"https:\/\/lescincllunes.apuntmedia.es\/index.php\/wp-json\/wp\/v2\/comments?post=425"}],"version-history":[{"count":7,"href":"https:\/\/lescincllunes.apuntmedia.es\/index.php\/wp-json\/wp\/v2\/posts\/425\/revisions"}],"predecessor-version":[{"id":2664,"href":"https:\/\/lescincllunes.apuntmedia.es\/index.php\/wp-json\/wp\/v2\/posts\/425\/revisions\/2664"}],"wp:attachment":[{"href":"https:\/\/lescincllunes.apuntmedia.es\/index.php\/wp-json\/wp\/v2\/media?parent=425"}],"wp:term":[{"taxonomy":"category","embeddable":true,"href":"https:\/\/lescincllunes.apuntmedia.es\/index.php\/wp-json\/wp\/v2\/categories?post=425"},{"taxonomy":"post_tag","embeddable":true,"href":"https:\/\/lescincllunes.apuntmedia.es\/index.php\/wp-json\/wp\/v2\/tags?post=425"}],"curies":[{"name":"wp","href":"https:\/\/api.w.org\/{rel}","templated":true}]}}