{"id":427,"date":"2021-08-31T23:00:26","date_gmt":"2021-08-31T21:00:26","guid":{"rendered":"https:\/\/lescincllunes.apuntmedia.es\/?p=427"},"modified":"2021-09-01T01:45:59","modified_gmt":"2021-08-31T23:45:59","slug":"el-pentagrama-5","status":"publish","type":"post","link":"https:\/\/lescincllunes.apuntmedia.es\/index.php\/2021\/08\/31\/el-pentagrama-5\/","title":{"rendered":"Cap\u00edtol 5"},"content":{"rendered":"\n<h2 class=\"wp-block-heading\"><em>Teresa Oller.<\/em><\/h2>\n\n\n\n<p>Episodi dedicat a la compositora, pedagoga i investigadora <strong>Maria Teresa Oller<\/strong>, en qu\u00e8 es fa un rep\u00e0s a la seua vida i la seua producci\u00f3, amb l\u2019audici\u00f3. la seua obra \u2018los cipreses\u2019 interpretada pel pianista <strong>Antonio Galera<\/strong> en directe al nostre piano de cua. Comptem amb el testimoni del compositor <strong>Emilio Caland\u00edn<\/strong> deixeble de <strong>Maria Teresa<\/strong> i escoltem tamb\u00e9 un document sonor entranyable de <strong>Maria Teresa Oller<\/strong> cantant una can\u00e7\u00f3 tradicionals quan tenia 95 anys abans del seu trasp\u00e0s.<\/p>\n\n\n\n<div style=\"max-width: 960px;\"><video-js data-account=\"6057955885001\" data-player=\"kxOJQ6zBrc\" data-embed=\"default\" controls=\"\" data-video-id=\"1697824181583677592\" data-playlist-id=\"\" data-application-id=\"\" class=\"vjs-fluid\"><\/video-js><\/div><script src=\"https:\/\/players.brightcove.net\/6057955885001\/kxOJQ6zBrc_default\/index.min.js\"><\/script>\n","protected":false},"excerpt":{"rendered":"<p><strong>Teresa Oller.<\/strong> Episodi dedicat a la compositora, pedagoga i investigadora Maria Teresa Oller, en qu\u00e8 es fa un rep\u00e0s a la seua vida i la seua producci\u00f3, amb l\u2019audici\u00f3. la seua obra \u2018los cipreses\u2019 interpretada pel pianista Antonio Galera en directe al nostre piano de cua. Comptem amb el testimoni del compositor Emilio Caland\u00edn deixeble de Maria Teresa i escoltem tamb\u00e9 un document sonor entranyable de Maria Teresa Oller cantant una can\u00e7\u00f3 tradicionals quan tenia 95 anys abans del seu trasp\u00e0s.<\/p>\n","protected":false},"author":1,"featured_media":0,"comment_status":"closed","ping_status":"closed","sticky":false,"template":"","format":"standard","meta":{"footnotes":""},"categories":[18,5],"tags":[],"class_list":["post-427","post","type-post","status-publish","format-standard","hentry","category-el-pentagrama","category-musica"],"yoast_head":"<!-- This site is optimized with the Yoast SEO plugin v15.9 - https:\/\/yoast.com\/wordpress\/plugins\/seo\/ -->\n<title>Cap\u00edtol 5 - Les cinc llunes<\/title>\n<meta name=\"robots\" content=\"index, follow, max-snippet:-1, max-image-preview:large, max-video-preview:-1\" \/>\n<link rel=\"canonical\" href=\"https:\/\/lescincllunes.apuntmedia.es\/index.php\/2021\/08\/31\/el-pentagrama-5\/\" \/>\n<meta property=\"og:locale\" content=\"ca_ES\" \/>\n<meta property=\"og:type\" content=\"article\" \/>\n<meta property=\"og:title\" content=\"Cap\u00edtol 5 - Les cinc llunes\" \/>\n<meta property=\"og:description\" content=\"Teresa Oller. Episodi dedicat a la compositora, pedagoga i investigadora Maria Teresa Oller, en qu\u00e8 es fa un rep\u00e0s a la seua vida i la seua producci\u00f3, amb l\u2019audici\u00f3. la seua obra \u2018los cipreses\u2019 interpretada pel pianista Antonio Galera en directe al nostre piano de cua. Comptem amb el testimoni del compositor Emilio Caland\u00edn deixeble de Maria Teresa i escoltem tamb\u00e9 un document sonor entranyable de Maria Teresa Oller cantant una can\u00e7\u00f3 tradicionals quan tenia 95 anys abans del seu trasp\u00e0s.\" \/>\n<meta property=\"og:url\" content=\"https:\/\/lescincllunes.apuntmedia.es\/index.php\/2021\/08\/31\/el-pentagrama-5\/\" \/>\n<meta property=\"og:site_name\" content=\"Les cinc llunes\" \/>\n<meta property=\"article:publisher\" content=\"https:\/\/www.facebook.com\/lescincllunes\" \/>\n<meta property=\"article:published_time\" content=\"2021-08-31T21:00:26+00:00\" \/>\n<meta property=\"article:modified_time\" content=\"2021-08-31T23:45:59+00:00\" \/>\n<meta name=\"twitter:card\" content=\"summary_large_image\" \/>\n<meta name=\"twitter:creator\" content=\"@lescincllunes\" \/>\n<meta name=\"twitter:site\" content=\"@lescincllunes\" \/>\n<meta name=\"twitter:label1\" content=\"Temps estimat de lectura\">\n\t<meta name=\"twitter:data1\" content=\"1 minut\">\n<script type=\"application\/ld+json\" class=\"yoast-schema-graph\">{\"@context\":\"https:\/\/schema.org\",\"@graph\":[{\"@type\":\"WebSite\",\"@id\":\"https:\/\/lescincllunes.apuntmedia.es\/#website\",\"url\":\"https:\/\/lescincllunes.apuntmedia.es\/\",\"name\":\"Les cinc llunes\",\"description\":\"Un podcast de cultura radial\",\"potentialAction\":[{\"@type\":\"SearchAction\",\"target\":\"https:\/\/lescincllunes.apuntmedia.es\/?s={search_term_string}\",\"query-input\":\"required name=search_term_string\"}],\"inLanguage\":\"ca\"},{\"@type\":\"WebPage\",\"@id\":\"https:\/\/lescincllunes.apuntmedia.es\/index.php\/2021\/08\/31\/el-pentagrama-5\/#webpage\",\"url\":\"https:\/\/lescincllunes.apuntmedia.es\/index.php\/2021\/08\/31\/el-pentagrama-5\/\",\"name\":\"Cap\\u00edtol 5 - Les cinc llunes\",\"isPartOf\":{\"@id\":\"https:\/\/lescincllunes.apuntmedia.es\/#website\"},\"datePublished\":\"2021-08-31T21:00:26+00:00\",\"dateModified\":\"2021-08-31T23:45:59+00:00\",\"author\":{\"@id\":\"https:\/\/lescincllunes.apuntmedia.es\/#\/schema\/person\/f8e959baa4607fac92352114336d23bd\"},\"breadcrumb\":{\"@id\":\"https:\/\/lescincllunes.apuntmedia.es\/index.php\/2021\/08\/31\/el-pentagrama-5\/#breadcrumb\"},\"inLanguage\":\"ca\",\"potentialAction\":[{\"@type\":\"ReadAction\",\"target\":[\"https:\/\/lescincllunes.apuntmedia.es\/index.php\/2021\/08\/31\/el-pentagrama-5\/\"]}]},{\"@type\":\"BreadcrumbList\",\"@id\":\"https:\/\/lescincllunes.apuntmedia.es\/index.php\/2021\/08\/31\/el-pentagrama-5\/#breadcrumb\",\"itemListElement\":[{\"@type\":\"ListItem\",\"position\":1,\"item\":{\"@type\":\"WebPage\",\"@id\":\"https:\/\/lescincllunes.apuntmedia.es\/\",\"url\":\"https:\/\/lescincllunes.apuntmedia.es\/\",\"name\":\"Inici\"}},{\"@type\":\"ListItem\",\"position\":2,\"item\":{\"@type\":\"WebPage\",\"@id\":\"https:\/\/lescincllunes.apuntmedia.es\/index.php\/2021\/08\/31\/el-pentagrama-5\/\",\"url\":\"https:\/\/lescincllunes.apuntmedia.es\/index.php\/2021\/08\/31\/el-pentagrama-5\/\",\"name\":\"Cap\\u00edtol 5\"}}]},{\"@type\":\"Person\",\"@id\":\"https:\/\/lescincllunes.apuntmedia.es\/#\/schema\/person\/f8e959baa4607fac92352114336d23bd\",\"name\":\"admin\",\"image\":{\"@type\":\"ImageObject\",\"@id\":\"https:\/\/lescincllunes.apuntmedia.es\/#personlogo\",\"inLanguage\":\"ca\",\"url\":\"https:\/\/secure.gravatar.com\/avatar\/dcd85d3d685af586f211eb122e24b51bd5be615b2e57181f1910a74104899533?s=96&d=mm&r=g\",\"caption\":\"admin\"},\"sameAs\":[\"https:\/\/lescincllunes.apuntmedia.es\"]}]}<\/script>\n<!-- \/ Yoast SEO plugin. -->","_links":{"self":[{"href":"https:\/\/lescincllunes.apuntmedia.es\/index.php\/wp-json\/wp\/v2\/posts\/427","targetHints":{"allow":["GET"]}}],"collection":[{"href":"https:\/\/lescincllunes.apuntmedia.es\/index.php\/wp-json\/wp\/v2\/posts"}],"about":[{"href":"https:\/\/lescincllunes.apuntmedia.es\/index.php\/wp-json\/wp\/v2\/types\/post"}],"author":[{"embeddable":true,"href":"https:\/\/lescincllunes.apuntmedia.es\/index.php\/wp-json\/wp\/v2\/users\/1"}],"replies":[{"embeddable":true,"href":"https:\/\/lescincllunes.apuntmedia.es\/index.php\/wp-json\/wp\/v2\/comments?post=427"}],"version-history":[{"count":10,"href":"https:\/\/lescincllunes.apuntmedia.es\/index.php\/wp-json\/wp\/v2\/posts\/427\/revisions"}],"predecessor-version":[{"id":2666,"href":"https:\/\/lescincllunes.apuntmedia.es\/index.php\/wp-json\/wp\/v2\/posts\/427\/revisions\/2666"}],"wp:attachment":[{"href":"https:\/\/lescincllunes.apuntmedia.es\/index.php\/wp-json\/wp\/v2\/media?parent=427"}],"wp:term":[{"taxonomy":"category","embeddable":true,"href":"https:\/\/lescincllunes.apuntmedia.es\/index.php\/wp-json\/wp\/v2\/categories?post=427"},{"taxonomy":"post_tag","embeddable":true,"href":"https:\/\/lescincllunes.apuntmedia.es\/index.php\/wp-json\/wp\/v2\/tags?post=427"}],"curies":[{"name":"wp","href":"https:\/\/api.w.org\/{rel}","templated":true}]}}