{"id":575,"date":"2021-08-04T21:00:39","date_gmt":"2021-08-04T19:00:39","guid":{"rendered":"https:\/\/lescincllunes.apuntmedia.es\/?p=575"},"modified":"2021-08-05T11:09:11","modified_gmt":"2021-08-05T09:09:11","slug":"arrels-1","status":"publish","type":"post","link":"https:\/\/lescincllunes.apuntmedia.es\/index.php\/2021\/08\/04\/arrels-1\/","title":{"rendered":"Cap\u00edtol 1"},"content":{"rendered":"\n<h2 class=\"wp-block-heading\"><em>M\u00fasica per a sanar.<\/em><\/h2>\n\n\n\n<p>Des de temps immemorials, la m\u00fasica ha estat present en els ritus m\u00e0gics, religiosos i curatius de les comunitats. Aix\u00ed, en esta secci\u00f3 ens aproximarem al poder guaridor de la m\u00fasica a trav\u00e9s d&#8217;exemples pr\u00f2xims temporalment i geogr\u00e0fica. Comptarem amb la intervenci\u00f3 de <strong>Mercedes Jorge<\/strong>, catedr\u00e0tica d&#8217;Hist\u00f2ria de la M\u00fasica i doctora en Medicina, i <strong>Ram\u00f3n Ahull\u00f3<\/strong>, music\u00f2leg especialitzat en el teatre musical del mestre <strong>Jos\u00e9 Serrano<\/strong>.<\/p>\n\n\n\n<div style=\"max-width: 960px;\"><video-js data-account=\"6057955885001\" data-player=\"kxOJQ6zBrc\" data-embed=\"default\" controls=\"\" data-video-id=\"1697824144086637870\" data-playlist-id=\"\" data-application-id=\"\" class=\"vjs-fluid\"><\/video-js><\/div><script src=\"https:\/\/players.brightcove.net\/6057955885001\/kxOJQ6zBrc_default\/index.min.js\"><\/script>\n","protected":false},"excerpt":{"rendered":"<p><strong>M\u00fasica per a sanar.<\/strong> Des de temps immemorials, la m\u00fasica ha estat present en els ritus m\u00e0gics, religiosos i curatius de les comunitats. Aix\u00ed, en esta secci\u00f3 ens aproximarem al poder guaridor de la m\u00fasica a trav\u00e9s d&#8217;exemples pr\u00f2xims temporalment i geogr\u00e0fica. Comptarem amb la intervenci\u00f3 de Mercedes Jorge, catedr\u00e0tica d&#8217;Hist\u00f2ria de la M\u00fasica i doctora en Medicina, i Ram\u00f3n Ahull\u00f3, music\u00f2leg especialitzat en el teatre musical del mestre Jos\u00e9 Serrano.<\/p>\n","protected":false},"author":1,"featured_media":0,"comment_status":"closed","ping_status":"closed","sticky":false,"template":"","format":"standard","meta":{"footnotes":""},"categories":[19,5],"tags":[],"class_list":["post-575","post","type-post","status-publish","format-standard","hentry","category-arrels","category-musica"],"yoast_head":"<!-- This site is optimized with the Yoast SEO plugin v15.9 - https:\/\/yoast.com\/wordpress\/plugins\/seo\/ -->\n<title>Cap\u00edtol 1 - Les cinc llunes<\/title>\n<meta name=\"robots\" content=\"index, follow, max-snippet:-1, max-image-preview:large, max-video-preview:-1\" \/>\n<link rel=\"canonical\" href=\"https:\/\/lescincllunes.apuntmedia.es\/index.php\/2021\/08\/04\/arrels-1\/\" \/>\n<meta property=\"og:locale\" content=\"ca_ES\" \/>\n<meta property=\"og:type\" content=\"article\" \/>\n<meta property=\"og:title\" content=\"Cap\u00edtol 1 - Les cinc llunes\" \/>\n<meta property=\"og:description\" content=\"M\u00fasica per a sanar. Des de temps immemorials, la m\u00fasica ha estat present en els ritus m\u00e0gics, religiosos i curatius de les comunitats. Aix\u00ed, en esta secci\u00f3 ens aproximarem al poder guaridor de la m\u00fasica a trav\u00e9s d&#039;exemples pr\u00f2xims temporalment i geogr\u00e0fica. Comptarem amb la intervenci\u00f3 de Mercedes Jorge, catedr\u00e0tica d&#039;Hist\u00f2ria de la M\u00fasica i doctora en Medicina, i Ram\u00f3n Ahull\u00f3, music\u00f2leg especialitzat en el teatre musical del mestre Jos\u00e9 Serrano.\" \/>\n<meta property=\"og:url\" content=\"https:\/\/lescincllunes.apuntmedia.es\/index.php\/2021\/08\/04\/arrels-1\/\" \/>\n<meta property=\"og:site_name\" content=\"Les cinc llunes\" \/>\n<meta property=\"article:publisher\" content=\"https:\/\/www.facebook.com\/lescincllunes\" \/>\n<meta property=\"article:published_time\" content=\"2021-08-04T19:00:39+00:00\" \/>\n<meta property=\"article:modified_time\" content=\"2021-08-05T09:09:11+00:00\" \/>\n<meta name=\"twitter:card\" content=\"summary_large_image\" \/>\n<meta name=\"twitter:creator\" content=\"@lescincllunes\" \/>\n<meta name=\"twitter:site\" content=\"@lescincllunes\" \/>\n<meta name=\"twitter:label1\" content=\"Temps estimat de lectura\">\n\t<meta name=\"twitter:data1\" content=\"1 minut\">\n<script type=\"application\/ld+json\" class=\"yoast-schema-graph\">{\"@context\":\"https:\/\/schema.org\",\"@graph\":[{\"@type\":\"WebSite\",\"@id\":\"https:\/\/lescincllunes.apuntmedia.es\/#website\",\"url\":\"https:\/\/lescincllunes.apuntmedia.es\/\",\"name\":\"Les cinc llunes\",\"description\":\"Un podcast de cultura radial\",\"potentialAction\":[{\"@type\":\"SearchAction\",\"target\":\"https:\/\/lescincllunes.apuntmedia.es\/?s={search_term_string}\",\"query-input\":\"required name=search_term_string\"}],\"inLanguage\":\"ca\"},{\"@type\":\"WebPage\",\"@id\":\"https:\/\/lescincllunes.apuntmedia.es\/index.php\/2021\/08\/04\/arrels-1\/#webpage\",\"url\":\"https:\/\/lescincllunes.apuntmedia.es\/index.php\/2021\/08\/04\/arrels-1\/\",\"name\":\"Cap\\u00edtol 1 - Les cinc llunes\",\"isPartOf\":{\"@id\":\"https:\/\/lescincllunes.apuntmedia.es\/#website\"},\"datePublished\":\"2021-08-04T19:00:39+00:00\",\"dateModified\":\"2021-08-05T09:09:11+00:00\",\"author\":{\"@id\":\"https:\/\/lescincllunes.apuntmedia.es\/#\/schema\/person\/f8e959baa4607fac92352114336d23bd\"},\"breadcrumb\":{\"@id\":\"https:\/\/lescincllunes.apuntmedia.es\/index.php\/2021\/08\/04\/arrels-1\/#breadcrumb\"},\"inLanguage\":\"ca\",\"potentialAction\":[{\"@type\":\"ReadAction\",\"target\":[\"https:\/\/lescincllunes.apuntmedia.es\/index.php\/2021\/08\/04\/arrels-1\/\"]}]},{\"@type\":\"BreadcrumbList\",\"@id\":\"https:\/\/lescincllunes.apuntmedia.es\/index.php\/2021\/08\/04\/arrels-1\/#breadcrumb\",\"itemListElement\":[{\"@type\":\"ListItem\",\"position\":1,\"item\":{\"@type\":\"WebPage\",\"@id\":\"https:\/\/lescincllunes.apuntmedia.es\/\",\"url\":\"https:\/\/lescincllunes.apuntmedia.es\/\",\"name\":\"Inici\"}},{\"@type\":\"ListItem\",\"position\":2,\"item\":{\"@type\":\"WebPage\",\"@id\":\"https:\/\/lescincllunes.apuntmedia.es\/index.php\/2021\/08\/04\/arrels-1\/\",\"url\":\"https:\/\/lescincllunes.apuntmedia.es\/index.php\/2021\/08\/04\/arrels-1\/\",\"name\":\"Cap\\u00edtol 1\"}}]},{\"@type\":\"Person\",\"@id\":\"https:\/\/lescincllunes.apuntmedia.es\/#\/schema\/person\/f8e959baa4607fac92352114336d23bd\",\"name\":\"admin\",\"image\":{\"@type\":\"ImageObject\",\"@id\":\"https:\/\/lescincllunes.apuntmedia.es\/#personlogo\",\"inLanguage\":\"ca\",\"url\":\"https:\/\/secure.gravatar.com\/avatar\/dcd85d3d685af586f211eb122e24b51bd5be615b2e57181f1910a74104899533?s=96&d=mm&r=g\",\"caption\":\"admin\"},\"sameAs\":[\"https:\/\/lescincllunes.apuntmedia.es\"]}]}<\/script>\n<!-- \/ Yoast SEO plugin. -->","_links":{"self":[{"href":"https:\/\/lescincllunes.apuntmedia.es\/index.php\/wp-json\/wp\/v2\/posts\/575","targetHints":{"allow":["GET"]}}],"collection":[{"href":"https:\/\/lescincllunes.apuntmedia.es\/index.php\/wp-json\/wp\/v2\/posts"}],"about":[{"href":"https:\/\/lescincllunes.apuntmedia.es\/index.php\/wp-json\/wp\/v2\/types\/post"}],"author":[{"embeddable":true,"href":"https:\/\/lescincllunes.apuntmedia.es\/index.php\/wp-json\/wp\/v2\/users\/1"}],"replies":[{"embeddable":true,"href":"https:\/\/lescincllunes.apuntmedia.es\/index.php\/wp-json\/wp\/v2\/comments?post=575"}],"version-history":[{"count":4,"href":"https:\/\/lescincllunes.apuntmedia.es\/index.php\/wp-json\/wp\/v2\/posts\/575\/revisions"}],"predecessor-version":[{"id":2647,"href":"https:\/\/lescincllunes.apuntmedia.es\/index.php\/wp-json\/wp\/v2\/posts\/575\/revisions\/2647"}],"wp:attachment":[{"href":"https:\/\/lescincllunes.apuntmedia.es\/index.php\/wp-json\/wp\/v2\/media?parent=575"}],"wp:term":[{"taxonomy":"category","embeddable":true,"href":"https:\/\/lescincllunes.apuntmedia.es\/index.php\/wp-json\/wp\/v2\/categories?post=575"},{"taxonomy":"post_tag","embeddable":true,"href":"https:\/\/lescincllunes.apuntmedia.es\/index.php\/wp-json\/wp\/v2\/tags?post=575"}],"curies":[{"name":"wp","href":"https:\/\/api.w.org\/{rel}","templated":true}]}}