{"id":617,"date":"2021-08-09T21:00:00","date_gmt":"2021-08-09T19:00:00","guid":{"rendered":"https:\/\/lescincllunes.apuntmedia.es\/?p=617"},"modified":"2021-08-09T20:01:26","modified_gmt":"2021-08-09T18:01:26","slug":"la-butaca-2","status":"publish","type":"post","link":"https:\/\/lescincllunes.apuntmedia.es\/index.php\/2021\/08\/09\/la-butaca-2\/","title":{"rendered":"La Butaca 2"},"content":{"rendered":"\n<h2 class=\"wp-block-heading\"><em><strong>Qu\u00e8 \u00e9s el teatre, tradici\u00f3 i hist\u00f2ria del teatre valenci\u00e0<\/strong>.<\/em><\/h2>\n\n\n\n<p>Definim qu\u00e8 \u00e9s el teatre i fem un recorregut pel teatre valenci\u00e0 des de l\u2019Edat Mitjana fins ara, preguntant-nos sobre la tradici\u00f3 teatral valenciana.<\/p>\n\n\n\n<div style=\"max-width: 960px;\"><video-js data-account=\"6057955885001\" data-player=\"kxOJQ6zBrc\" data-embed=\"default\" controls=\"\" data-video-id=\"1697824151735104467\" data-playlist-id=\"\" data-application-id=\"\" class=\"vjs-fluid\"><\/video-js><\/div><script src=\"https:\/\/players.brightcove.net\/6057955885001\/kxOJQ6zBrc_default\/index.min.js\"><\/script>\n","protected":false},"excerpt":{"rendered":"<p><strong>Qu\u00e8 \u00e9s el teatre, tradici\u00f3 i hist\u00f2ria del teatre valenci\u00e0.<\/strong> Definim qu\u00e8 \u00e9s el teatre i fem un recorregut pel teatre valenci\u00e0 des de l\u2019Edat Mitjana fins ara, preguntant-nos sobre la tradici\u00f3 teatral valenciana.<\/p>\n","protected":false},"author":1,"featured_media":0,"comment_status":"closed","ping_status":"closed","sticky":false,"template":"","format":"standard","meta":{"footnotes":""},"categories":[10,6],"tags":[],"class_list":["post-617","post","type-post","status-publish","format-standard","hentry","category-la-butaca","category-teatre"],"yoast_head":"<!-- This site is optimized with the Yoast SEO plugin v15.9 - https:\/\/yoast.com\/wordpress\/plugins\/seo\/ -->\n<title>La Butaca 2 - Les cinc llunes<\/title>\n<meta name=\"robots\" content=\"index, follow, max-snippet:-1, max-image-preview:large, max-video-preview:-1\" \/>\n<link rel=\"canonical\" href=\"https:\/\/lescincllunes.apuntmedia.es\/index.php\/2021\/08\/09\/la-butaca-2\/\" \/>\n<meta property=\"og:locale\" content=\"ca_ES\" \/>\n<meta property=\"og:type\" content=\"article\" \/>\n<meta property=\"og:title\" content=\"La Butaca 2 - Les cinc llunes\" \/>\n<meta property=\"og:description\" content=\"Qu\u00e8 \u00e9s el teatre, tradici\u00f3 i hist\u00f2ria del teatre valenci\u00e0. Definim qu\u00e8 \u00e9s el teatre i fem un recorregut pel teatre valenci\u00e0 des de l\u2019Edat Mitjana fins ara, preguntant-nos sobre la tradici\u00f3 teatral valenciana.\" \/>\n<meta property=\"og:url\" content=\"https:\/\/lescincllunes.apuntmedia.es\/index.php\/2021\/08\/09\/la-butaca-2\/\" \/>\n<meta property=\"og:site_name\" content=\"Les cinc llunes\" \/>\n<meta property=\"article:publisher\" content=\"https:\/\/www.facebook.com\/lescincllunes\" \/>\n<meta property=\"article:published_time\" content=\"2021-08-09T19:00:00+00:00\" \/>\n<meta property=\"article:modified_time\" content=\"2021-08-09T18:01:26+00:00\" \/>\n<meta name=\"twitter:card\" content=\"summary_large_image\" \/>\n<meta name=\"twitter:creator\" content=\"@lescincllunes\" \/>\n<meta name=\"twitter:site\" content=\"@lescincllunes\" \/>\n<meta name=\"twitter:label1\" content=\"Temps estimat de lectura\">\n\t<meta name=\"twitter:data1\" content=\"1 minut\">\n<script type=\"application\/ld+json\" class=\"yoast-schema-graph\">{\"@context\":\"https:\/\/schema.org\",\"@graph\":[{\"@type\":\"WebSite\",\"@id\":\"https:\/\/lescincllunes.apuntmedia.es\/#website\",\"url\":\"https:\/\/lescincllunes.apuntmedia.es\/\",\"name\":\"Les cinc llunes\",\"description\":\"Un podcast de cultura radial\",\"potentialAction\":[{\"@type\":\"SearchAction\",\"target\":\"https:\/\/lescincllunes.apuntmedia.es\/?s={search_term_string}\",\"query-input\":\"required name=search_term_string\"}],\"inLanguage\":\"ca\"},{\"@type\":\"WebPage\",\"@id\":\"https:\/\/lescincllunes.apuntmedia.es\/index.php\/2021\/08\/09\/la-butaca-2\/#webpage\",\"url\":\"https:\/\/lescincllunes.apuntmedia.es\/index.php\/2021\/08\/09\/la-butaca-2\/\",\"name\":\"La Butaca 2 - Les cinc llunes\",\"isPartOf\":{\"@id\":\"https:\/\/lescincllunes.apuntmedia.es\/#website\"},\"datePublished\":\"2021-08-09T19:00:00+00:00\",\"dateModified\":\"2021-08-09T18:01:26+00:00\",\"author\":{\"@id\":\"https:\/\/lescincllunes.apuntmedia.es\/#\/schema\/person\/f8e959baa4607fac92352114336d23bd\"},\"breadcrumb\":{\"@id\":\"https:\/\/lescincllunes.apuntmedia.es\/index.php\/2021\/08\/09\/la-butaca-2\/#breadcrumb\"},\"inLanguage\":\"ca\",\"potentialAction\":[{\"@type\":\"ReadAction\",\"target\":[\"https:\/\/lescincllunes.apuntmedia.es\/index.php\/2021\/08\/09\/la-butaca-2\/\"]}]},{\"@type\":\"BreadcrumbList\",\"@id\":\"https:\/\/lescincllunes.apuntmedia.es\/index.php\/2021\/08\/09\/la-butaca-2\/#breadcrumb\",\"itemListElement\":[{\"@type\":\"ListItem\",\"position\":1,\"item\":{\"@type\":\"WebPage\",\"@id\":\"https:\/\/lescincllunes.apuntmedia.es\/\",\"url\":\"https:\/\/lescincllunes.apuntmedia.es\/\",\"name\":\"Inici\"}},{\"@type\":\"ListItem\",\"position\":2,\"item\":{\"@type\":\"WebPage\",\"@id\":\"https:\/\/lescincllunes.apuntmedia.es\/index.php\/2021\/08\/09\/la-butaca-2\/\",\"url\":\"https:\/\/lescincllunes.apuntmedia.es\/index.php\/2021\/08\/09\/la-butaca-2\/\",\"name\":\"La Butaca 2\"}}]},{\"@type\":\"Person\",\"@id\":\"https:\/\/lescincllunes.apuntmedia.es\/#\/schema\/person\/f8e959baa4607fac92352114336d23bd\",\"name\":\"admin\",\"image\":{\"@type\":\"ImageObject\",\"@id\":\"https:\/\/lescincllunes.apuntmedia.es\/#personlogo\",\"inLanguage\":\"ca\",\"url\":\"https:\/\/secure.gravatar.com\/avatar\/dcd85d3d685af586f211eb122e24b51bd5be615b2e57181f1910a74104899533?s=96&d=mm&r=g\",\"caption\":\"admin\"},\"sameAs\":[\"https:\/\/lescincllunes.apuntmedia.es\"]}]}<\/script>\n<!-- \/ Yoast SEO plugin. -->","_links":{"self":[{"href":"https:\/\/lescincllunes.apuntmedia.es\/index.php\/wp-json\/wp\/v2\/posts\/617","targetHints":{"allow":["GET"]}}],"collection":[{"href":"https:\/\/lescincllunes.apuntmedia.es\/index.php\/wp-json\/wp\/v2\/posts"}],"about":[{"href":"https:\/\/lescincllunes.apuntmedia.es\/index.php\/wp-json\/wp\/v2\/types\/post"}],"author":[{"embeddable":true,"href":"https:\/\/lescincllunes.apuntmedia.es\/index.php\/wp-json\/wp\/v2\/users\/1"}],"replies":[{"embeddable":true,"href":"https:\/\/lescincllunes.apuntmedia.es\/index.php\/wp-json\/wp\/v2\/comments?post=617"}],"version-history":[{"count":4,"href":"https:\/\/lescincllunes.apuntmedia.es\/index.php\/wp-json\/wp\/v2\/posts\/617\/revisions"}],"predecessor-version":[{"id":2639,"href":"https:\/\/lescincllunes.apuntmedia.es\/index.php\/wp-json\/wp\/v2\/posts\/617\/revisions\/2639"}],"wp:attachment":[{"href":"https:\/\/lescincllunes.apuntmedia.es\/index.php\/wp-json\/wp\/v2\/media?parent=617"}],"wp:term":[{"taxonomy":"category","embeddable":true,"href":"https:\/\/lescincllunes.apuntmedia.es\/index.php\/wp-json\/wp\/v2\/categories?post=617"},{"taxonomy":"post_tag","embeddable":true,"href":"https:\/\/lescincllunes.apuntmedia.es\/index.php\/wp-json\/wp\/v2\/tags?post=617"}],"curies":[{"name":"wp","href":"https:\/\/api.w.org\/{rel}","templated":true}]}}