{"id":812,"date":"2021-03-04T22:56:44","date_gmt":"2021-03-04T21:56:44","guid":{"rendered":"https:\/\/lescincllunes.apuntmedia.es\/?p=812"},"modified":"2021-08-23T14:10:11","modified_gmt":"2021-08-23T12:10:11","slug":"sol-pico-la-piconera","status":"publish","type":"post","link":"https:\/\/lescincllunes.apuntmedia.es\/index.php\/2021\/03\/04\/sol-pico-la-piconera\/","title":{"rendered":"Sol Pic\u00f3, la piconera"},"content":{"rendered":"\n<p>Reflexi\u00f3 inicial dedicada al concepte extret del diccionari dels sentiments de <em>Les cinc llunes<\/em>, <em>avinen\u00e7a<\/em>. Harmonia en tots els aspectes. Comptem amb el testimoni de la ballarina i core\u00f2grafa\u00a0<strong>Sol Pic\u00f3<\/strong>, qui ens defineix qu\u00e8 \u00e9s la dansa per a ella i celebra amb nosaltres l\u2019exist\u00e8ncia de <em>Les cinc llunes<\/em>.<\/p>\n\n\n\n<div style=\"max-width: 960px;\"><video-js data-account=\"6057955885001\" data-player=\"kxOJQ6zBrc\" data-embed=\"default\" controls=\"\" data-video-id=\"1697824182127898107\" data-playlist-id=\"\" data-application-id=\"\" class=\"vjs-fluid\"><\/video-js><\/div><script src=\"https:\/\/players.brightcove.net\/6057955885001\/kxOJQ6zBrc_default\/index.min.js\"><\/script>\n","protected":false},"excerpt":{"rendered":"<p>Reflexi\u00f3 inicial dedicada al concepte extret del diccionari dels sentiments de Les cinc llunes, avinen\u00e7a. Harmonia en tots els aspectes. Comptem amb el testimoni de la ballarina i core\u00f2grafa Sol Pic\u00f3, qui ens defineix qu\u00e8 \u00e9s la dansa per a ella i celebra amb nosaltres l\u2019exist\u00e8ncia de Les cinc llunes.<\/p>\n","protected":false},"author":1,"featured_media":0,"comment_status":"closed","ping_status":"closed","sticky":false,"template":"","format":"standard","meta":{"footnotes":""},"categories":[9,25],"tags":[],"class_list":["post-812","post","type-post","status-publish","format-standard","hentry","category-fora-dorbita","category-lobservatori"],"yoast_head":"<!-- This site is optimized with the Yoast SEO plugin v15.9 - https:\/\/yoast.com\/wordpress\/plugins\/seo\/ -->\n<title>Sol Pic\u00f3, la piconera - Les cinc llunes<\/title>\n<meta name=\"robots\" content=\"index, follow, max-snippet:-1, max-image-preview:large, max-video-preview:-1\" \/>\n<link rel=\"canonical\" href=\"https:\/\/lescincllunes.apuntmedia.es\/index.php\/2021\/03\/04\/sol-pico-la-piconera\/\" \/>\n<meta property=\"og:locale\" content=\"ca_ES\" \/>\n<meta property=\"og:type\" content=\"article\" \/>\n<meta property=\"og:title\" content=\"Sol Pic\u00f3, la piconera - Les cinc llunes\" \/>\n<meta property=\"og:description\" content=\"Reflexi\u00f3 inicial dedicada al concepte extret del diccionari dels sentiments de Les cinc llunes, avinen\u00e7a. Harmonia en tots els aspectes. Comptem amb el testimoni de la ballarina i core\u00f2grafa Sol Pic\u00f3, qui ens defineix qu\u00e8 \u00e9s la dansa per a ella i celebra amb nosaltres l\u2019exist\u00e8ncia de Les cinc llunes.\" \/>\n<meta property=\"og:url\" content=\"https:\/\/lescincllunes.apuntmedia.es\/index.php\/2021\/03\/04\/sol-pico-la-piconera\/\" \/>\n<meta property=\"og:site_name\" content=\"Les cinc llunes\" \/>\n<meta property=\"article:publisher\" content=\"https:\/\/www.facebook.com\/lescincllunes\" \/>\n<meta property=\"article:published_time\" content=\"2021-03-04T21:56:44+00:00\" \/>\n<meta property=\"article:modified_time\" content=\"2021-08-23T12:10:11+00:00\" \/>\n<meta name=\"twitter:card\" content=\"summary_large_image\" \/>\n<meta name=\"twitter:creator\" content=\"@lescincllunes\" \/>\n<meta name=\"twitter:site\" content=\"@lescincllunes\" \/>\n<meta name=\"twitter:label1\" content=\"Temps estimat de lectura\">\n\t<meta name=\"twitter:data1\" content=\"1 minut\">\n<script type=\"application\/ld+json\" class=\"yoast-schema-graph\">{\"@context\":\"https:\/\/schema.org\",\"@graph\":[{\"@type\":\"WebSite\",\"@id\":\"https:\/\/lescincllunes.apuntmedia.es\/#website\",\"url\":\"https:\/\/lescincllunes.apuntmedia.es\/\",\"name\":\"Les cinc llunes\",\"description\":\"Un podcast de cultura radial\",\"potentialAction\":[{\"@type\":\"SearchAction\",\"target\":\"https:\/\/lescincllunes.apuntmedia.es\/?s={search_term_string}\",\"query-input\":\"required name=search_term_string\"}],\"inLanguage\":\"ca\"},{\"@type\":\"WebPage\",\"@id\":\"https:\/\/lescincllunes.apuntmedia.es\/index.php\/2021\/03\/04\/sol-pico-la-piconera\/#webpage\",\"url\":\"https:\/\/lescincllunes.apuntmedia.es\/index.php\/2021\/03\/04\/sol-pico-la-piconera\/\",\"name\":\"Sol Pic\\u00f3, la piconera - Les cinc llunes\",\"isPartOf\":{\"@id\":\"https:\/\/lescincllunes.apuntmedia.es\/#website\"},\"datePublished\":\"2021-03-04T21:56:44+00:00\",\"dateModified\":\"2021-08-23T12:10:11+00:00\",\"author\":{\"@id\":\"https:\/\/lescincllunes.apuntmedia.es\/#\/schema\/person\/f8e959baa4607fac92352114336d23bd\"},\"breadcrumb\":{\"@id\":\"https:\/\/lescincllunes.apuntmedia.es\/index.php\/2021\/03\/04\/sol-pico-la-piconera\/#breadcrumb\"},\"inLanguage\":\"ca\",\"potentialAction\":[{\"@type\":\"ReadAction\",\"target\":[\"https:\/\/lescincllunes.apuntmedia.es\/index.php\/2021\/03\/04\/sol-pico-la-piconera\/\"]}]},{\"@type\":\"BreadcrumbList\",\"@id\":\"https:\/\/lescincllunes.apuntmedia.es\/index.php\/2021\/03\/04\/sol-pico-la-piconera\/#breadcrumb\",\"itemListElement\":[{\"@type\":\"ListItem\",\"position\":1,\"item\":{\"@type\":\"WebPage\",\"@id\":\"https:\/\/lescincllunes.apuntmedia.es\/\",\"url\":\"https:\/\/lescincllunes.apuntmedia.es\/\",\"name\":\"Inici\"}},{\"@type\":\"ListItem\",\"position\":2,\"item\":{\"@type\":\"WebPage\",\"@id\":\"https:\/\/lescincllunes.apuntmedia.es\/index.php\/2021\/03\/04\/sol-pico-la-piconera\/\",\"url\":\"https:\/\/lescincllunes.apuntmedia.es\/index.php\/2021\/03\/04\/sol-pico-la-piconera\/\",\"name\":\"Sol Pic\\u00f3, la piconera\"}}]},{\"@type\":\"Person\",\"@id\":\"https:\/\/lescincllunes.apuntmedia.es\/#\/schema\/person\/f8e959baa4607fac92352114336d23bd\",\"name\":\"admin\",\"image\":{\"@type\":\"ImageObject\",\"@id\":\"https:\/\/lescincllunes.apuntmedia.es\/#personlogo\",\"inLanguage\":\"ca\",\"url\":\"https:\/\/secure.gravatar.com\/avatar\/dcd85d3d685af586f211eb122e24b51bd5be615b2e57181f1910a74104899533?s=96&d=mm&r=g\",\"caption\":\"admin\"},\"sameAs\":[\"https:\/\/lescincllunes.apuntmedia.es\"]}]}<\/script>\n<!-- \/ Yoast SEO plugin. -->","_links":{"self":[{"href":"https:\/\/lescincllunes.apuntmedia.es\/index.php\/wp-json\/wp\/v2\/posts\/812","targetHints":{"allow":["GET"]}}],"collection":[{"href":"https:\/\/lescincllunes.apuntmedia.es\/index.php\/wp-json\/wp\/v2\/posts"}],"about":[{"href":"https:\/\/lescincllunes.apuntmedia.es\/index.php\/wp-json\/wp\/v2\/types\/post"}],"author":[{"embeddable":true,"href":"https:\/\/lescincllunes.apuntmedia.es\/index.php\/wp-json\/wp\/v2\/users\/1"}],"replies":[{"embeddable":true,"href":"https:\/\/lescincllunes.apuntmedia.es\/index.php\/wp-json\/wp\/v2\/comments?post=812"}],"version-history":[{"count":5,"href":"https:\/\/lescincllunes.apuntmedia.es\/index.php\/wp-json\/wp\/v2\/posts\/812\/revisions"}],"predecessor-version":[{"id":2704,"href":"https:\/\/lescincllunes.apuntmedia.es\/index.php\/wp-json\/wp\/v2\/posts\/812\/revisions\/2704"}],"wp:attachment":[{"href":"https:\/\/lescincllunes.apuntmedia.es\/index.php\/wp-json\/wp\/v2\/media?parent=812"}],"wp:term":[{"taxonomy":"category","embeddable":true,"href":"https:\/\/lescincllunes.apuntmedia.es\/index.php\/wp-json\/wp\/v2\/categories?post=812"},{"taxonomy":"post_tag","embeddable":true,"href":"https:\/\/lescincllunes.apuntmedia.es\/index.php\/wp-json\/wp\/v2\/tags?post=812"}],"curies":[{"name":"wp","href":"https:\/\/api.w.org\/{rel}","templated":true}]}}