{"id":9,"date":"2021-08-02T17:00:57","date_gmt":"2021-08-02T17:00:57","guid":{"rendered":"https:\/\/lescincllunes.apuntmedia.es\/?p=9"},"modified":"2021-08-02T19:16:13","modified_gmt":"2021-08-02T19:16:13","slug":"capitol-1-perenne","status":"publish","type":"post","link":"https:\/\/lescincllunes.apuntmedia.es\/index.php\/2021\/08\/02\/capitol-1-perenne\/","title":{"rendered":"Cap\u00edtol 1 &#8211; Perenne"},"content":{"rendered":"\n<div style=\"max-width: 960px;\"><video-js data-account=\"6057955885001\" data-player=\"kxOJQ6zBrc\" data-embed=\"default\" controls=\"\" data-video-id=\"1693297570330092924\" data-playlist-id=\"\" data-application-id=\"\" class=\"vjs-fluid\"><\/video-js><\/div>\n\n\n\n<p><\/p>\n\n\n\n<div class=\"wp-block-image\"><figure class=\"aligncenter size-full\"><img fetchpriority=\"high\" decoding=\"async\" width=\"1000\" height=\"151\" src=\"https:\/\/lescincllunes.apuntmedia.es\/wp-content\/uploads\/2021\/03\/BannerCIRC.jpg\" alt=\"\" class=\"wp-image-43\" srcset=\"https:\/\/lescincllunes.apuntmedia.es\/wp-content\/uploads\/2021\/03\/BannerCIRC.jpg 1000w, https:\/\/lescincllunes.apuntmedia.es\/wp-content\/uploads\/2021\/03\/BannerCIRC-300x45.jpg 300w, https:\/\/lescincllunes.apuntmedia.es\/wp-content\/uploads\/2021\/03\/BannerCIRC-768x116.jpg 768w\" sizes=\"(max-width: 1000px) 100vw, 1000px\" \/><\/figure><\/div>\n\n\n\n<p>En aquest primer episodi ens endinsem en l\u2019univers de <strong><em>Perenne<\/em><\/strong>, la primera producci\u00f3 p\u00fablica de circ contemporani per a adults de l\u2019<strong>Institut Valenci\u00e0 de Cultura<\/strong>. <em>Perenne <\/em>\u00e9s circ, per\u00f2 tamb\u00e9 \u00e9s teatre i \u00e9s m\u00fasica en directe, aix\u00ed com una posada en escena molt cinematogr\u00e0fica. Una ocasi\u00f3 excepcional per a fer un recorregut transversal per gaireb\u00e9 totes les nostres llunes.<\/p>\n\n\n\n<iframe src=\"https:\/\/www.facebook.com\/plugins\/video.php?height=400&amp;href=https%3A%2F%2Fwww.facebook.com%2FTeatreRialtoValencia%2Fvideos%2F702625433728484%2F&amp;show_text=false&amp;width=700\" width=\"700\" height=\"400\" style=\"border:none;overflow:hidden\" scrolling=\"no\" frameborder=\"0\" allowfullscreen=\"true\" allow=\"autoplay; clipboard-write; encrypted-media; picture-in-picture; web-share\"><\/iframe>\n\n\n\n<p><\/p>\n\n\n\n<p><em>Perenne<\/em> \u00e9s clown, acrob\u00e0cia terrestre i a\u00e8ria. \u00c9s trapezi, c\u00e8rcol i corda llisa. Per\u00f2 tamb\u00e9 \u00e9s equilibri, malabars, hula-hoops i antipodisme. Una bateria <em>rock star<\/em> que canta i diu mon\u00f2legs. I un homenatge als artistes de circ d\u2019ahir, de hui i de dem\u00e0. <strong>Olga Osuna<\/strong>, assistent de direcci\u00f3 de l&#8217;espectacle, ens explica m\u00e9s detalls.<\/p>\n\n\n\n<iframe src=\"https:\/\/www.facebook.com\/plugins\/video.php?height=400&amp;href=https%3A%2F%2Fwww.facebook.com%2FTeatreRialtoValencia%2Fvideos%2F1054018591711592%2F&amp;show_text=false&amp;width=700\" width=\"700\" height=\"400\" style=\"border:none;overflow:hidden\" scrolling=\"no\" frameborder=\"0\" allowfullscreen=\"true\" allow=\"autoplay; clipboard-write; encrypted-media; picture-in-picture; web-share\"><\/iframe>\n\n\n\n<p><\/p>\n\n\n\n<p><em>Perenne<\/em> parla de l\u2019amor, del pas del temps i de la vellesa. No debades, un dels aspectes m\u00e9s interessants de l\u2019obra \u00e9s el seu elenc intergeneracional d\u2019artistes, amb un ampli ventall d\u2019edats que van des dels vint anys fins als setanta. El cas m\u00e9s paradigm\u00e0tic d\u2019aix\u00f2 \u00e9s el de <strong>Tinga Tinga<\/strong>, nom art\u00edstic de <strong>Miguel \u00c1ngel Fern\u00e1ndez<\/strong>, un clown i acr\u00f2bata de <strong>75 anys d&#8217;edat<\/strong>, natural de l\u2019Argentina i amb una llarga traject\u00f2ria al m\u00f3n del circ. A continuaci\u00f3 podem veure un fragment de l\u2019obra en el qual fa un exercici sorprenent, acompanyat del seu company <strong>H\u00e8ctor Rodr\u00edguez<\/strong>.<\/p>\n\n\n\n<div style=\"max-width: 960px;\"><video-js data-account=\"6057955885001\" data-player=\"kxOJQ6zBrc\" data-embed=\"default\" controls=\"\" data-video-id=\"1693758734275087398\" data-playlist-id=\"\" data-application-id=\"\" class=\"vjs-fluid\"><\/video-js><\/div>\n\n\n\n<p><\/p>\n\n\n\n<p>El duo veter\u00e0 de <em>Perenne <\/em>el completa <strong><em>\u00c1frica Cuba<\/em><\/strong>, l&#8217;\u00e0lies a l&#8217;escena de <strong>Mar\u00eda Josefa Borrego<\/strong>, una int\u00e8rpret nascuda a l\u2019Havana l\u2019any 1966 i formada a la prestigiosa Escola Nacional de Circ de Cuba. En el seu mon\u00f2leg tracta amb humor i ironia un dels temes principals de l\u2019obra: la por a envellir, a la soledat, a la mort.<\/p>\n\n\n\n<div style=\"max-width: 960px;\"><video-js data-account=\"6057955885001\" data-player=\"kxOJQ6zBrc\" data-embed=\"default\" controls=\"\" data-video-id=\"1693758999125485920\" data-playlist-id=\"\" data-application-id=\"\" class=\"vjs-fluid\"><\/video-js><\/div>\n\n\n\n<p><\/p>\n\n\n\n<p>El seu \u00e9s el cas d\u2019una artista polifac\u00e8tica que ha girat literalment per mig m\u00f3n, per\u00f2 que amb l\u2019arribada de la maduresa veu les oportunitats redu\u00efdes. Per aix\u00f2, ha de conviure, sovint, amb la precarietat. D\u2019aix\u00f2 en parla tamb\u00e9 al seu soliloqui, barrejant realitat i ficci\u00f3.<\/p>\n\n\n\n<div style=\"max-width: 960px;\"><video-js data-account=\"6057955885001\" data-player=\"kxOJQ6zBrc\" data-embed=\"default\" controls=\"\" data-video-id=\"1693758997879712010\" data-playlist-id=\"\" data-application-id=\"\" class=\"vjs-fluid\"><\/video-js><\/div>\n\n\n\n<p><\/p>\n\n\n\n<p>En l\u2019altra banda de l\u2019espectre trobem <strong>Carmen D\u00edaz<\/strong>, una jove actriu i m\u00fasica, qui amb la seua bateria condueix el fil narratiu i r\u00edtmic de l\u2019obra i connecta les diferents peces de circ. Carmen ens conta que un dels seus reptes era tocar el seu instrument mentre interpretava diferents mon\u00f2legs per damunt. En el v\u00eddeo seg\u00fcent en podem veure un fragment, acompanyada per dos dels seus companys: <strong>H\u00e8ctor Rodr\u00edguez<\/strong> a la guitarra i <strong>Lorena Marciana<\/strong> a les palmes.<\/p>\n\n\n\n<div style=\"max-width: 960px;\"><video-js data-account=\"6057955885001\" data-player=\"kxOJQ6zBrc\" data-embed=\"default\" controls=\"\" data-video-id=\"1693758996425401356\" data-playlist-id=\"\" data-application-id=\"\" class=\"vjs-fluid\"><\/video-js><\/div>\n\n\n\n<p><\/p>\n\n\n\n<p><\/p>\n\n\n\n<div class=\"wp-block-image\"><figure class=\"aligncenter size-full\"><img decoding=\"async\" width=\"1000\" height=\"151\" src=\"https:\/\/lescincllunes.apuntmedia.es\/wp-content\/uploads\/2021\/03\/BannerCINEMA.jpg\" alt=\"\" class=\"wp-image-42\" srcset=\"https:\/\/lescincllunes.apuntmedia.es\/wp-content\/uploads\/2021\/03\/BannerCINEMA.jpg 1000w, https:\/\/lescincllunes.apuntmedia.es\/wp-content\/uploads\/2021\/03\/BannerCINEMA-300x45.jpg 300w, https:\/\/lescincllunes.apuntmedia.es\/wp-content\/uploads\/2021\/03\/BannerCINEMA-768x116.jpg 768w\" sizes=\"(max-width: 1000px) 100vw, 1000px\" \/><\/figure><\/div>\n\n\n\n<p>Els carrers d\u2019una Val\u00e8ncia de principis del segle XX abarrotats de gent. Un batall\u00f3 de cavalleria marxant amb elegants homes uniformats. Tres dones amb pamela llancen flors des d\u2019una carrossa. S\u00f3n alguns dels protagonistes de la joia f\u00edlmica <em>Batalla de flors<\/em>, de 1905. Una pel\u00b7l\u00edcula muda, acolorida i conservada a la Filmoteca, amb m\u00e9s de <strong>115 anys d\u2019edat<\/strong>.<\/p>\n\n\n\n<div style=\"max-width: 960px;\"><video-js data-account=\"6057955885001\" data-player=\"kxOJQ6zBrc\" data-embed=\"default\" controls=\"\" data-video-id=\"1693758995114590958\" data-playlist-id=\"\" data-application-id=\"\" class=\"vjs-fluid\"><\/video-js><\/div>\n\n\n\n<p><\/p>\n\n\n\n<p>La lluna de cinema d\u2019aquest episodi d\u2019estrena ens proposa una visita a la Filmoteca, la instituci\u00f3 cinematogr\u00e0fica valenciana per excel\u00b7l\u00e8ncia. Amb <strong>Saray Puchades,<\/strong> fem un recorregut pels diferents departaments i les seus on es conserva, restaura, cataloga i divulga l\u2019extens i variat patrimoni audiovisual valenci\u00e0.<\/p>\n\n\n\n<div class=\"wp-block-image\"><figure class=\"aligncenter size-full\"><img decoding=\"async\" width=\"750\" height=\"1000\" src=\"https:\/\/lescincllunes.apuntmedia.es\/wp-content\/uploads\/2021\/03\/Edificio_de_la_Filmoteca_Rialto.jpg\" alt=\"\" class=\"wp-image-59\" srcset=\"https:\/\/lescincllunes.apuntmedia.es\/wp-content\/uploads\/2021\/03\/Edificio_de_la_Filmoteca_Rialto.jpg 750w, https:\/\/lescincllunes.apuntmedia.es\/wp-content\/uploads\/2021\/03\/Edificio_de_la_Filmoteca_Rialto-225x300.jpg 225w\" sizes=\"(max-width: 750px) 100vw, 750px\" \/><\/figure><\/div>\n\n\n\n<p><strong>L\u2019edifici Rialto<\/strong>, situat a la pla\u00e7a de l\u2019Ajuntament de Val\u00e8ncia, \u00e9s un edifici hist\u00f2ric constru\u00eft l\u2019any 1935 i seu principal de la Filmoteca. Acull la Direcci\u00f3 Adjunta d\u2019Audiovisuals i Cinematografia, la sala Berlanga per a <a href=\"https:\/\/ivc.gva.es\/val\/audiovisual\/programacio\/valencia-la-filmoteca\">projeccions, cicles, confer\u00e8ncies<\/a>, etc, aix\u00ed com el Teatre Rialto, antic cinema, i una rica <a href=\"https:\/\/ivc.gva.es\/val\/ivc-val\/programacio-ivc\/teatre-rialto-de-valencia\">programaci\u00f3<\/a><a href=\"https:\/\/ivc.gva.es\/val\/ivc-val\/programacio-ivc\/teatre-rialto-de-valencia\" target=\"_blank\" rel=\"noreferrer noopener\"> cultural<\/a> de tota classe.<\/p>\n\n\n\n<iframe src=\"https:\/\/www.google.com\/maps\/embed?pb=!1m18!1m12!1m3!1d1539.964098672623!2d-0.3770063626255808!3d39.47095079739455!2m3!1f0!2f0!3f0!3m2!1i1024!2i768!4f13.1!3m3!1m2!1s0xd604f4c97d45e31%3A0x45a7f1d01e2f4b26!2sLa%20Filmoteca!5e0!3m2!1ses!2ses!4v1612346503153!5m2!1ses!2ses\" width=\"1000\" height=\"200\" frameborder=\"0\" style=\"border:0;\" allowfullscreen=\"\" aria-hidden=\"false\" tabindex=\"0\"><\/iframe>\n\n\n\n<p><\/p>\n\n\n\n<p>El <strong><strong>Centre de Documentaci\u00f3 Cinematogr\u00e0fica i Audiovisual de l\u2019Institut Valenci\u00e0 de Cultura<\/strong><\/strong> es troba al barri de Benimaclet, i disposa d\u2019un servei de consulta i pr\u00e9stec d\u2019una gran quantitat de refer\u00e8ncies, indexades en el <a href=\"http:\/\/www.documentacionfilmoteca.com\/\" target=\"_blank\" rel=\"noreferrer noopener\">cat\u00e0leg en l\u00ednia<\/a> de la seua biblioteca, la tercera m\u00e9s important d\u2019Espanya especialitzada en esta tem\u00e0tica.<\/p>\n\n\n\n<iframe src=\"https:\/\/www.google.com\/maps\/embed?pb=!1m18!1m12!1m3!1d3662.254545061354!2d-0.35930494379002326!3d39.478890215195335!2m3!1f0!2f0!3f0!3m2!1i1024!2i768!4f13.1!3m3!1m2!1s0xd6048a21b63e20f%3A0xf455ee80f70592e2!2sCentro%20de%20Documentaci%C3%B3n%20Cinematogr%C3%A1fica.%20INSTITUTO%20VALENCIANO%20DE%20CULTURA!5e0!3m2!1ses!2ses!4v1612346880464!5m2!1ses!2ses\" width=\"1000\" height=\"200\" frameborder=\"0\" style=\"border:0;\" allowfullscreen=\"\" aria-hidden=\"false\" tabindex=\"0\"><\/iframe>\n\n\n\n<p><\/p>\n\n\n\n<p>Per la seua banda, l\u2019<strong>Arxiu F\u00edlmic<\/strong> est\u00e0 situat al Parc Tecnol\u00f2gic de Paterna, i compta amb un dep\u00f2sit de material audiovisual de formats molt diversos. En el programa parlem amb <strong>Nacho Lahoz<\/strong> i <strong>Inma Trull<\/strong>, caps de Conservaci\u00f3 i Recuperaci\u00f3 respectivament, entre d\u2019altres responsables de departaments.<\/p>\n\n\n\n<iframe src=\"https:\/\/www.google.com\/maps\/embed?pb=!1m18!1m12!1m3!1d3658.8189102316537!2d-0.45563855357676364!3d39.54409850915157!2m3!1f0!2f0!3f0!3m2!1i1024!2i768!4f13.1!3m3!1m2!1s0xd605b3437ef7705%3A0x83500d51493277a9!2sCarrer%20de%20Leonardo%20da%20Vinci%2C%2020%2C%2046980%20Paterna%2C%20Val%C3%A8ncia!5e0!3m2!1ses!2ses!4v1612347344816!5m2!1ses!2ses\" width=\"1000\" height=\"200\" frameborder=\"0\" style=\"border:0;\" allowfullscreen=\"\" aria-hidden=\"false\" tabindex=\"0\"><\/iframe>\n\n\n\n<p><\/p>\n\n\n\n<p>A m\u00e9s de les principals seus a la ciutat de Val\u00e8ncia, la Filmoteca tamb\u00e9 disposa d&#8217;espais de projecci\u00f3 a Castell\u00f3, al <strong>Paranimf de la Universitat Jaume<\/strong> <strong>I<\/strong> i al <strong>Teatre del Raval<\/strong> de Castell\u00f3; i al <strong>Teatre Arniches<\/strong> d&#8217;Alacant, on sovint es projecten pel\u00b7l\u00edcules i es realitzen esdeveniments de tota&nbsp; mena relacionats amb l&#8217;audiovisual.<\/p>\n\n\n\n<div class=\"wp-block-group\"><div class=\"wp-block-group__inner-container is-layout-flow wp-block-group-is-layout-flow\">\n<div class=\"wp-block-group\"><div class=\"wp-block-group__inner-container is-layout-flow wp-block-group-is-layout-flow\">\n<div class=\"wp-block-columns is-layout-flex wp-container-core-columns-is-layout-9d6595d7 wp-block-columns-is-layout-flex\">\n<div class=\"wp-block-column is-layout-flow wp-block-column-is-layout-flow\" style=\"flex-basis:100%\">\n<div class=\"wp-block-columns is-layout-flex wp-container-core-columns-is-layout-9d6595d7 wp-block-columns-is-layout-flex\">\n<div class=\"wp-block-column is-layout-flow wp-block-column-is-layout-flow\" style=\"flex-basis:33.33%\">\n<iframe src=\"https:\/\/www.google.com\/maps\/embed?pb=!1m18!1m12!1m3!1d3056.565246346898!2d-0.0702853843420721!3d39.99581997941644!2m3!1f0!2f0!3f0!3m2!1i1024!2i768!4f13.1!3m3!1m2!1s0xd5ffe0e8f01a9ab%3A0xb1bc7b697fcbf229!2sParanimf!5e0!3m2!1ses!2ses!4v1612347495083!5m2!1ses!2ses\" width=\"250\" height=\"250\" frameborder=\"0\" style=\"border:0;\" allowfullscreen=\"\" aria-hidden=\"false\" tabindex=\"0\"><\/iframe>\n<\/div>\n\n\n\n<div class=\"wp-block-column is-layout-flow wp-block-column-is-layout-flow\" style=\"flex-basis:33.33%\">\n<iframe src=\"https:\/\/www.google.com\/maps\/embed?pb=!1m18!1m12!1m3!1d764.2222235628576!2d-0.035909270757749155!3d39.98858819871354!2m3!1f0!2f0!3f0!3m2!1i1024!2i768!4f13.1!3m3!1m2!1s0xd5fffd303ebed3b%3A0x359fa54078866141!2sTeatre%20del%20Raval!5e0!3m2!1sca!2ses!4v1620115757074!5m2!1sca!2ses\" width=\"250\" height=\"250\" style=\"border:0;\" allowfullscreen=\"\" loading=\"lazy\"><\/iframe>\n<\/div>\n\n\n\n<div class=\"wp-block-column is-layout-flow wp-block-column-is-layout-flow\" style=\"flex-basis:33.33%\">\n<iframe src=\"https:\/\/www.google.com\/maps\/embed?pb=!1m18!1m12!1m3!1d3129.253649076029!2d-0.49707668438459496!3d38.343110879659896!2m3!1f0!2f0!3f0!3m2!1i1024!2i768!4f13.1!3m3!1m2!1s0xd62364f203da365%3A0x5a77cf16553750ce!2sTeatro%20Arniches!5e0!3m2!1ses!2ses!4v1612348076832!5m2!1ses!2ses\" width=\"250\" height=\"250\" frameborder=\"0\" style=\"border:0;\" allowfullscreen=\"\" aria-hidden=\"false\" tabindex=\"0\"><\/iframe<\/iframe>\n<\/div>\n<\/div>\n\n\n\n<p><\/p>\n<\/div>\n<\/div>\n<\/div><\/div>\n<\/div><\/div>\n\n\n\n<p>En aquesta l\u00ednia de descentralitzaci\u00f3, l\u2019Institut Valenci\u00e0 de Cultura disposa d\u2019un projecte de cooperaci\u00f3 amb els Ajuntaments d\u2019arreu del Pa\u00eds Valenci\u00e0, anomenat <strong>Circuit Cultural Valenci\u00e0<\/strong>. Conformat per m\u00e9s de 80 municipis i algunes de les universitats valencianes de refer\u00e8ncia, l\u2019objectiu \u00e9s programar cinema valenci\u00e0 i altres espectacles culturals en poblacions m\u00e9s xicotetes de manera regular i professional.<\/p>\n\n\n\n<div class=\"wp-block-image\"><figure class=\"aligncenter size-full\"><img loading=\"lazy\" decoding=\"async\" width=\"1024\" height=\"576\" src=\"https:\/\/lescincllunes.apuntmedia.es\/wp-content\/uploads\/2021\/03\/CircuitCulturalValencia-1024x576-1.png\" alt=\"\" class=\"wp-image-51\" srcset=\"https:\/\/lescincllunes.apuntmedia.es\/wp-content\/uploads\/2021\/03\/CircuitCulturalValencia-1024x576-1.png 1024w, https:\/\/lescincllunes.apuntmedia.es\/wp-content\/uploads\/2021\/03\/CircuitCulturalValencia-1024x576-1-300x169.png 300w, https:\/\/lescincllunes.apuntmedia.es\/wp-content\/uploads\/2021\/03\/CircuitCulturalValencia-1024x576-1-768x432.png 768w\" sizes=\"(max-width: 1024px) 100vw, 1024px\" \/><\/figure><\/div>\n\n\n\n<p><\/p>\n\n\n\n<div class=\"wp-block-image\"><figure class=\"aligncenter size-full\"><img loading=\"lazy\" decoding=\"async\" width=\"1000\" height=\"151\" src=\"https:\/\/lescincllunes.apuntmedia.es\/wp-content\/uploads\/2021\/03\/BannerMUSICA.jpg\" alt=\"\" class=\"wp-image-45\" srcset=\"https:\/\/lescincllunes.apuntmedia.es\/wp-content\/uploads\/2021\/03\/BannerMUSICA.jpg 1000w, https:\/\/lescincllunes.apuntmedia.es\/wp-content\/uploads\/2021\/03\/BannerMUSICA-300x45.jpg 300w, https:\/\/lescincllunes.apuntmedia.es\/wp-content\/uploads\/2021\/03\/BannerMUSICA-768x116.jpg 768w\" sizes=\"(max-width: 1000px) 100vw, 1000px\" \/><\/figure><\/div>\n\n\n\n<p>Silenci a l&#8217;auditori. Sons de papers i un lleu murmuri a l&#8217;auditori. Un gest de batuta i comencen a sonar els primers compassos de la c\u00e8lebre Simfonia n\u00famero 5 de Beethoven. Sona la<strong> Jove Orquestra de la Generalitat Valenciana<\/strong>.<\/p>\n\n\n\n<div style=\"max-width: 960px;\"><video-js data-account=\"6057955885001\" data-player=\"kxOJQ6zBrc\" data-embed=\"default\" controls=\"\" data-video-id=\"1693758993552189423\" data-playlist-id=\"\" data-application-id=\"\" class=\"vjs-fluid\"><\/video-js><\/div>\n\n\n\n<p><\/p>\n\n\n\n<p>En la lluna musical d\u2019aquest cap\u00edtol ens endinsem a les partitures de la<strong> Jove Orquestra de la Generalitat Valenciana<\/strong>, creada l\u2019any 1998 amb l\u2019objectiu de complementar la formaci\u00f3 de molts estudiants de conservatori i oferir una primera experi\u00e8ncia semiprofessional a aquells que volen dedicar-s\u2019hi.<\/p>\n\n\n\n<div class=\"wp-block-image\"><figure class=\"aligncenter size-full\"><img loading=\"lazy\" decoding=\"async\" width=\"864\" height=\"576\" src=\"https:\/\/lescincllunes.apuntmedia.es\/wp-content\/uploads\/2021\/03\/FOTO_AlexOltra.jpg\" alt=\"\" class=\"wp-image-77\" srcset=\"https:\/\/lescincllunes.apuntmedia.es\/wp-content\/uploads\/2021\/03\/FOTO_AlexOltra.jpg 864w, https:\/\/lescincllunes.apuntmedia.es\/wp-content\/uploads\/2021\/03\/FOTO_AlexOltra-300x200.jpg 300w, https:\/\/lescincllunes.apuntmedia.es\/wp-content\/uploads\/2021\/03\/FOTO_AlexOltra-768x512.jpg 768w\" sizes=\"(max-width: 864px) 100vw, 864px\" \/><\/figure><\/div>\n\n\n\n<p><\/p>\n\n\n\n<p><strong><strong>Pablo Rus Broseta<\/strong><\/strong> \u00e9s, des de l\u2019any 2017, el director art\u00edstic i pedag\u00f2gic de la Jove Orquestra, la qual la considera una gran oportunitat per a intercanviar experi\u00e8ncies amb altres m\u00fasics i un pas previ a la resta d\u2019orquestres europees de prestigi. A continuaci\u00f3 podem veure\u2019l dirigir els primers compassos de l\u2019obra <em>Una nit a la Muntanya Pelada<\/em>, de Modest M\u00fassorgski, interpretada per la Jove Orquestra al Teatre Rom\u00e0 de Sagunt l\u2019estiu de 2019.<\/p>\n\n\n\n<div style=\"max-width: 960px;\"><video-js data-account=\"6057955885001\" data-player=\"kxOJQ6zBrc\" data-embed=\"default\" controls=\"\" data-video-id=\"1693758991004207824\" data-playlist-id=\"\" data-application-id=\"\" class=\"vjs-fluid\"><\/video-js><\/div>\n\n\n\n<p><\/p>\n\n\n\n<p>Per a afrontar l\u2019exigent repertori que en cada trobada interpreten, la Jove Orquestra compta amb <strong>una plantilla d\u2019un centenar i escaig de m\u00fasics<\/strong>, situats a l\u2019escena en forma de mig arc i amb la distribuci\u00f3 per seccions instrumentals cl\u00e0ssica d\u2019una simf\u00f2nica. Veiem un pl\u00e0nol aproximat de la formaci\u00f3 i algunes de les xifres de la simf\u00f2nica.<\/p>\n\n\n\n<div class=\"wp-block-image\"><figure class=\"aligncenter size-full\"><img loading=\"lazy\" decoding=\"async\" width=\"1024\" height=\"682\" src=\"https:\/\/lescincllunes.apuntmedia.es\/wp-content\/uploads\/2021\/03\/JOGV_Planol-1024x682-1.jpg\" alt=\"\" class=\"wp-image-100\" srcset=\"https:\/\/lescincllunes.apuntmedia.es\/wp-content\/uploads\/2021\/03\/JOGV_Planol-1024x682-1.jpg 1024w, https:\/\/lescincllunes.apuntmedia.es\/wp-content\/uploads\/2021\/03\/JOGV_Planol-1024x682-1-300x200.jpg 300w, https:\/\/lescincllunes.apuntmedia.es\/wp-content\/uploads\/2021\/03\/JOGV_Planol-1024x682-1-768x512.jpg 768w\" sizes=\"(max-width: 1024px) 100vw, 1024px\" \/><\/figure><\/div>\n\n\n\n<div class=\"wp-block-image\"><figure class=\"aligncenter size-full\"><img loading=\"lazy\" decoding=\"async\" width=\"1024\" height=\"682\" src=\"https:\/\/lescincllunes.apuntmedia.es\/wp-content\/uploads\/2021\/03\/JOGV_Xifres-1024x682-1.jpg\" alt=\"\" class=\"wp-image-101\" srcset=\"https:\/\/lescincllunes.apuntmedia.es\/wp-content\/uploads\/2021\/03\/JOGV_Xifres-1024x682-1.jpg 1024w, https:\/\/lescincllunes.apuntmedia.es\/wp-content\/uploads\/2021\/03\/JOGV_Xifres-1024x682-1-300x200.jpg 300w, https:\/\/lescincllunes.apuntmedia.es\/wp-content\/uploads\/2021\/03\/JOGV_Xifres-1024x682-1-768x512.jpg 768w\" sizes=\"(max-width: 1024px) 100vw, 1024px\" \/><\/figure><\/div>\n\n\n\n<p><\/p>\n\n\n\n<p><strong><strong>Marc Garc\u00eda Vitoria<\/strong><\/strong> \u00e9s el compositor resident de la Jove Orquestra. La seua obra <em>Focus, coreographic piece for orchestra<\/em> est\u00e0 escrita d\u2019una manera multidisciplin\u00e0ria, pensada per a ser coreografiada i dansada sobre l\u2019escena. <em>Focus <\/em>parla de la limitada capacitat d\u2019atenci\u00f3 dels joves de la seua generaci\u00f3 i de la incapacitat de&nbsp; centrar-se en una tasca.<\/p>\n\n\n\n<div style=\"max-width: 960px;\"><video-js data-account=\"6057955885001\" data-player=\"kxOJQ6zBrc\" data-embed=\"default\" controls=\"\" data-video-id=\"1693758992261405302\" data-playlist-id=\"\" data-application-id=\"\" class=\"vjs-fluid\"><\/video-js><\/div><script src=\"https:\/\/players.brightcove.net\/6057955885001\/kxOJQ6zBrc_default\/index.min.js\"><\/script>\n\n\n\n<p><\/p>\n\n\n\n<p>A continuaci\u00f3 podeu veure el <em>teaser <\/em>del documental <em>Batega<\/em>, dirigit per <strong>Andreu Garcia<\/strong> i produ\u00eft per <strong>TV ON Producciones<\/strong>, amb el suport de l\u2019<strong>Institut Valenci\u00e0 de Cultura<\/strong> i la participaci\u00f3 d\u2019<strong>\u00c0 Punt M\u00e8dia<\/strong>.<\/p>\n\n\n\n<figure class=\"wp-block-embed aligncenter is-type-video is-provider-vimeo wp-block-embed-vimeo wp-embed-aspect-16-9 wp-has-aspect-ratio\"><div class=\"wp-block-embed__wrapper\">\n<iframe title=\"TRAILER_BATEGA_MASTER_TV_subt\" src=\"https:\/\/player.vimeo.com\/video\/485922993?dnt=1&amp;app_id=122963\" width=\"750\" height=\"422\" frameborder=\"0\" allow=\"autoplay; fullscreen; picture-in-picture\" allowfullscreen><\/iframe>\n<\/div><\/figure>\n\n\n\n<p><\/p>\n\n\n\n<p>Podeu trobar m\u00e9s informaci\u00f3 sobre la <strong>Jove Orquestra<\/strong> al <a href=\"https:\/\/ivc.gva.es\/es\/musica\/quienes-somos-musica\/jove-orquestra-de-la-generalitat-valenciana\" target=\"_blank\" rel=\"noreferrer noopener\">web de l&#8217;IVC<\/a>. Tamb\u00e9 podeu <a rel=\"noreferrer noopener\" href=\"https:\/\/www.llig.gva.es\/va\/cercar?controller=search&amp;orderby=position&amp;orderway=desc&amp;search_query=jove+orquestra&amp;submit_search=\" target=\"_blank\">comprar els seus discos<\/a> des del web de Llibreries de la Generalitat o, si ho preferiu, escoltar-los al seu <a rel=\"noreferrer noopener\" href=\"https:\/\/open.spotify.com\/artist\/3UrO2sgUiOcscSlZ7HuORI?\" target=\"_blank\">perfil d&#8217;Spotify<\/a>.<\/p>\n\n\n\n<iframe src=\"https:\/\/open.spotify.com\/embed\/artist\/3UrO2sgUiOcscSlZ7HuORI\" width=\"700\" height=\"400\" frameborder=\"0\" allowtransparency=\"true\" allow=\"encrypted-media\"><\/iframe>\n\n\n\n<p><\/p>\n\n\n\n<p class=\"has-text-align-right\"><strong>Redacci\u00f3<\/strong>  Cristina Qu\u00edlez, Saray Puchades i Guillem Nicol\u00e0s<br><strong>Producci\u00f3<\/strong>  Estela Mart\u00ednez<br><strong>Assessorament ling\u00fc\u00edstic<\/strong>  Gl\u00f2ria Banyuls<br><strong>Edici\u00f3<\/strong>  Francesc Bosch<br><strong>Realitzaci\u00f3<em>  <\/em><\/strong>Arnau M\u00faria<br><strong>Disseny sonor<\/strong>  Tere N\u00fa\u00f1ez<br><strong>Direcci\u00f3<\/strong>  Am\u00e0lia Garrig\u00f3s<\/p>\n\n\n\n<p class=\"has-text-align-right\"><strong>Continguts multim\u00e8dia<\/strong>  Borja Pons<\/p>\n\n\n\n<p><\/p>\n\n\n\n<div class=\"wp-block-image\"><figure class=\"aligncenter size-full\"><img loading=\"lazy\" decoding=\"async\" width=\"1001\" height=\"179\" src=\"https:\/\/lescincllunes.apuntmedia.es\/wp-content\/uploads\/2021\/03\/LOGOS_Mesa-de-trabajo-1-3.png\" alt=\"\" class=\"wp-image-643\" srcset=\"https:\/\/lescincllunes.apuntmedia.es\/wp-content\/uploads\/2021\/03\/LOGOS_Mesa-de-trabajo-1-3.png 1001w, https:\/\/lescincllunes.apuntmedia.es\/wp-content\/uploads\/2021\/03\/LOGOS_Mesa-de-trabajo-1-3-300x54.png 300w, https:\/\/lescincllunes.apuntmedia.es\/wp-content\/uploads\/2021\/03\/LOGOS_Mesa-de-trabajo-1-3-768x137.png 768w\" sizes=\"(max-width: 1001px) 100vw, 1001px\" \/><\/figure><\/div>\n","protected":false},"excerpt":{"rendered":"<div style=\"max-width: 960px;\"><video-js data-account=\"6057955885001\" data-player=\"kxOJQ6zBrc\" data-embed=\"default\" controls=\"\" data-video-id=\"1693297570330092924\" data-playlist-id=\"\" data-application-id=\"\" class=\"vjs-fluid\"><\/video-js><\/div>\n<p><script src=\"https:\/\/players.brightcove.net\/6057955885001\/kxOJQ6zBrc_default\/index.min.js\"><\/script><\/p>\n","protected":false},"author":1,"featured_media":0,"comment_status":"closed","ping_status":"closed","sticky":false,"template":"","format":"standard","meta":{"footnotes":""},"categories":[4],"tags":[],"class_list":["post-9","post","type-post","status-publish","format-standard","hentry","category-programes-complets"],"yoast_head":"<!-- This site is optimized with the Yoast SEO plugin v15.9 - https:\/\/yoast.com\/wordpress\/plugins\/seo\/ -->\n<title>Cap\u00edtol 1 - Perenne - Les cinc llunes<\/title>\n<meta name=\"robots\" content=\"index, follow, max-snippet:-1, max-image-preview:large, max-video-preview:-1\" \/>\n<link rel=\"canonical\" href=\"https:\/\/lescincllunes.apuntmedia.es\/index.php\/2021\/08\/02\/capitol-1-perenne\/\" \/>\n<meta property=\"og:locale\" content=\"ca_ES\" \/>\n<meta property=\"og:type\" content=\"article\" \/>\n<meta property=\"og:title\" content=\"Cap\u00edtol 1 - Perenne - Les cinc llunes\" \/>\n<meta property=\"og:url\" content=\"https:\/\/lescincllunes.apuntmedia.es\/index.php\/2021\/08\/02\/capitol-1-perenne\/\" \/>\n<meta property=\"og:site_name\" content=\"Les cinc llunes\" \/>\n<meta property=\"article:publisher\" content=\"https:\/\/www.facebook.com\/lescincllunes\" \/>\n<meta property=\"article:published_time\" content=\"2021-08-02T17:00:57+00:00\" \/>\n<meta property=\"article:modified_time\" content=\"2021-08-02T19:16:13+00:00\" \/>\n<meta property=\"og:image\" content=\"https:\/\/lescincllunes.apuntmedia.es\/wp-content\/uploads\/2021\/03\/BannerCIRC.jpg\" \/>\n<meta name=\"twitter:card\" content=\"summary_large_image\" \/>\n<meta name=\"twitter:creator\" content=\"@lescincllunes\" \/>\n<meta name=\"twitter:site\" content=\"@lescincllunes\" \/>\n<meta name=\"twitter:label1\" content=\"Temps estimat de lectura\">\n\t<meta name=\"twitter:data1\" content=\"7 minuts\">\n<script type=\"application\/ld+json\" class=\"yoast-schema-graph\">{\"@context\":\"https:\/\/schema.org\",\"@graph\":[{\"@type\":\"WebSite\",\"@id\":\"https:\/\/lescincllunes.apuntmedia.es\/#website\",\"url\":\"https:\/\/lescincllunes.apuntmedia.es\/\",\"name\":\"Les cinc llunes\",\"description\":\"Un podcast de cultura radial\",\"potentialAction\":[{\"@type\":\"SearchAction\",\"target\":\"https:\/\/lescincllunes.apuntmedia.es\/?s={search_term_string}\",\"query-input\":\"required name=search_term_string\"}],\"inLanguage\":\"ca\"},{\"@type\":\"ImageObject\",\"@id\":\"https:\/\/lescincllunes.apuntmedia.es\/index.php\/2021\/08\/02\/capitol-1-perenne\/#primaryimage\",\"inLanguage\":\"ca\",\"url\":\"https:\/\/lescincllunes.apuntmedia.es\/wp-content\/uploads\/2021\/03\/BannerCIRC.jpg\",\"width\":1000,\"height\":151},{\"@type\":\"WebPage\",\"@id\":\"https:\/\/lescincllunes.apuntmedia.es\/index.php\/2021\/08\/02\/capitol-1-perenne\/#webpage\",\"url\":\"https:\/\/lescincllunes.apuntmedia.es\/index.php\/2021\/08\/02\/capitol-1-perenne\/\",\"name\":\"Cap\\u00edtol 1 - Perenne - Les cinc llunes\",\"isPartOf\":{\"@id\":\"https:\/\/lescincllunes.apuntmedia.es\/#website\"},\"primaryImageOfPage\":{\"@id\":\"https:\/\/lescincllunes.apuntmedia.es\/index.php\/2021\/08\/02\/capitol-1-perenne\/#primaryimage\"},\"datePublished\":\"2021-08-02T17:00:57+00:00\",\"dateModified\":\"2021-08-02T19:16:13+00:00\",\"author\":{\"@id\":\"https:\/\/lescincllunes.apuntmedia.es\/#\/schema\/person\/f8e959baa4607fac92352114336d23bd\"},\"breadcrumb\":{\"@id\":\"https:\/\/lescincllunes.apuntmedia.es\/index.php\/2021\/08\/02\/capitol-1-perenne\/#breadcrumb\"},\"inLanguage\":\"ca\",\"potentialAction\":[{\"@type\":\"ReadAction\",\"target\":[\"https:\/\/lescincllunes.apuntmedia.es\/index.php\/2021\/08\/02\/capitol-1-perenne\/\"]}]},{\"@type\":\"BreadcrumbList\",\"@id\":\"https:\/\/lescincllunes.apuntmedia.es\/index.php\/2021\/08\/02\/capitol-1-perenne\/#breadcrumb\",\"itemListElement\":[{\"@type\":\"ListItem\",\"position\":1,\"item\":{\"@type\":\"WebPage\",\"@id\":\"https:\/\/lescincllunes.apuntmedia.es\/\",\"url\":\"https:\/\/lescincllunes.apuntmedia.es\/\",\"name\":\"Inici\"}},{\"@type\":\"ListItem\",\"position\":2,\"item\":{\"@type\":\"WebPage\",\"@id\":\"https:\/\/lescincllunes.apuntmedia.es\/index.php\/2021\/08\/02\/capitol-1-perenne\/\",\"url\":\"https:\/\/lescincllunes.apuntmedia.es\/index.php\/2021\/08\/02\/capitol-1-perenne\/\",\"name\":\"Cap\\u00edtol 1 &#8211; Perenne\"}}]},{\"@type\":\"Person\",\"@id\":\"https:\/\/lescincllunes.apuntmedia.es\/#\/schema\/person\/f8e959baa4607fac92352114336d23bd\",\"name\":\"admin\",\"image\":{\"@type\":\"ImageObject\",\"@id\":\"https:\/\/lescincllunes.apuntmedia.es\/#personlogo\",\"inLanguage\":\"ca\",\"url\":\"https:\/\/secure.gravatar.com\/avatar\/dcd85d3d685af586f211eb122e24b51bd5be615b2e57181f1910a74104899533?s=96&d=mm&r=g\",\"caption\":\"admin\"},\"sameAs\":[\"https:\/\/lescincllunes.apuntmedia.es\"]}]}<\/script>\n<!-- \/ Yoast SEO plugin. -->","_links":{"self":[{"href":"https:\/\/lescincllunes.apuntmedia.es\/index.php\/wp-json\/wp\/v2\/posts\/9","targetHints":{"allow":["GET"]}}],"collection":[{"href":"https:\/\/lescincllunes.apuntmedia.es\/index.php\/wp-json\/wp\/v2\/posts"}],"about":[{"href":"https:\/\/lescincllunes.apuntmedia.es\/index.php\/wp-json\/wp\/v2\/types\/post"}],"author":[{"embeddable":true,"href":"https:\/\/lescincllunes.apuntmedia.es\/index.php\/wp-json\/wp\/v2\/users\/1"}],"replies":[{"embeddable":true,"href":"https:\/\/lescincllunes.apuntmedia.es\/index.php\/wp-json\/wp\/v2\/comments?post=9"}],"version-history":[{"count":81,"href":"https:\/\/lescincllunes.apuntmedia.es\/index.php\/wp-json\/wp\/v2\/posts\/9\/revisions"}],"predecessor-version":[{"id":2730,"href":"https:\/\/lescincllunes.apuntmedia.es\/index.php\/wp-json\/wp\/v2\/posts\/9\/revisions\/2730"}],"wp:attachment":[{"href":"https:\/\/lescincllunes.apuntmedia.es\/index.php\/wp-json\/wp\/v2\/media?parent=9"}],"wp:term":[{"taxonomy":"category","embeddable":true,"href":"https:\/\/lescincllunes.apuntmedia.es\/index.php\/wp-json\/wp\/v2\/categories?post=9"},{"taxonomy":"post_tag","embeddable":true,"href":"https:\/\/lescincllunes.apuntmedia.es\/index.php\/wp-json\/wp\/v2\/tags?post=9"}],"curies":[{"name":"wp","href":"https:\/\/api.w.org\/{rel}","templated":true}]}}